{"id":270723,"date":"2025-07-24T15:21:16","date_gmt":"2025-07-24T15:21:16","guid":{"rendered":"https:\/\/www.europesays.com\/fr\/270723\/"},"modified":"2025-07-24T15:21:16","modified_gmt":"2025-07-24T15:21:16","slug":"un-ancien-haut-responsable-ukrainien-retrouve-mort-dans-une-piscine-en-espagne-2","status":"publish","type":"post","link":"https:\/\/www.europesays.com\/fr\/270723\/","title":{"rendered":"Un ancien haut responsable ukrainien retrouv\u00e9 mort dans une piscine en Espagne"},"content":{"rendered":"<p>Une mort suspecte est venue perturber la tranquillit\u00e9 du lotissement r\u00e9sidentiel Cala Alta de Villajoyosa (<a href=\"https:\/\/www.20minutes.fr\/dossier\/espagne\" class=\"color-ultramarine c-link\" rel=\"nofollow noopener\" target=\"_blank\">Espagne<\/a>). Le corps sans vie d\u2019un haut fonctionnaire ukrainien\u00a0engag\u00e9 contre le crime organis\u00e9\u00a0a en effet \u00e9t\u00e9 retrouv\u00e9 le 29\u00a0juin dernier dans la piscine de la r\u00e9sidence. Si certains \u00e9l\u00e9ments laissent penser \u00e0 un <a href=\"https:\/\/www.20minutes.fr\/dossier\/accident\" class=\"color-ultramarine c-link\" rel=\"nofollow noopener\" target=\"_blank\">accident<\/a>, une co\u00efncidence appara\u00eet comme particuli\u00e8rement perturbante, comme le rel\u00e8ve le m\u00e9dia local\u00a0<a href=\"https:\/\/www.elespanol.com\/alicante\/20250720\/ucraniano-ahogado-vila-jefe-policia-crimen-murio-urbanizacion-asesinaron-piloto-ruso\/1003743854102_0.html\" rel=\"nofollow noopener\" target=\"_blank\" class=\"color-ultramarine c-link\">El Espa\u00f1ol<\/a>.<\/p>\n<p>Une r\u00e9gion connue de Poutine<\/p>\n<p>Et pour cause\u00a0: c\u2019est dans ce m\u00eame complexe que <a href=\"https:\/\/www.20minutes.fr\/monde\/ukraine\/4077327-20240220-guerre-ukraine-maxim-kouzminov-pilote-helicoptere-russe-deserte-retrouve-mort-espagne\" class=\"color-ultramarine c-link\" rel=\"nofollow noopener\" target=\"_blank\">le pilote russe Maxim Kuzminov, d\u00e9serteur arriv\u00e9 sur place sous une fausse identit\u00e9 ukrainienne, avait \u00e9t\u00e9 tu\u00e9 le 13\u00a0f\u00e9vrier 2024<\/a>. Du reste, la r\u00e9gion est connue par <a href=\"https:\/\/www.20minutes.fr\/monde\/vladimir_poutine\/\" class=\"color-ultramarine c-link\" rel=\"nofollow noopener\" target=\"_blank\">Vladimir Poutine<\/a> en personne, lequel\u00a0avait pris l\u2019habitude d\u2019y passer ses vacances avant la guerre. Ce dernier a-t-il pour autant commandit\u00e9 l\u2019assassinat d\u2019Ihor Hrushevskyi\u00a0? Certains \u00e9l\u00e9ments laissent penser que non.<\/p>\n<p>D\u2019apr\u00e8s le m\u00e9dia local, le d\u00e9funt de 61 ans\u00a0venait d\u2019acheter un appartement dans le complexe afin de le r\u00e9nover. De fait, il \u00e9tait encore inconnu pour la plupart des habitants. Son corps ne pr\u00e9sentait pas de signe de violence, mais saignait d\u2019une oreille. Cela tend \u00e0 renforcer l\u2019hypoth\u00e8se d\u2019un <a href=\"https:\/\/www.20minutes.fr\/dossier\/avc\" class=\"color-ultramarine c-link\" rel=\"nofollow noopener\" target=\"_blank\">AVC<\/a>, consid\u00e9r\u00e9e aujourd\u2019hui comme la plus probable. Les r\u00e9sidents doutent en tout cas qu\u2019il ait pu se noyer dans cette piscine de seulement 1,5\u00a0m de profondeur, bien que le minist\u00e8re des Affaires \u00e9trang\u00e8res ukrainien ait annonc\u00e9 qu\u2019il \u00e9tait mort par <a href=\"https:\/\/www.20minutes.fr\/dossier\/noyade\" class=\"color-ultramarine c-link\" rel=\"nofollow noopener\" target=\"_blank\">noyade<\/a>, comme le rapporte le <a href=\"https:\/\/www.kyivpost.com\/post\/56696\" rel=\"nofollow noopener\" target=\"_blank\" class=\"color-ultramarine c-link\">Kyiv Post<\/a>.<\/p>\n<p>Un fonctionnaire haut plac\u00e9<\/p>\n<p>Le sexag\u00e9naire avait appartenu \u00e0 l\u2019une des unit\u00e9s d\u2019\u00e9lite du <a href=\"https:\/\/www.20minutes.fr\/dossier\/gouvernement\" class=\"color-ultramarine c-link\" rel=\"nofollow noopener\" target=\"_blank\">gouvernement<\/a> ukrainien. Si aucune trace de lui n\u2019existe dans les documents officiels ni dans les sources d\u2019information publiques, une enqu\u00eate plus approfondie a pu montrer qu\u2019il \u00e9tait en\u00a01993 chef et repr\u00e9sentant l\u00e9gal du D\u00e9partement de lutte contre le crime organis\u00e9 du minist\u00e8re de l\u2019Int\u00e9rieur ukrainien dans les r\u00e9gions de Tcherkassy et de Kirovograd.<\/p>\n<\/p>\n<p>Il pourrait ensuite avoir int\u00e9gr\u00e9 la Direction principale de lutte contre le crime organis\u00e9 et la <a href=\"https:\/\/www.20minutes.fr\/dossier\/corruption\" class=\"color-ultramarine c-link\" rel=\"nofollow noopener\" target=\"_blank\">corruption<\/a> rattach\u00e9e aux services secrets ukrainiens. Pour rappel, c\u2019est cette unit\u00e9 qui a repris la plupart des missions du pr\u00e9c\u00e9dent D\u00e9partement apr\u00e8s une vaste r\u00e9forme de la police en\u00a02015. Selon toute vraisemblance, l\u2019homme aurait r\u00e9cemment pris sa retraite et rejoint cette r\u00e9gion tr\u00e8s pris\u00e9e par les communaut\u00e9s\u00a0ukrainienne et russe, dans l\u2019espoir d\u00e9\u00e7u d\u2019y passer ses vieux jours.<\/p>\n","protected":false},"excerpt":{"rendered":"Une mort suspecte est venue perturber la tranquillit\u00e9 du lotissement r\u00e9sidentiel Cala Alta de Villajoyosa (Espagne). Le corps&hellip;\n","protected":false},"author":2,"featured_media":270724,"comment_status":"","ping_status":"","sticky":false,"template":"","format":"standard","meta":{"footnotes":""},"categories":[1590],"tags":[47,11,1067,123,1777,674,118,131,74,12,1072,220],"class_list":{"0":"post-270723","1":"post","2":"type-post","3":"status-publish","4":"format-standard","5":"has-post-thumbnail","7":"category-ukraine","8":"tag-actualite","9":"tag-actualites","10":"tag-enquete","11":"tag-espagne","12":"tag-eu","13":"tag-europe","14":"tag-faits-divers","15":"tag-guerre-en-ukraine","16":"tag-monde","17":"tag-news","18":"tag-police","19":"tag-ukraine"},"share_on_mastodon":{"url":"https:\/\/pubeurope.com\/@fr\/114908894554669980","error":""},"_links":{"self":[{"href":"https:\/\/www.europesays.com\/fr\/wp-json\/wp\/v2\/posts\/270723","targetHints":{"allow":["GET"]}}],"collection":[{"href":"https:\/\/www.europesays.com\/fr\/wp-json\/wp\/v2\/posts"}],"about":[{"href":"https:\/\/www.europesays.com\/fr\/wp-json\/wp\/v2\/types\/post"}],"author":[{"embeddable":true,"href":"https:\/\/www.europesays.com\/fr\/wp-json\/wp\/v2\/users\/2"}],"replies":[{"embeddable":true,"href":"https:\/\/www.europesays.com\/fr\/wp-json\/wp\/v2\/comments?post=270723"}],"version-history":[{"count":0,"href":"https:\/\/www.europesays.com\/fr\/wp-json\/wp\/v2\/posts\/270723\/revisions"}],"wp:featuredmedia":[{"embeddable":true,"href":"https:\/\/www.europesays.com\/fr\/wp-json\/wp\/v2\/media\/270724"}],"wp:attachment":[{"href":"https:\/\/www.europesays.com\/fr\/wp-json\/wp\/v2\/media?parent=270723"}],"wp:term":[{"taxonomy":"category","embeddable":true,"href":"https:\/\/www.europesays.com\/fr\/wp-json\/wp\/v2\/categories?post=270723"},{"taxonomy":"post_tag","embeddable":true,"href":"https:\/\/www.europesays.com\/fr\/wp-json\/wp\/v2\/tags?post=270723"}],"curies":[{"name":"wp","href":"https:\/\/api.w.org\/{rel}","templated":true}]}}