{"id":270728,"date":"2025-07-24T15:24:15","date_gmt":"2025-07-24T15:24:15","guid":{"rendered":"https:\/\/www.europesays.com\/fr\/270728\/"},"modified":"2025-07-24T15:24:15","modified_gmt":"2025-07-24T15:24:15","slug":"sara-dabritz-evoque-un-gout-amer-apres-lelimination-de-lallemagne-face-a-lespagne-en-demi-finales-de-leuro-lequipe","status":"publish","type":"post","link":"https:\/\/www.europesays.com\/fr\/270728\/","title":{"rendered":"Sara D\u00e4britz \u00e9voque un \u00ab go\u00fbt amer \u00bb apr\u00e8s l&#039;\u00e9limination de l&#039;Allemagne face \u00e0 l&#039;Espagne en demi-finales de l&#039;Euro &#8211; L&#039;\u00c9quipe"},"content":{"rendered":"<ol>\n<li><a href=\"https:\/\/news.google.com\/rss\/articles\/CBMi8wFBVV95cUxPQU1iUzR4dDV1dFNmQTd3UXA0R21RS2VmLXR3WUh4eWEwc2tZdWRVUEprWmJ0VFNtRHkzQTVCcC1mYXZmOFlNXzUteXhnR1dLWUdVVDZ3Q3h3cGE2T0t0Y0dxeHZDUUduRXdWSENVSEhxTlhNcTBWYjVlOFYzZUo2UkNVZXIxTTkxcU4tVDBSZEJGWkw0MkdtMDl0MHRtc0padkhNYWswWmhEY0F6ekd5eHR0bHRGVkEtbDRiRFktbEV0TnhabTh5aEpJSXh2YUVTbGRNT1dGX3JJOV94bzZIQzZUQnBUUDl2aFVDVmN2b1NWemc?oc=5\" target=\"_blank\" rel=\"nofollow noopener\">Sara D\u00e4britz \u00e9voque un \u00ab go\u00fbt amer \u00bb apr\u00e8s l&rsquo;\u00e9limination de l&rsquo;Allemagne face \u00e0 l&rsquo;Espagne en demi-finales de l&rsquo;Euro<\/a>&nbsp;&nbsp;L&rsquo;\u00c9quipe<\/li>\n<li><a href=\"https:\/\/news.google.com\/rss\/articles\/CBMi2gFBVV95cUxNY0VodVRRRDVubmVNN200X1g1Q25xV0prd3A4SURWX04tR0J2UHFVUWJHN0ZXN3k1aWxpUUFUcnhfX0Q5N2VrNG00LXFUVjZ4U1lxamFoc2ZzSVAzV2ZRaF92LXdxS205NGx2aGJaaWJEREx0akN2U2Ffd2ZKeHRLTkNvQWVOajljY1Z0aHF1bVE3MHFxYU9YTy04OUROQmd3eExwRE1OVWxsMWF1RWVDaHA0MGZjWTdoWFlMQTJFb3otX2ZqNHNqVmZQeXVDejRfV0kyTHB0OF9iQQ?oc=5\" target=\"_blank\" rel=\"nofollow noopener\">Euro 2025 f\u00e9minin : l\u2019Espagne se qualifie pour sa premi\u00e8re finale continentale<\/a>&nbsp;&nbsp;Le Monde.fr<\/li>\n<li><a href=\"https:\/\/news.google.com\/rss\/articles\/CBMi6wFBVV95cUxNNVJzV0MzQ2hhWTE3dFZyM29QZVJ1Q1N3WGhfV2NUTlVVbDJJSWMwZExDRmd1UkY0T0tTWEJoM3c1T1NHNTN2eUNNeUhnejdKMWlYQlZXQVVEVHljaTJEajhMdU4tRWFXZGZqeklTbWh4cG04Ym14ZzBSWHBDR0dncEw3MDRrWWJCdEpxTUpoNVpxdHRFYkV3OFZ1d3Jmc2c2VDNmenBJallCeEZKVEh1TnFEN0xlZXVGNHliZml3cXBBNHZZeGhsNmI4TmsyYzhITngwbEJHNU1CVHRqVWhNektPVklydlZWaVp30gHwAUFVX3lxTE1mMWFPSDhBSHRSZHc5b0h6Sk5nWnFMZzZVTFRGazhWeExVR0NlVnpzMVRYay1LdnBVa19CYzFNUXdKZWtsZjQ0LU9vTlFHSEN1UnBBVjFEaTlxT1lRQ2tta0lrZDZuMTZxLXBGSHZrRnJlUVYzUTdiOVhPV0l5ZmUzOC1mZi1UZU90SGVpcFFIREhucEdjclZreEIza1RqXzZlSkhHbjRvTHBBY0dwVGx6cWFjRDhORTlBZENNVmdYdjZEXzd2MXV0U0EwSVJfYS0xd3VTWGhJeXc5VDBvcFV2S2dFeGJzWWR4MHVsZXBJbg?oc=5\" target=\"_blank\" rel=\"nofollow noopener\">La c\u00e9l\u00e9bration des Espagnoles fustig\u00e9e par les m\u00e9dias allemands<\/a>&nbsp;&nbsp;Boursorama<\/li>\n<li><a href=\"https:\/\/news.google.com\/rss\/articles\/CBMi5wFBVV95cUxPZThHb1NXZXBzR1l3MjNOUk9vTEI0a3N0SnZmR2c3NU5uSjQ0ODZFaVRrOE9qTjl1Q2R0NEU5SU9YY2lwUFAycTVuY2tqVm0wTDdraEVmbUVsYl9zYmNpaXlsT1VYQXVVaGM0VWpqUDMybV9vV1QtVVhxR3U3ZWdHODJJeU5razQwWE9hY2kyTjdYRl9YeFZfRFYxcm9JY1dPSzZDelI5Y21wV0NpVXFSZTdSTTJrRE9sQnFaQkRmcWtRWHJSMnpXb0ZIM3hRUlhBRGxyNmk4Tlo5c0xlX2t5UGVhMGxuSm8?oc=5\" target=\"_blank\" rel=\"nofollow noopener\">\u00ab On a encore \u00e9crit l&rsquo;histoire \u00bb : Aitana Bonmati apr\u00e8s la victoire de l&rsquo;Espagne en demi-finales de l&rsquo;Euro<\/a>&nbsp;&nbsp;L&rsquo;\u00c9quipe<\/li>\n<li><a href=\"https:\/\/news.google.com\/rss\/articles\/CBMilAJBVV95cUxNMUhsMVd0elFfMVVXc0dpejZUeW1VWDZqSlA5N0cwVWJWQTNNdkJZVm1LSG5mSFA0cUhPSzFRMGlwcG9taGtxS21vd2F6czFab08xSWZuZGVGZ3lmT1pwYTdXSzIwYnhtS0g0SjFUWUlDLU55SWxPbjVKTWxnekJjb2VBanNac0Z2cWt2RVRMODRIbHR3OGFpWXdqb0xYOTczMEJZVDZvcEgxdWh4U3JUZVhicldMQ2JUemNvakdadG9pSHFTZzcyaG40Y3NKc1hIMVgyOTJfN0k3YlJFQmFNdFpjZThERlp5R01wdjVnTHBvYV9HQWxiaXl6aGZRR2RDYjN4c0tkcTNKeUVtdVJYZHptaDI?oc=5\" target=\"_blank\" rel=\"nofollow noopener\">Euro f\u00e9minin 2025: \u00ab\u00a0D\u00e9gradant et injuste\u00a0\u00bb, la presse allemande ne dig\u00e8re pas les c\u00e9l\u00e9brations \u00ab\u00a0humiliantes\u00a0\u00bb des Espagnoles<\/a>&nbsp;&nbsp;RMC Sport<\/li>\n<\/ol>\n","protected":false},"excerpt":{"rendered":"Sara D\u00e4britz \u00e9voque un \u00ab go\u00fbt amer \u00bb apr\u00e8s l&rsquo;\u00e9limination de l&rsquo;Allemagne face \u00e0 l&rsquo;Espagne en demi-finales de&hellip;\n","protected":false},"author":2,"featured_media":270729,"comment_status":"","ping_status":"","sticky":false,"template":"","format":"standard","meta":{"footnotes":""},"categories":[1587],"tags":[11,672,1804,1805,1803,1777,674,1801,12,1802],"class_list":{"0":"post-270728","1":"post","2":"type-post","3":"status-publish","4":"format-standard","5":"has-post-thumbnail","7":"category-allemagne","8":"tag-actualites","9":"tag-allemagne","10":"tag-bundesrepublik-deutschland","11":"tag-de","12":"tag-deutschland","13":"tag-eu","14":"tag-europe","15":"tag-germany","16":"tag-news","17":"tag-republique-federale-dallemagne"},"share_on_mastodon":{"url":"https:\/\/pubeurope.com\/@fr\/114908906430015580","error":""},"_links":{"self":[{"href":"https:\/\/www.europesays.com\/fr\/wp-json\/wp\/v2\/posts\/270728","targetHints":{"allow":["GET"]}}],"collection":[{"href":"https:\/\/www.europesays.com\/fr\/wp-json\/wp\/v2\/posts"}],"about":[{"href":"https:\/\/www.europesays.com\/fr\/wp-json\/wp\/v2\/types\/post"}],"author":[{"embeddable":true,"href":"https:\/\/www.europesays.com\/fr\/wp-json\/wp\/v2\/users\/2"}],"replies":[{"embeddable":true,"href":"https:\/\/www.europesays.com\/fr\/wp-json\/wp\/v2\/comments?post=270728"}],"version-history":[{"count":0,"href":"https:\/\/www.europesays.com\/fr\/wp-json\/wp\/v2\/posts\/270728\/revisions"}],"wp:featuredmedia":[{"embeddable":true,"href":"https:\/\/www.europesays.com\/fr\/wp-json\/wp\/v2\/media\/270729"}],"wp:attachment":[{"href":"https:\/\/www.europesays.com\/fr\/wp-json\/wp\/v2\/media?parent=270728"}],"wp:term":[{"taxonomy":"category","embeddable":true,"href":"https:\/\/www.europesays.com\/fr\/wp-json\/wp\/v2\/categories?post=270728"},{"taxonomy":"post_tag","embeddable":true,"href":"https:\/\/www.europesays.com\/fr\/wp-json\/wp\/v2\/tags?post=270728"}],"curies":[{"name":"wp","href":"https:\/\/api.w.org\/{rel}","templated":true}]}}