{"id":270730,"date":"2025-07-24T15:25:10","date_gmt":"2025-07-24T15:25:10","guid":{"rendered":"https:\/\/www.europesays.com\/fr\/270730\/"},"modified":"2025-07-24T15:25:10","modified_gmt":"2025-07-24T15:25:10","slug":"bercy-veut-unir-un-trio-franco-germano-italien-autour-des-questions-industrielles-europeennes","status":"publish","type":"post","link":"https:\/\/www.europesays.com\/fr\/270730\/","title":{"rendered":"Bercy veut unir un trio franco-germano-italien autour des questions industrielles europ\u00e9ennes"},"content":{"rendered":"<p>&#13;<br \/>\n\tBercy veut f\u00e9d\u00e9rer France, <a href=\"https:\/\/www.usinenouvelle.com\/italie\/\" target=\"_blank\" rel=\"noopener\">Italie<\/a>\u00a0et <a href=\"https:\/\/www.usinenouvelle.com\/allemagne\/\" target=\"_blank\" rel=\"noopener\">Allemagne<\/a>\u00a0autour des questions industrielles europ\u00e9enne dans un contexte de droits de douane et de concurrences internationales accrues. Eric Lombard et Marc Ferracci, respectivement ministres de l\u2019Economie et de l\u2019Industrie, discutent activement avec leurs homologues berlinois et romains pour accorder leurs violons aupr\u00e8s de l\u2019Union europ\u00e9enne. Le rapprochement est pour l\u2019instant plus complet entre les deux flancs des Alpes qu\u2019entre les deux rives du Rhin.<\/p>\n<p>&#13;<br \/>\n\tCr\u00e9er un trio industriel<\/p>\n<p>&#13;<br \/>\n\t\u00abNous sommes persuad\u00e9s que les trois grands pays europ\u00e9ens, qui sont aussi les trois grandes nations industrielles europ\u00e9ennes, et trois fondateurs de la communaut\u00e9 europ\u00e9enne, doivent \u00e9galement orienter les politiques industrielles, afin de permettre \u00e0 notre maison commune de relever les grands d\u00e9fis qui viennent de l&rsquo;int\u00e9rieur ou de l&rsquo;ext\u00e9rieur\u00bb, a affirm\u00e9 le ministre italien de l\u2019Entreprise et du Made in Italy ce jeudi 24 juillet.<\/p>\n<p>&#13;<br \/>\n\tAdolfo Urso s\u2019est exprim\u00e9 \u00e0 la presse aux c\u00f4t\u00e9s des deux ministres fran\u00e7ais \u00e0 l\u2019occasion d\u2019une rencontre \u00e0 Paris. Cette m\u00eame semaine, il a \u00e9galement rencontr\u00e9 Catherine Reiche, son homologue charg\u00e9e de l\u2019\u00e9conomie et de l\u2019\u00e9nergie, tandis que Marc Ferracci a \u00e9chang\u00e9 avec cette derni\u00e8re pour la sixi\u00e8me fois en trois mois.<\/p>\n<p>&#13;<br \/>\n\tL&rsquo;Allemagne moins align\u00e9e<\/p>\n<p>&#13;<br \/>\n\tAu c\u0153ur des \u00e9changes bilat\u00e9raux entre chacune des trois nations, la simplification des normes et la sauvegarde de l\u2019automobile europ\u00e9enne, mais aussi de l\u2019\u00e9nergie, <a href=\"https:\/\/www.usinenouvelle.com\/article\/le-plan-d-action-de-bruxelles-pour-sauver-l-acier-europeen.N2229176\" target=\"_blank\" rel=\"noopener\">de l\u2019acier<\/a>, et de la chimie. Pour demander des politiques de soutiens, notamment pour ces deux derniers secteurs industries, la France a initi\u00e9 vendredi 18 juillet <a href=\"https:\/\/www.usinenouvelle.com\/editorial\/la-france-rallie-dix-pays-a-son-alliance-des-amis-de-l-industrie-lourde-mais-pas-l-allemagne.N2235407\" target=\"_blank\" rel=\"noopener\">une alliance informelle des amis de l\u2019industrie lourde<\/a> rassemblant dix \u00c9tats. L\u2019Italie a suivi le mouvement, mais l\u2019Allemagne ne s\u2019y est pas jointe.<\/p>\n<p>&#13;<br \/>\n\tPareillement, l\u2019Italie s\u2019est engag\u00e9e \u00e0 d\u00e9fendre une pr\u00e9f\u00e9rence europ\u00e9enne pour les march\u00e9s publics aux c\u00f4t\u00e9s de la France aupr\u00e8s de Bruxelles ce 24 juillet. L\u2019Allemagne n\u2019y est pas enti\u00e8rement ferm\u00e9e, mais\u00a0<a href=\"https:\/\/www.usinenouvelle.com\/editorial\/la-france-veut-imposer-la-preference-europeenne-dans-les-appels-d-offres-publics-l-allemagne-reste-frileuse.N2211305\" target=\"_blank\" rel=\"noopener\">y est plus r\u00e9ticente<\/a>.<\/p>\n<p>&#13;<br \/>\n\tEn amont de la rencontre franco-italienne, Bercy avait salu\u00e9 la \u00abconvergence\u00bb des deux \u00e9tats, en appuyant la n\u00e9cessit\u00e9 de \u00abcouples forts, et pas seulement franco-allemand, pour faire avancer les dossiers europ\u00e9ens\u00bb. Pas question pour autant de ne pas embarquer Berlin, \u00able r\u00f4le coordonn\u00e9 de nos trois pays est tr\u00e8s important\u00bb, a insist\u00e9 Eric Lombard.<\/p>\n","protected":false},"excerpt":{"rendered":"&#13; Bercy veut f\u00e9d\u00e9rer France, Italie\u00a0et Allemagne\u00a0autour des questions industrielles europ\u00e9enne dans un contexte de droits de douane&hellip;\n","protected":false},"author":2,"featured_media":270731,"comment_status":"","ping_status":"","sticky":false,"template":"","format":"standard","meta":{"footnotes":""},"categories":[1586],"tags":[11,672,11291,1777,674,1011,27,14,452,12,25],"class_list":{"0":"post-270730","1":"post","2":"type-post","3":"status-publish","4":"format-standard","5":"has-post-thumbnail","7":"category-europe","8":"tag-actualites","9":"tag-allemagne","10":"tag-eco-social","11":"tag-eu","12":"tag-europe","13":"tag-fr","14":"tag-france","15":"tag-international","16":"tag-italie","17":"tag-news","18":"tag-republique-francaise"},"share_on_mastodon":{"url":"https:\/\/pubeurope.com\/@fr\/114908910315335403","error":""},"_links":{"self":[{"href":"https:\/\/www.europesays.com\/fr\/wp-json\/wp\/v2\/posts\/270730","targetHints":{"allow":["GET"]}}],"collection":[{"href":"https:\/\/www.europesays.com\/fr\/wp-json\/wp\/v2\/posts"}],"about":[{"href":"https:\/\/www.europesays.com\/fr\/wp-json\/wp\/v2\/types\/post"}],"author":[{"embeddable":true,"href":"https:\/\/www.europesays.com\/fr\/wp-json\/wp\/v2\/users\/2"}],"replies":[{"embeddable":true,"href":"https:\/\/www.europesays.com\/fr\/wp-json\/wp\/v2\/comments?post=270730"}],"version-history":[{"count":0,"href":"https:\/\/www.europesays.com\/fr\/wp-json\/wp\/v2\/posts\/270730\/revisions"}],"wp:featuredmedia":[{"embeddable":true,"href":"https:\/\/www.europesays.com\/fr\/wp-json\/wp\/v2\/media\/270731"}],"wp:attachment":[{"href":"https:\/\/www.europesays.com\/fr\/wp-json\/wp\/v2\/media?parent=270730"}],"wp:term":[{"taxonomy":"category","embeddable":true,"href":"https:\/\/www.europesays.com\/fr\/wp-json\/wp\/v2\/categories?post=270730"},{"taxonomy":"post_tag","embeddable":true,"href":"https:\/\/www.europesays.com\/fr\/wp-json\/wp\/v2\/tags?post=270730"}],"curies":[{"name":"wp","href":"https:\/\/api.w.org\/{rel}","templated":true}]}}