{"id":270736,"date":"2025-07-24T15:28:25","date_gmt":"2025-07-24T15:28:25","guid":{"rendered":"https:\/\/www.europesays.com\/fr\/270736\/"},"modified":"2025-07-24T15:28:25","modified_gmt":"2025-07-24T15:28:25","slug":"larcher-ecrit-a-bayrou-pour-denoncer-une-atteinte-grave-aux-prerogatives-du-parlement","status":"publish","type":"post","link":"https:\/\/www.europesays.com\/fr\/270736\/","title":{"rendered":"Larcher \u00e9crit \u00e0 Bayrou pour d\u00e9noncer une \u00abatteinte grave aux pr\u00e9rogatives du Parlement\u00bb"},"content":{"rendered":"<p><strong>INFO LE FIGARO <\/strong>&#8211; Le pr\u00e9sident LR du S\u00e9nat a pris la plume pour d\u00e9noncer la position du ministre PS de la D\u00e9centralisation, Fran\u00e7ois Rebsamen. Il l\u2019accuse, au nom de la droite, de ne pas tenir compte des modifications du Conseil d\u2019\u00c9tat dans son projet de loi constitutionnel.<\/p>\n<p class=\"fig-paragraph\">Apr\u00e8s l\u2019annonce par le ministre de la D\u00e9centralisation (Parti Socialiste), Fran\u00e7ois Rebsamen, du soutien au<a href=\"http:\/\/www.lefigaro.fr\/vox\/politique\/autonomie-de-la-corse-a-la-fin-nous-risquons-d-etre-tous-perdants-20240312\" target=\"_blank\" data-fig-type=\"Article\" rel=\"noopener\" data-gtm-custom-categorie=\"navigation\" data-gtm-custom-action=\"crossclick\" data-gtm-custom-label=\"Contextuel\" data-gtm-event=\"customEventSPE\" data-fig-domain=\"LEFIGARO\">\u00a0projet de loi initial de r\u00e9vision constitutionnelle sur la Corse,<\/a>\u00a0sans tenir compte des modifications importantes du Conseil d\u2019\u00c9tat, G\u00e9rard Larcher a pris la plume pour \u00e9crire \u00e0 Fran\u00e7ois Bayrou. En voulant supprimer l\u2019id\u00e9e d\u2019une \u00abcommunaut\u00e9\u00bb corse et de son \u00ablien singulier \u00e0 sa terre\u00bb, tout en refusant la possibilit\u00e9 d\u2019un pouvoir l\u00e9gislatif autonome \u00e0 la collectivit\u00e9 de Corse, le Conseil d\u2019\u00c9tat \u00e9tablit ainsi des amendements que les nationalistes ont, naturellement, jug\u00e9 irrecevables.<\/p>\n<p class=\"fig-paragraph\">Le pr\u00e9sident du S\u00e9nat Les R\u00e9publicains (LR) s\u2019inqui\u00e8te ainsi d\u2019un projet de loi constitutionnelle ouvrant la voie \u00e0 une \u00abCorse autonome au sein de la R\u00e9publique\u00bb.\u00a0Ce processus de r\u00e9vision constitutionnelle,\u00a0<a href=\"https:\/\/www.lefigaro.fr\/politique\/autonomie-de-la-corse-l-accord-annonce-par-gerald-darmanin-ulcere-la-droite-senatoriale-20240312\" target=\"_blank\" data-fig-type=\"Article\" rel=\"noopener\" data-gtm-custom-categorie=\"navigation\" data-gtm-custom-action=\"crossclick\" data-gtm-custom-label=\"Contextuel\" data-gtm-event=\"customEventSPE\" data-fig-domain=\"LEFIGARO\">lanc\u00e9e par G\u00e9rald Darmanin en 2022<\/a>\u00a0(alors ministre de l\u2019Int\u00e9rieur) tandis que l\u2019\u00eele avait connu des violences\u00a0<a href=\"http:\/\/www.lefigaro.fr\/actualite-france\/dossier\/corse-tout-comprendre-sur-la-colere-et-les-revendications\" target=\"_blank\" data-fig-type=\"Topic\" rel=\"noopener\" data-gtm-custom-categorie=\"navigation\" data-gtm-custom-action=\"crossclick\" data-gtm-custom-label=\"Contextuel\" data-gtm-event=\"customEventSPE\" data-fig-domain=\"LEFIGARO\">apr\u00e8s la mort en prison du militant ind\u00e9pendantiste Yvan Colonna<\/a>, doit \u00eatre pr\u00e9sent\u00e9 \u00e0 Emmanuel\u2026<\/p>\n<p class=\"fig-premium-paywall__infos\">\n        Cet article est r\u00e9serv\u00e9 aux abonn\u00e9s.        Il vous reste 76% \u00e0 d\u00e9couvrir.\n    <\/p>\n<p>                <img  data- alt=\"Le Figaro\" class=\"fig-img--complete fig-img\"\/><\/p>\n<p class=\"fig-premium-paywall__title\">Vous avez envie de lire la suite ?<\/p>\n<p class=\"fig-premium-paywall__subtitle\">D\u00e9bloquez tous les articles imm\u00e9diatement.<\/p>\n<p class=\"fig-premium-paywall__connect\">\n                D\u00e9j\u00e0 abonn\u00e9\u00a0?                <a class=\"fig-premium-paywall__connect-link\" href=\"https:\/\/connect.lefigaro.fr\/login?client=horizon_web&amp;type=main&amp;redirect_uri=https%3A%2F%2Fwww.lefigaro.fr%2Fflash-actu%2Fautonomie-de-la-corse-larcher-ecrit-a-bayrou-pour-denoncer-une-atteinte-grave-aux-prerogatives-du-parlement-20250724\" data-js-gtm=\"{&quot;customCategorie&quot;: &quot;conversion&quot;, &quot;customAction&quot;: &quot;before_Landing_Connexion_paywall_auto&quot;, &quot;customLabel&quot;: &quot;bGVmaWdhcm8uZnJfXzFmMDY4OGYxLTAyOTEtNjljOC05YjVhLWY5YTU5MzE2MzdlOF9fTmV3c0ZsYXNo_Autonomie de la Corse\u00a0: Larcher \u00e9crit \u00e0 Bayrou pour d\u00e9noncer une \u00abatteinte grave aux pr\u00e9rogatives du Parlement\u00bb_404&quot;, &quot;customIDSPE&quot;: &quot;bGVmaWdhcm8uZnJfXzFmMDY4OGYxLTAyOTEtNjljOC05YjVhLWY5YTU5MzE2MzdlOF9fTmV3c0ZsYXNo&quot;, &quot;event&quot;: &quot;customEventSPE&quot;}\" target=\"_blank\" rel=\"noopener\"><br \/>\n                    Connectez-vous<br \/>\n                <\/a>\n            <\/p>\n","protected":false},"excerpt":{"rendered":"INFO LE FIGARO &#8211; Le pr\u00e9sident LR du S\u00e9nat a pris la plume pour d\u00e9noncer la position du&hellip;\n","protected":false},"author":2,"featured_media":270737,"comment_status":"","ping_status":"","sticky":false,"template":"","format":"standard","meta":{"footnotes":""},"categories":[2],"tags":[11,11847,2517,1011,27,32399,12,25],"class_list":{"0":"post-270736","1":"post","2":"type-post","3":"status-publish","4":"format-standard","5":"has-post-thumbnail","7":"category-actualites","8":"tag-actualites","9":"tag-bayrou","10":"tag-corse","11":"tag-fr","12":"tag-france","13":"tag-gerard-larcher","14":"tag-news","15":"tag-republique-francaise"},"share_on_mastodon":{"url":"https:\/\/pubeurope.com\/@fr\/114908922149069601","error":""},"_links":{"self":[{"href":"https:\/\/www.europesays.com\/fr\/wp-json\/wp\/v2\/posts\/270736","targetHints":{"allow":["GET"]}}],"collection":[{"href":"https:\/\/www.europesays.com\/fr\/wp-json\/wp\/v2\/posts"}],"about":[{"href":"https:\/\/www.europesays.com\/fr\/wp-json\/wp\/v2\/types\/post"}],"author":[{"embeddable":true,"href":"https:\/\/www.europesays.com\/fr\/wp-json\/wp\/v2\/users\/2"}],"replies":[{"embeddable":true,"href":"https:\/\/www.europesays.com\/fr\/wp-json\/wp\/v2\/comments?post=270736"}],"version-history":[{"count":0,"href":"https:\/\/www.europesays.com\/fr\/wp-json\/wp\/v2\/posts\/270736\/revisions"}],"wp:featuredmedia":[{"embeddable":true,"href":"https:\/\/www.europesays.com\/fr\/wp-json\/wp\/v2\/media\/270737"}],"wp:attachment":[{"href":"https:\/\/www.europesays.com\/fr\/wp-json\/wp\/v2\/media?parent=270736"}],"wp:term":[{"taxonomy":"category","embeddable":true,"href":"https:\/\/www.europesays.com\/fr\/wp-json\/wp\/v2\/categories?post=270736"},{"taxonomy":"post_tag","embeddable":true,"href":"https:\/\/www.europesays.com\/fr\/wp-json\/wp\/v2\/tags?post=270736"}],"curies":[{"name":"wp","href":"https:\/\/api.w.org\/{rel}","templated":true}]}}