{"id":27074,"date":"2025-04-15T17:27:12","date_gmt":"2025-04-15T17:27:12","guid":{"rendered":"https:\/\/www.europesays.com\/fr\/27074\/"},"modified":"2025-04-15T17:27:12","modified_gmt":"2025-04-15T17:27:12","slug":"hanouna-a-mis-le-cap-vers-m6-ses-dirigeants-saluent-un-joueur-dequipe-actualites","status":"publish","type":"post","link":"https:\/\/www.europesays.com\/fr\/27074\/","title":{"rendered":"Hanouna a mis le cap vers M6, ses dirigeants saluent un \u00ab\u00a0joueur d&rsquo;\u00e9quipe\u00a0\u00bb : Actualit\u00e9s"},"content":{"rendered":"<p class=\"lead \">Le projet de Cyril Hanouna pour septembre chez M6 devient plus concret. \u00ab\u00a0La collaboration se passe tr\u00e8s bien\u00a0\u00bb avec l&rsquo;animateur star, un \u00ab\u00a0joueur d&rsquo;\u00e9quipe\u00a0\u00bb, ont assur\u00e9 ses dirigeants \u00e0 des repr\u00e9sentants des journalistes, qui restent sur leurs gardes.<\/p>\n<p class=\"lead \">Les pr\u00e9sidents des soci\u00e9t\u00e9s de journalistes de RTL et M6 avaient demand\u00e9 cette rencontre au plus haut niveau, inquiets de \u00ab\u00a0d\u00e9clarations souvent vindicatives et parfois m\u00e9prisantes\u00a0\u00bb \u00e0 l&rsquo;\u00e9gard de leur groupe par Cyril Hanouna. <\/p>\n<p class=\"lead \">Le roi du clash officiait jusque fin f\u00e9vrier sur la cha\u00eene C8 puis en mars en ligne. Il avait promis avant septembre une \u00ab\u00a0di\u00e8te m\u00e9diatique\u00a0\u00bb et n&rsquo;est plus pr\u00e9sent que sur les ondes. <\/p>\n<p class=\"lead \">\u00ab\u00a0Le travail a officiellement commenc\u00e9\u00a0\u00bb autour de ses deux futures \u00e9missions quotidiennes de divertissement, pour Fun Radio et la cha\u00eene W9, dans le groupe M6, rapportent les repr\u00e9sentants du personnel mardi dans un message interne qu&rsquo;a pu consulter l&rsquo;AFP. <\/p>\n<p class=\"lead \">Si \u00ab\u00a0le choix des chroniqueurs n&rsquo;est pas encore arr\u00eat\u00e9\u00a0\u00bb, \u00ab\u00a0les discussions ont d\u00e9but\u00e9 autour des aspects concrets: d\u00e9cors, lieux de tournage, ligne \u00e9ditoriale\u00a0\u00bb notamment, leur ont pr\u00e9cis\u00e9 mercredi dernier David Larramendy, pr\u00e9sident du groupe, et Herv\u00e9 B\u00e9roud, directeur de l&rsquo;information.<\/p>\n<p class=\"lead \">\u00ab\u00a0Les fondamentaux du projet restent inchang\u00e9s depuis le d\u00e9part: apolitique et sans conflits (&#8230;) La collaboration se passe tr\u00e8s bien, dans le m\u00eame esprit que celui d\u00e9fendu initialement\u00a0\u00bb, leur a-t-il \u00e9t\u00e9 soulign\u00e9. Ainsi \u00ab\u00a0il y a deux postures, croire ou ne pas croire\u00a0\u00bb et \u00ab\u00a0il faudra juger sur pi\u00e8ce\u00a0\u00bb.<\/p>\n<p class=\"lead \">Cyril Hanouna a \u00ab\u00a0une volont\u00e9 affirm\u00e9e de changer de discours\u00a0\u00bb et \u00ab\u00a0l&rsquo;animateur s&rsquo;affiche aujourd&rsquo;hui clairement comme un joueur d&rsquo;\u00e9quipe\u00a0\u00bb, estiment ainsi David Larramendy et Herv\u00e9 B\u00e9roud, selon ces propos rapport\u00e9s.<\/p>\n<p class=\"lead \">Son recrutement constitue \u00ab\u00a0une opportunit\u00e9 strat\u00e9gique majeure, malgr\u00e9 les critiques externes\u00a0\u00bb, \u00ab\u00a0notamment de TF1 ou des partisans de Bollor\u00e9\u00a0\u00bb dont il s&rsquo;est s\u00e9par\u00e9, est-il ajout\u00e9.<\/p>\n<p class=\"lead \">\u00ab\u00a0Des garde-fous sont en place, contractualis\u00e9s (mais confidentiels), et des outils de protection sont pr\u00e9vus pour encadrer le projet\u00a0\u00bb, qui a vocation \u00e0 \u00ab\u00a0g\u00e9n\u00e9rer de l&rsquo;audience\u00a0\u00bb, ont-ils insist\u00e9. <\/p>\n<p class=\"lead \">&#8211; sous haute surveillance &#8211;<\/p>\n<p class=\"lead \">Les journalistes du groupe M6 s&rsquo;\u00e9taient prononc\u00e9s fin janvier \u00e0 une vaste majorit\u00e9 contre son arriv\u00e9e, puis ont dit leur \u00ab\u00a0vigilance\u00a0\u00bb. Figure de la cha\u00eene, Karine Le Marchand a dit aussi rester \u00ab\u00a0vigilante\u00a0\u00bb, apr\u00e8s avoir menac\u00e9 de quitter le groupe.<\/p>\n<p class=\"lead \">D\u00e9but mars, Cyril Hanouna s&rsquo;est d\u00e9j\u00e0 fait recadrer par son futur employeur apr\u00e8s avoir \u00e9gratign\u00e9 un de ses animateurs vedettes, Bruno Guillon. \u00ab\u00a0Ils m&rsquo;ont suppli\u00e9 pour que j&rsquo;aille sur Fun Radio (&#8230;) pour avoir quelqu&rsquo;un qui porte un peu la station (&#8230;) Il n&rsquo;a qu&rsquo;\u00e0 partir Bruno Guillon\u00a0\u00bb, avait-il lanc\u00e9.<\/p>\n<p class=\"lead \">Fin mars lors du festival S\u00e9ries Mania \u00e0 Lille, M. Larramendy avait assur\u00e9 avoir \u00ab\u00a0toute confiance\u00a0\u00bb en Cyril Hanouna, \u00ab\u00a0un talent comme il n&rsquo;en existe quasiment plus en t\u00e9l\u00e9\u00a0\u00bb. <\/p>\n<p class=\"lead \">\u00ab\u00a0C&rsquo;est une personne qui parle \u00e0 tous les publics\u00a0\u00bb, avait expliqu\u00e9 le patron, qui refuse de faire de la t\u00e9l\u00e9 \u00ab\u00a0un quant-\u00e0-soi qui ne parle plus \u00e0 certaines cat\u00e9gories de population\u00a0\u00bb. Dans le pass\u00e9, \u00ab\u00a0il y a eu des d\u00e9rapages, des choses pour lesquelles nous sommes en d\u00e9saccord total\u00a0\u00bb et \u00ab\u00a0on le lui a dit\u00a0\u00bb, avait-il ajout\u00e9. <\/p>\n<p class=\"lead \">Les \u00e9carts de l&rsquo;animateur ont valu un total de 7,6 millions d&rsquo;euros d&rsquo;amende \u00e0 C8. <\/p>\n<p class=\"lead \">La cha\u00eene, dans le giron du milliardaire ultraconservateur Vincent Bollor\u00e9, a cess\u00e9 d&rsquo;\u00e9mettre fin f\u00e9vrier apr\u00e8s le non-renouvellement in\u00e9dit de sa fr\u00e9quence par l&rsquo;Arcom, le r\u00e9gulateur de l&rsquo;audiovisuel. <\/p>\n<p class=\"lead \">Au fil des ann\u00e9es, l&rsquo;\u00e9mission \u00ab\u00a0Touche pas \u00e0 mon poste\u00a0\u00bb (TPMP), anim\u00e9e par Cyril Hanouna, avait pris une tournure de plus en plus politique. <\/p>\n<p class=\"lead \">Soutenu \u00e0 droite et \u00e0 l&rsquo;extr\u00eame droite, boycott\u00e9 \u00e0 gauche, Cyril Hanouna lui-m\u00eame n&rsquo;\u00e9carte pas une candidature \u00e0 l&rsquo;Elys\u00e9e en 2027.<\/p>\n<p class=\"lead \">Selon un sondage Toluna-Harris Interactive sur les \u00ab\u00a0outsiders\u00a0\u00bb potentiels publi\u00e9 lundi par L&rsquo;Opinion, 11% des Fran\u00e7ais indiquent qu\u2019ils pourraient voter pour lui si l&rsquo;\u00e9lection pr\u00e9sidentielle avait lieu dimanche prochain. <\/p>\n<p class=\"lead \">\u00ab\u00a0Ma grande fiert\u00e9 est d&rsquo;\u00eatre devant Cl\u00e9mence Guett\u00e9\u00a0\u00bb de LFI, cr\u00e9dit\u00e9e d&rsquo;un score de 9%, a tacl\u00e9 lundi Cyril Hanouna sur Europe 1, o\u00f9 il pr\u00e9sente une \u00e9mission les apr\u00e8s-midis jusque fin juin. <\/p>\n<p class=\"small font-weight-bold text-gray3 \"> publi\u00e9 le 15 avril \u00e0 17h31, AFP<\/p>\n<p>                             Partager<\/p>\n","protected":false},"excerpt":{"rendered":"Le projet de Cyril Hanouna pour septembre chez M6 devient plus concret. \u00ab\u00a0La collaboration se passe tr\u00e8s bien\u00a0\u00bb&hellip;\n","protected":false},"author":2,"featured_media":27075,"comment_status":"","ping_status":"","sticky":false,"template":"","format":"standard","meta":{"footnotes":""},"categories":[1356],"tags":[1971,58,59,313,1011,27,9555,3848,1825,9556,252,1364],"class_list":{"0":"post-27074","1":"post","2":"type-post","3":"status-publish","4":"format-standard","5":"has-post-thumbnail","7":"category-television","8":"tag-clbrits","9":"tag-divertissement","10":"tag-entertainment","11":"tag-entreprises","12":"tag-fr","13":"tag-france","14":"tag-mdias","15":"tag-partis","16":"tag-radio","17":"tag-tlvision","18":"tag-television","19":"tag-tv"},"share_on_mastodon":{"url":"https:\/\/pubeurope.com\/@fr\/114343159023536590","error":""},"_links":{"self":[{"href":"https:\/\/www.europesays.com\/fr\/wp-json\/wp\/v2\/posts\/27074","targetHints":{"allow":["GET"]}}],"collection":[{"href":"https:\/\/www.europesays.com\/fr\/wp-json\/wp\/v2\/posts"}],"about":[{"href":"https:\/\/www.europesays.com\/fr\/wp-json\/wp\/v2\/types\/post"}],"author":[{"embeddable":true,"href":"https:\/\/www.europesays.com\/fr\/wp-json\/wp\/v2\/users\/2"}],"replies":[{"embeddable":true,"href":"https:\/\/www.europesays.com\/fr\/wp-json\/wp\/v2\/comments?post=27074"}],"version-history":[{"count":0,"href":"https:\/\/www.europesays.com\/fr\/wp-json\/wp\/v2\/posts\/27074\/revisions"}],"wp:featuredmedia":[{"embeddable":true,"href":"https:\/\/www.europesays.com\/fr\/wp-json\/wp\/v2\/media\/27075"}],"wp:attachment":[{"href":"https:\/\/www.europesays.com\/fr\/wp-json\/wp\/v2\/media?parent=27074"}],"wp:term":[{"taxonomy":"category","embeddable":true,"href":"https:\/\/www.europesays.com\/fr\/wp-json\/wp\/v2\/categories?post=27074"},{"taxonomy":"post_tag","embeddable":true,"href":"https:\/\/www.europesays.com\/fr\/wp-json\/wp\/v2\/tags?post=27074"}],"curies":[{"name":"wp","href":"https:\/\/api.w.org\/{rel}","templated":true}]}}