{"id":270740,"date":"2025-07-24T15:30:17","date_gmt":"2025-07-24T15:30:17","guid":{"rendered":"https:\/\/www.europesays.com\/fr\/270740\/"},"modified":"2025-07-24T15:30:17","modified_gmt":"2025-07-24T15:30:17","slug":"championnat-de-france-des-jeunes-pillard-et-kardasik-remportent-la-qualification-u14","status":"publish","type":"post","link":"https:\/\/www.europesays.com\/fr\/270740\/","title":{"rendered":"Championnat de France des Jeunes : Pillard et Kardasik remportent la qualification U14"},"content":{"rendered":"<p>Chez les U12 Filles, la hi\u00e9rarchie \u00e9tablie apr\u00e8s les 36 trous de qualification a \u00e9t\u00e9 encore plus respect\u00e9e que chez les Gar\u00e7ons, puisque les huit premi\u00e8res t\u00eates de s\u00e9rie se sont qualifi\u00e9es pour les 8es de finale ! Sur le parcours du <strong>Montaplan<\/strong>, <strong>Z\u00e9lie Guilloux<\/strong> (Lyon) a gagn\u00e9 5&amp;3, <strong>Safaa Assbai<\/strong> (Cic\u00e9-Blossac) 6&amp;5, <strong>Prune Diguerher<\/strong> (Roncemay) 4&amp;3, <strong>Florence Helson<\/strong> (Terre Blanche) 4&amp;3, <strong>Liliane Binet<\/strong> (Terre Blanche) 3&amp;2, <strong>Mo\u00efra Humbert<\/strong> (L&rsquo;\u00cele d&rsquo;or) 6&amp;4, <strong>Aylin Baudy <\/strong>(Aix-les-Bains) 5&amp;4, et enfin <strong>Sarah Solano<\/strong> (Bourbon) 4&amp;3 !<\/p>\n","protected":false},"excerpt":{"rendered":"Chez les U12 Filles, la hi\u00e9rarchie \u00e9tablie apr\u00e8s les 36 trous de qualification a \u00e9t\u00e9 encore plus respect\u00e9e&hellip;\n","protected":false},"author":2,"featured_media":270741,"comment_status":"","ping_status":"","sticky":false,"template":"","format":"standard","meta":{"footnotes":""},"categories":[1418],"tags":[1011,27,1472,60],"class_list":{"0":"post-270740","1":"post","2":"type-post","3":"status-publish","4":"format-standard","5":"has-post-thumbnail","7":"category-golf","8":"tag-fr","9":"tag-france","10":"tag-golf","11":"tag-sports"},"share_on_mastodon":{"url":"https:\/\/pubeurope.com\/@fr\/114908929905595554","error":""},"_links":{"self":[{"href":"https:\/\/www.europesays.com\/fr\/wp-json\/wp\/v2\/posts\/270740","targetHints":{"allow":["GET"]}}],"collection":[{"href":"https:\/\/www.europesays.com\/fr\/wp-json\/wp\/v2\/posts"}],"about":[{"href":"https:\/\/www.europesays.com\/fr\/wp-json\/wp\/v2\/types\/post"}],"author":[{"embeddable":true,"href":"https:\/\/www.europesays.com\/fr\/wp-json\/wp\/v2\/users\/2"}],"replies":[{"embeddable":true,"href":"https:\/\/www.europesays.com\/fr\/wp-json\/wp\/v2\/comments?post=270740"}],"version-history":[{"count":0,"href":"https:\/\/www.europesays.com\/fr\/wp-json\/wp\/v2\/posts\/270740\/revisions"}],"wp:featuredmedia":[{"embeddable":true,"href":"https:\/\/www.europesays.com\/fr\/wp-json\/wp\/v2\/media\/270741"}],"wp:attachment":[{"href":"https:\/\/www.europesays.com\/fr\/wp-json\/wp\/v2\/media?parent=270740"}],"wp:term":[{"taxonomy":"category","embeddable":true,"href":"https:\/\/www.europesays.com\/fr\/wp-json\/wp\/v2\/categories?post=270740"},{"taxonomy":"post_tag","embeddable":true,"href":"https:\/\/www.europesays.com\/fr\/wp-json\/wp\/v2\/tags?post=270740"}],"curies":[{"name":"wp","href":"https:\/\/api.w.org\/{rel}","templated":true}]}}