{"id":270742,"date":"2025-07-24T15:32:34","date_gmt":"2025-07-24T15:32:34","guid":{"rendered":"https:\/\/www.europesays.com\/fr\/270742\/"},"modified":"2025-07-24T15:32:34","modified_gmt":"2025-07-24T15:32:34","slug":"rugby-scapulaire-jules-gimbert-sengage-avec-le-stade-nicois-pour-4-saisons","status":"publish","type":"post","link":"https:\/\/www.europesays.com\/fr\/270742\/","title":{"rendered":"Rugby Scapulaire &#8211; Jules Gimbert s&rsquo;engage avec le Stade Nicois pour 4 saisons"},"content":{"rendered":"<p>\u00a0<\/p>\n<p>Notre ancien demi de m\u00eal\u00e9e, <strong>Jules Gimbert<\/strong>, qui<br \/>\navait d\u00e9j\u00e0 \u00e9t\u00e9 pr\u00eat\u00e9 par le Stade Fran\u00e7ais au Stade Ni\u00e7ois en cours<br \/>\nde saison pass\u00e9, vient de s\u2019engager sur la dur\u00e9e avec le club<br \/>\nazur\u00e9en. En effet, il rejoint le club de Nationale 1 pour les<br \/>\nquatre prochaines saisons. Il avait disput\u00e9 11 matchs de Pro D2 la<br \/>\nsaison pass\u00e9e dont 10 comme titulaire et inscrit 3 essais.<\/p><\/p>\n","protected":false},"excerpt":{"rendered":"\u00a0 Notre ancien demi de m\u00eal\u00e9e, Jules Gimbert, qui avait d\u00e9j\u00e0 \u00e9t\u00e9 pr\u00eat\u00e9 par le Stade Fran\u00e7ais au&hellip;\n","protected":false},"author":2,"featured_media":270743,"comment_status":"","ping_status":"","sticky":false,"template":"","format":"standard","meta":{"footnotes":""},"categories":[1416],"tags":[1011,27,479,1468,60],"class_list":{"0":"post-270742","1":"post","2":"type-post","3":"status-publish","4":"format-standard","5":"has-post-thumbnail","7":"category-rugby","8":"tag-fr","9":"tag-france","10":"tag-rugby","11":"tag-rugby-football","12":"tag-sports"},"share_on_mastodon":{"url":"https:\/\/pubeurope.com\/@fr\/114908937820264144","error":""},"_links":{"self":[{"href":"https:\/\/www.europesays.com\/fr\/wp-json\/wp\/v2\/posts\/270742","targetHints":{"allow":["GET"]}}],"collection":[{"href":"https:\/\/www.europesays.com\/fr\/wp-json\/wp\/v2\/posts"}],"about":[{"href":"https:\/\/www.europesays.com\/fr\/wp-json\/wp\/v2\/types\/post"}],"author":[{"embeddable":true,"href":"https:\/\/www.europesays.com\/fr\/wp-json\/wp\/v2\/users\/2"}],"replies":[{"embeddable":true,"href":"https:\/\/www.europesays.com\/fr\/wp-json\/wp\/v2\/comments?post=270742"}],"version-history":[{"count":0,"href":"https:\/\/www.europesays.com\/fr\/wp-json\/wp\/v2\/posts\/270742\/revisions"}],"wp:featuredmedia":[{"embeddable":true,"href":"https:\/\/www.europesays.com\/fr\/wp-json\/wp\/v2\/media\/270743"}],"wp:attachment":[{"href":"https:\/\/www.europesays.com\/fr\/wp-json\/wp\/v2\/media?parent=270742"}],"wp:term":[{"taxonomy":"category","embeddable":true,"href":"https:\/\/www.europesays.com\/fr\/wp-json\/wp\/v2\/categories?post=270742"},{"taxonomy":"post_tag","embeddable":true,"href":"https:\/\/www.europesays.com\/fr\/wp-json\/wp\/v2\/tags?post=270742"}],"curies":[{"name":"wp","href":"https:\/\/api.w.org\/{rel}","templated":true}]}}