{"id":270748,"date":"2025-07-24T15:36:21","date_gmt":"2025-07-24T15:36:21","guid":{"rendered":"https:\/\/www.europesays.com\/fr\/270748\/"},"modified":"2025-07-24T15:36:21","modified_gmt":"2025-07-24T15:36:21","slug":"je-me-suis-dit-ok","status":"publish","type":"post","link":"https:\/\/www.europesays.com\/fr\/270748\/","title":{"rendered":"Je me suis dit &lsquo;OK&rsquo;"},"content":{"rendered":"<p>Depuis l&rsquo;\u00e9viction de Christian Horner, <a href=\"https:\/\/fr.motorsport.com\/driver\/max-verstappen\/93029\/\" target=\"_blank\" rel=\"noopener\">Max Verstappen<\/a> ne s&rsquo;\u00e9tait exprim\u00e9 qu&rsquo;\u00e0 travers un bref message post\u00e9 sur les r\u00e9seaux sociaux, \u00e9voquant <a href=\"https:\/\/fr.motorsport.com\/f1\/news\/verstappen-reaction-depart-horner-red-bull\/10740841\/\" target=\"_blank\" rel=\"noopener\">leurs succ\u00e8s communs<\/a>. \u00c0 son arriv\u00e9e sur le circuit de Spa ce jeudi, le N\u00e9erlandais a \u00e9t\u00e9 confront\u00e9 \u00e0 des journalistes curieux de conna\u00eetre le fond de sa pens\u00e9e sur ce changement majeur \u00e0 la t\u00eate de <a href=\"https:\/\/fr.motorsport.com\/team\/red-bull\/553\/\" target=\"_blank\" rel=\"noopener\">Red Bull<\/a>.<\/p>\n<p>Il a fallu pour cela lui tirer les vers du nez avec plusieurs questions, notamment pour lui demander comment il avait \u00e9t\u00e9 inform\u00e9 du d\u00e9part de Horner. \u00ab\u00a0Je ne sais pas, une demi-journ\u00e9e avant\u00a0?\u00a0\u00bb a simplement r\u00e9pondu Verstappen. Interrog\u00e9 \u00e0 deux reprises sur un potentiel \u00ab\u00a0choc\u00a0\u00bb de son c\u00f4t\u00e9, le N\u00e9erlandais est rest\u00e9 placide : \u00ab\u00a0Les actionnaires me l&rsquo;ont dit. J&rsquo;ai une bonne relation avec eux, donc je pense que c&rsquo;est assez normal qu&rsquo;ils informent certaines personnes dans l&rsquo;\u00e9quipe avant que ce soit public. Je pense que c&rsquo;est une pratique classique.\u00a0\u00bb<\/p>\n<p>\u00ab\u00a0Au final, dans ce monde, ce genre de chose peut arriver\u00a0\u00bb, a relativis\u00e9 Verstappen. \u00ab\u00a0Et quand ils me l&rsquo;ont dit, je me suis dit &lsquo;OK&rsquo;. Ce n&rsquo;est pas comme s&rsquo;ils avaient dit &lsquo;C&rsquo;est notre d\u00e9cision&rsquo; et qu&rsquo;ils avaient raccroch\u00e9, on a eu une discussion sur le sujet. Je n&rsquo;ai pas besoin d&rsquo;entrer dans le d\u00e9tail de ce qu&rsquo;ils ont dit mais [j&rsquo;ai dit] &lsquo;OK, si vous pensez que c&rsquo;est la solution, je suis le pilote, vous d\u00e9cidez, et c&rsquo;est comme \u00e7a que cela va se passer&rsquo;.\u00a0\u00bb<\/p>\n<p>Sans v\u00e9ritablement commenter la d\u00e9cision et ses implications, Verstappen a exprim\u00e9 sa confiance en Laurent Mekies, son nouveau patron, et dans les choix faits par la direction de Red Bull. Il assure que ce changement \u00e0 la t\u00eate de l&rsquo;\u00e9quipe n&rsquo;aura \u00ab\u00a0vraiment pas\u00a0\u00bb d&rsquo;influence sur son avenir, et qu&rsquo;il ne \u00ab\u00a0sait pas\u00a0\u00bb si le d\u00e9part de Horner \u00e9tait in\u00e9vitable apr\u00e8s les tensions apparues au d\u00e9but de l&rsquo;ann\u00e9e derni\u00e8re, quand le dirigeant faisait l&rsquo;objet d&rsquo;une enqu\u00eate interne pour comportement inappropri\u00e9.<\/p>\n<p>\u00ab\u00a0Le management et, \u00e9videmment, les actionnaires, ont d\u00e9cid\u00e9 qu&rsquo;ils voulaient un changement et au final, ce sont eux qui g\u00e8rent l&rsquo;\u00e9quipe\u00a0\u00bb, a soulign\u00e9 Verstappen, \u00e9cartant par la m\u00eame occasion l&rsquo;id\u00e9e qu&rsquo;il ait pu \u00eatre impliqu\u00e9 dans cette d\u00e9cision\u00a0: \u00ab\u00a0Je suis le pilote donc quoiqu&rsquo;ils d\u00e9cident, c&rsquo;est dans leur bon droit. Et c&rsquo;est ce qu&rsquo;il s&rsquo;est pass\u00e9 en fait. En m\u00eame temps, si on regarde les 20 ann\u00e9es de Red Bull, je pense que nous avons eu de grandes ann\u00e9es, de grands r\u00e9sultats.\u00a0\u00bb<\/p>\n<p>   <img decoding=\"async\" draggable=\"false\" src=\"https:\/\/www.europesays.com\/fr\/wp-content\/uploads\/2025\/07\/max-verstappen-red-bull-racing.jpg\" alt=\"Max Verstappen, Red Bull Racing, Christian Horner, Red Bull Racing\" width=\"1200\" height=\"800\" loading=\"lazy\"\/> <\/p>\n<p class=\"title\">Max Verstappen et Christian Horner.<\/p>\n<p class=\"photographer\">Photo de: Red Bull Content Pool<\/p>\n<p>\u00ab\u00a0Maintenant, naturellement, il y a aussi des saisons qui ne se passent pas si bien et je pense que depuis un an et demi, \u00e7a ne s&rsquo;est pas pass\u00e9 comme nous l&rsquo;aurions voulu. Et oui, le management a probablement d\u00e9cid\u00e9 qu&rsquo;ils voulaient un changement de cap. De toute fa\u00e7on, tout le monde doit l&rsquo;accepter et regarder vers l&rsquo;avenir, et je regarde vers l&rsquo;avenir. J&rsquo;ai d\u00e9j\u00e0 eu quelques r\u00e9unions avec Laurent. Les deux derni\u00e8res semaines ont \u00e9t\u00e9 assez intenses pour lui, pour s&rsquo;int\u00e9grer.\u00a0\u00bb<\/p>\n<p>\u00ab\u00a0Je suis \u00e9galement ravi que l&rsquo;\u00e9quipe avance, parce que c&rsquo;est ce que nous devons faire. \u00c7a n&rsquo;a pas de sens de regarder en arri\u00e8re, cela ne rend pas plus rapide, mais \u00e9videmment il faut accorder de la valeur \u00e0 ces 20 ann\u00e9es et, de mon c\u00f4t\u00e9, aux dix ou 11 ans que j&rsquo;ai pass\u00e9s chez Red Bull. On s&rsquo;en rappellera toujours. Et, par exemple, la relation entre Christian et moi ne change pas. \u00c9videmment, il n&rsquo;est plus l\u00e0 pour le week-end de course, mais \u00e7a reste ma deuxi\u00e8me famille.\u00a0\u00bb<\/p>\n<blockquote>\n<p>La seule chose qui compte, c&rsquo;est de travailler sur la voiture et de la rendre aussi rapide que possible.<\/p>\n<\/blockquote>\n<p>L&rsquo;an pass\u00e9, le p\u00e8re du pilote, <a href=\"https:\/\/fr.motorsport.com\/driver\/jos-verstappen\/75672\/\" target=\"_blank\" rel=\"noopener\">Jos Verstappen<\/a>, a multipli\u00e9 les attaques m\u00e9diatiques \u00e0 l&rsquo;encontre de Horner, lorsque ce dernier faisait l&rsquo;objet d&rsquo;une enqu\u00eate pour comportement appropri\u00e9. Faut-il voir dans le d\u00e9part de l&rsquo;Anglais une victoire pour Max Verstappen\u00a0? Toujours distant face \u00e0 ces questions, l&rsquo;int\u00e9ress\u00e9 a pr\u00e9f\u00e9r\u00e9 minimiser les tensions qui ont pu exister.<\/p>\n<p>\u00ab\u00a0Je pense que les gens peuvent avoir des divergences de vue \u00e0 l&rsquo;occasion, et en fait je m&rsquo;attends \u00e0 ce que \u00e7a arrive, parce que si tout le monde est tout le temps d&rsquo;accord, il y a un probl\u00e8me, il faut des diff\u00e9rences dans les avis. Maintenant, nous travaillons dans une nouvelle direction. J&rsquo;en suis ravi.\u00a0\u00bb<\/p>\n<p>\u00ab\u00a0Comme je l&rsquo;ai dit, je ne pense pas que cela aura la moindre influence sur ma d\u00e9cision \u00e0 l&rsquo;avenir. La seule chose qui compte, c&rsquo;est de travailler sur la voiture et de la rendre aussi rapide que possible. Et comme je l&rsquo;ai dit, depuis un an \u00e7a n&rsquo;a pas \u00e9t\u00e9 ce que nous voulons. Maintenant, nous voulons essayer d&rsquo;\u00eatre un peu plus rapides cette ann\u00e9e, et aussi pour le nouveau r\u00e8glement.\u00a0\u00bb<\/p>\n<p style=\"text-align: right;\">Avec Ronald Vording et Filip Cleeren<\/p>\n<p>Lire aussi :<\/p>\n<p>Dans cet article<\/p>\n<p>Soyez le premier inform\u00e9 et souscrivez aux alertes mails pour recevoir les infos en temps r\u00e9el<\/p>\n<p>    S&rsquo;abonner aux alertes de news<\/p>\n","protected":false},"excerpt":{"rendered":"Depuis l&rsquo;\u00e9viction de Christian Horner, Max Verstappen ne s&rsquo;\u00e9tait exprim\u00e9 qu&rsquo;\u00e0 travers un bref message post\u00e9 sur les&hellip;\n","protected":false},"author":2,"featured_media":270749,"comment_status":"","ping_status":"","sticky":false,"template":"","format":"standard","meta":{"footnotes":""},"categories":[1412],"tags":[1451,1452,1453,1454,1455,1011,27,38196,2236,2255,19528,60],"class_list":{"0":"post-270748","1":"post","2":"type-post","3":"status-publish","4":"format-standard","5":"has-post-thumbnail","7":"category-f1","8":"tag-f1","9":"tag-formula-1","10":"tag-formula1","11":"tag-formule-1","12":"tag-formule1","13":"tag-fr","14":"tag-france","15":"tag-gp-de-belgique","16":"tag-max-verstappen","17":"tag-red-bull","18":"tag-spa-francorchamps","19":"tag-sports"},"share_on_mastodon":{"url":"https:\/\/pubeurope.com\/@fr\/114908953718254021","error":""},"_links":{"self":[{"href":"https:\/\/www.europesays.com\/fr\/wp-json\/wp\/v2\/posts\/270748","targetHints":{"allow":["GET"]}}],"collection":[{"href":"https:\/\/www.europesays.com\/fr\/wp-json\/wp\/v2\/posts"}],"about":[{"href":"https:\/\/www.europesays.com\/fr\/wp-json\/wp\/v2\/types\/post"}],"author":[{"embeddable":true,"href":"https:\/\/www.europesays.com\/fr\/wp-json\/wp\/v2\/users\/2"}],"replies":[{"embeddable":true,"href":"https:\/\/www.europesays.com\/fr\/wp-json\/wp\/v2\/comments?post=270748"}],"version-history":[{"count":0,"href":"https:\/\/www.europesays.com\/fr\/wp-json\/wp\/v2\/posts\/270748\/revisions"}],"wp:featuredmedia":[{"embeddable":true,"href":"https:\/\/www.europesays.com\/fr\/wp-json\/wp\/v2\/media\/270749"}],"wp:attachment":[{"href":"https:\/\/www.europesays.com\/fr\/wp-json\/wp\/v2\/media?parent=270748"}],"wp:term":[{"taxonomy":"category","embeddable":true,"href":"https:\/\/www.europesays.com\/fr\/wp-json\/wp\/v2\/categories?post=270748"},{"taxonomy":"post_tag","embeddable":true,"href":"https:\/\/www.europesays.com\/fr\/wp-json\/wp\/v2\/tags?post=270748"}],"curies":[{"name":"wp","href":"https:\/\/api.w.org\/{rel}","templated":true}]}}