{"id":270756,"date":"2025-07-24T15:40:48","date_gmt":"2025-07-24T15:40:48","guid":{"rendered":"https:\/\/www.europesays.com\/fr\/270756\/"},"modified":"2025-07-24T15:40:48","modified_gmt":"2025-07-24T15:40:48","slug":"5-chefs-doeuvre-accroches-a-lenvers","status":"publish","type":"post","link":"https:\/\/www.europesays.com\/fr\/270756\/","title":{"rendered":"5 chefs-d&rsquo;\u0153uvre accroch\u00e9s&#8230; \u00e0 l&rsquo;envers"},"content":{"rendered":"<p class=\"editor-content__paragraph\">Tout est une question de pr\u00e9sentation. Exposer par m\u00e9garde <strong>un tableau dans le mauvais sens<\/strong>\u00a0? C\u2019est arriv\u00e9 m\u00eame aux plus grands, du MoMA \u00e0 la National Gallery\u2026 <a href=\"https:\/\/www.beauxarts.com\/grand-format\/vassily-kandinsky-en-2-minutes\/\" target=\"_blank\" rel=\"noopener\">Vassily Kandinsky<\/a> lui-m\u00eame <strong>aurait eu le d\u00e9clic de l\u2019<a href=\"https:\/\/www.beauxarts.com\/grand-format\/labstraction-en-2-minutes\/\" target=\"_blank\" rel=\"noopener\">abstraction<\/a> face \u00e0 l\u2019une des ses \u0153uvres pos\u00e9e \u00e0 l\u2019envers<\/strong> que les portraits de <a href=\"https:\/\/www.beauxarts.com\/grand-format\/georg-baselitz-en-2-minutes\/\" target=\"_blank\" rel=\"noopener\">Georg Baselitz<\/a> ne sont consid\u00e9r\u00e9s \u00e0 l\u2019endroit que<strong> t\u00eates en bas<\/strong>.<\/p>\n<p class=\"editor-content__paragraph\">Des toiles de Turner, O\u2019Keeffe ou Matisse <strong>accroch\u00e9es \u00e0 l\u2019envers<\/strong>, un tableau de Gauguin qui, remis \u00e0 l\u2019endroit, r\u00e9v\u00e8le un tout autre sujet, des boulettes d\u2019employ\u00e9s de mus\u00e9es\u2026 Du bon sens au contresens, il n\u2019y a qu\u2019un pas. Voici <strong>cinq histoires d\u2019\u0153uvres renversantes<\/strong>\u00a0!<\/p>\n<p>1. Paul Gauguin en chutes libres<\/p>\n<p>    <img loading=\"lazy\" decoding=\"async\" class=\"image__img\" src=\"https:\/\/www.europesays.com\/fr\/wp-content\/uploads\/2025\/07\/bal_74586-e1644592349910-964x690.jpg\" alt=\"Paul Gauguin, Chutes du Niagara (titre de 1903)\" width=\"964\" height=\"690\"\/><\/p>\n<p>Paul Gauguin, Chutes du Niagara (titre de 1903), vers 1894<\/p>\n<p>    i<\/p>\n<p class=\"legende__cartel\">huile sur toile \u2022 62 \u00d7 87\u00a0cm \u2022 \u00a9 Bridgeman images<\/p>\n<p class=\"editor-content__paragraph\">Adjug\u00e9, vendu. Lors de la vente judiciaire des biens de <a href=\"https:\/\/www.beauxarts.com\/grand-format\/paul-gauguin-en-3-minutes\/\" target=\"_blank\" rel=\"noopener\">Paul Gauguin<\/a>, le 2\u00a0septembre 1903, le romancier et ethnologue Victor Segalen fait l\u2019acquisition d\u2019une toile pr\u00e9sent\u00e9e sous le nom de <strong>Chutes du Niagara<\/strong> accompagn\u00e9e d\u2019une palette compos\u00e9e des m\u00eames tons blancs, bleus et roses. Rentr\u00e9 dans sa chambre, c\u2019est le d\u00e9clic. \u00ab\u00a0Retourn\u00e9e, mise en place et contempl\u00e9e enfin sans blasph\u00e8mes ni marchandage, cette toile<strong> devenait un paysage breton<\/strong>, village d\u2019hiver sous la neige\u00a0: <strong>quelques maisons de chaume<\/strong> \u00e9paulent la ligne d\u2019horizon et se pressent autour du clocher juste central. \u00c0 gauche, une falaise violette tombe vers un cr\u00e9puscule. \u00c0 droite filent des arbres maigres. Tout le sol est fait de neige ruisselant de lumi\u00e8res fondues.\u00a0\u00bb <strong>Village breton sous la neige\u00a0<\/strong>: tel est le titre attribu\u00e9 aujourd\u2019hui au tableau. \u00c0 d\u00e9couvrir, dans le bon sens, au mus\u00e9e de Pont-Aven.<\/p>\n<p>    <img decoding=\"async\" fetchpriority=\"high\" class=\"image__img\" src=\"https:\/\/www.europesays.com\/fr\/wp-content\/uploads\/2025\/07\/bal_74586-1-964x690.jpg\" alt=\"Paul Gauguin, Village breton sous la neige\" width=\"964\" height=\"690\"\/><\/p>\n<p>Paul Gauguin, Village breton sous la neige, vers 1894<\/p>\n<p>    i<\/p>\n<p class=\"legende__cartel\">huile sur toile \u2022 62 \u00d7 87\u00a0cm \u2022 \u00a9Bridgeman images<\/p>\n<p>        \u00c0 lire aussi :<br \/>\n        <a class=\"renvoi-explicite__link\" href=\"https:\/\/www.beauxarts.com\/grand-format\/ce-que-nous-revelent-les-palettes-des-grands-maitres\/\" target=\"_blank\" rel=\"noopener\">Ce que nous r\u00e9v\u00e8lent les palettes des grands ma\u00eetres<\/a><\/p>\n<p>2. Matisse sens dessus dessous<\/p>\n<p>    <img loading=\"lazy\" decoding=\"async\" class=\"image__img\" src=\"https:\/\/www.europesays.com\/fr\/wp-content\/uploads\/2025\/07\/go139_3000-e1644592547267-964x1232.jpg\" alt=\"Henri Matisse, Le Bateau (pr\u00e9sent\u00e9 dans le mauvais sens au MoMA en 1961)\" width=\"964\" height=\"1232\"\/><\/p>\n<p>Henri Matisse, Le Bateau (pr\u00e9sent\u00e9 dans le mauvais sens au MoMA en 1961), 1953<\/p>\n<p>    i<\/p>\n<p class=\"legende__cartel\">Papier d\u00e9coup\u00e9 et gouache \u2022 \u00a9 Succession Henri Matisse \/ Photo Archives Henri Matisse<\/p>\n<p class=\"editor-content__paragraph\">\u00ab\u00a0La honte\u00a0!\u00a0\u00bb, crieraient les mauvaises langues. En 1961, dans le cadre de l\u2019accrochage \u00ab\u00a0The Last Works of Matisse\u00a0: Large Cut Gouaches\u00a0\u00bb, <a href=\"https:\/\/www.beauxarts.com\/lifestyle\/le-moma-a-new-york-coeur-vibrant-de-lart-moderne\/\" target=\"_blank\" rel=\"noopener\"><strong>le MoMA<\/strong><\/a> pr\u00e9sente Le Bateau du <a href=\"https:\/\/www.beauxarts.com\/encyclo\/henri-matisse-en-2-minutes\/\" target=\"_blank\" rel=\"noopener\">peintre fran\u00e7ais<\/a> <strong>dans le mauvais sens<\/strong>\u00a0: le sujet en bas, son reflet en haut. Effet miroir de malheur\u00a0! Parmi les 116\u00a0000\u00a0visiteurs, ni Pierre Matisse, le fils de l\u2019artiste, ni les conservateurs de l\u2019institution new-yorkaise ne remarquent l\u2019erreur. Jusqu\u2019\u00e0 ce que Genevi\u00e8ve Habert, agent de change fran\u00e7aise travaillant \u00e0 Wall Street, <strong> compare l\u2019\u0153uvre \u00e0 sa reproduction dans le catalogue d\u2019exposition<\/strong>. Son sens de l\u2019observation se heurte n\u00e9anmoins au m\u00e9pris d\u2019un agent de s\u00e9curit\u00e9, qui ne manque pas de bl\u00e2mer la maison d\u2019\u00e9dition. Et l\u2019\u0153il de lynx de se tourner vers le New York Times\u00a0: \u00ab\u00a0Jamais Matisse n\u2019aurait plac\u00e9 le motif le plus d\u00e9taill\u00e9 en bas, et sa forme simplifi\u00e9e en haut\u00a0\u00bb. Son t\u00e9moignage remonte aux oreilles du mus\u00e9e qui n\u2019a plus d\u2019autre choix\u00a0: <strong>plaider \u00ab\u00a0l\u2019\u00e9tourderie\u00a0\u00bb<\/strong>.<\/p>\n<p>    <img loading=\"lazy\" decoding=\"async\" class=\"image__img\" src=\"https:\/\/www.europesays.com\/fr\/wp-content\/uploads\/2025\/07\/go139_3000-1-964x1232.jpg\" alt=\"Henri Matisse, Le Bateau\" width=\"964\" height=\"1232\"\/><\/p>\n<p>Henri Matisse, Le Bateau, 1953<\/p>\n<p>    i<\/p>\n<p class=\"legende__cartel\">morceaux de papier d\u00e9coup\u00e9s et gouache \u2022 \u00a9 Succession Henri Matisse \/ Photo Archives Henri Matisse<\/p>\n<p>        \u00c0 lire aussi :<br \/>\n        <a class=\"renvoi-explicite__link\" href=\"https:\/\/www.beauxarts.com\/grand-format\/un-mondrian-accroche-a-lenvers-pendant-77-ans\/\" target=\"_blank\" rel=\"noopener\">Un Mondrian accroch\u00e9 \u00e0 l&rsquo;envers pendant 77 ans !<\/a><\/p>\n<p>3. Van Gogh \u00e0 l\u2019envers, et contre tous<\/p>\n<p>    <img loading=\"lazy\" decoding=\"async\" class=\"image__img\" src=\"https:\/\/www.europesays.com\/fr\/wp-content\/uploads\/2025\/07\/bal_259764-1-e1644592682804.jpg\" alt=\"Vincent Van Gogh, Hautes herbes et papillons (pr\u00e9sent\u00e9 dans le mauvais sens \u00e0 la National Gallery en 1965)\" width=\"950\" height=\"752\"\/><\/p>\n<p>Vincent Van Gogh, Hautes herbes et papillons (pr\u00e9sent\u00e9 dans le mauvais sens \u00e0 la National Gallery en 1965), 1889<\/p>\n<p>    i<\/p>\n<p class=\"legende__cartel\">huile sur toile \u2022 64.5 \u00d7 80,7\u00a0cm \u2022 \u00a9 Bridgeman images<\/p>\n<p class=\"editor-content__paragraph\">Un regard inattentif n\u2019y verra qu\u2019une vaste \u00e9tendue de verdure. Une route discr\u00e8te <strong>divise pourtant ce champ fertile en deux<\/strong>, renseignant sur le sens de lecture du tableau. En 1965, une adolescente venue \u00e0 la <a href=\"https:\/\/www.beauxarts.com\/lifestyle\/la-national-gallery-vaisseau-amiral-de-lart-a-londres\/\" target=\"_blank\" rel=\"noopener\"><strong>National Gallery<\/strong> de Londres<\/a>, \u00e0 l\u2019occasion d\u2019une sortie scolaire, rel\u00e8ve <strong>une double incoh\u00e9rence<\/strong> dans Hautes herbes et papillons (1889) de <a href=\"https:\/\/www.beauxarts.com\/grand-format\/vincent-van-gogh-en-2-minutes\/\" target=\"_blank\" rel=\"noopener\">Vincent van Gogh<\/a>\u00a0: ladite route<strong> coupe \u00e9trangement la composition<\/strong> et la v\u00e9g\u00e9tation qui l\u2019encadre <strong>pointe vers le bas<\/strong>. La jeune fille se pr\u00e9cipite vers un gardien pour lui faire part de sa d\u00e9couverte\u00a0; en vain\u2026 Heureusement, les \u00e9quipes de conservation <strong>lui donnent finalement raison<\/strong> et, en prime, une explication. Le tableau aurait \u00e9t\u00e9 d\u00e9croch\u00e9, quinze minutes seulement, en vue d\u2019une s\u00e9ance photo, et les r\u00e9gisseurs <strong>auraient oubli\u00e9, la remettant en place, son orientation d\u2019origine<\/strong>. Les pauvres connaissaient peu ou mal le travail de Van Gogh\u00a0! Un argument qui fleure la mauvaise foi\u2026<\/p>\n<p>    <img loading=\"lazy\" decoding=\"async\" class=\"image__img\" src=\"https:\/\/www.europesays.com\/fr\/wp-content\/uploads\/2025\/07\/bal_259764.jpg\" alt=\"Vincent Van Gogh, Hautes herbes et papillons\" width=\"950\" height=\"752\"\/><\/p>\n<p>Vincent Van Gogh, Hautes herbes et papillons, 1890<\/p>\n<p>    i<\/p>\n<p class=\"legende__cartel\">huile sur toile \u2022 64.5 \u00d7 80.7\u00a0cm \u2022 \u00a9 Bridgeman images<\/p>\n<p>        \u00c0 lire aussi :<br \/>\n        <a class=\"renvoi-explicite__link\" href=\"https:\/\/www.beauxarts.com\/vu\/vandalisme-erreurs-sabotages-ces-employes-de-musee-qui-ont-seme-la-zizanie\/\" target=\"_blank\" rel=\"noopener\">\u0152uvres jet\u00e9es, \u00ab customis\u00e9es \u00bb ou vol\u00e9es\u2026 Voici les pires boulettes des employ\u00e9s de mus\u00e9e<\/a><\/p>\n<p>4. Les pavots-pivots de Georgia O\u2019Keeffe<\/p>\n<p>    <img loading=\"lazy\" decoding=\"async\" class=\"image__img\" src=\"https:\/\/www.europesays.com\/fr\/wp-content\/uploads\/2025\/07\/oriental-poppies-1927-e1644592765817-964x1297.jpg\" alt=\"Georgia O'Keeffe, Oriental Poppies (pr\u00e9sent\u00e9 dans le mauvais sens au Frederick Weisman Art Museum dans jusqu\u2019en 1988)\" width=\"964\" height=\"1297\"\/><\/p>\n<p>Georgia O\u2019Keeffe, Oriental Poppies (pr\u00e9sent\u00e9 dans le mauvais sens au Frederick Weisman Art Museum dans jusqu\u2019en 1988), 1927<\/p>\n<p>    i<\/p>\n<p class=\"legende__cartel\">huile sur toile \u2022 101\u00a0cm \u00d7 76\u00a0cm \u2022 Coll. the Frederick R. Weisman Art Museum at the University of Minnesota, Minneapolis<\/p>\n<p class=\"editor-content__paragraph\">L\u2019artiste am\u00e9ricaine <a href=\"https:\/\/www.beauxarts.com\/grand-format\/georgia-okeeffe-en-2-minutes\/\" target=\"_blank\" rel=\"noopener\">Georgia O\u2019Keeffe<\/a> avait une passion pour les fleurs, qu\u2019elle changeait du bout de son pinceau en abstractions. En 1928, le <strong>portrait de deux pavots juxtapos\u00e9s<\/strong>, plus connu sous le nom d\u2019Oriental Poppies, voit le jour pour finalement atterrir une dizaine d\u2019ann\u00e9es plus tard au <strong>Frederick Weisman Art Museum<\/strong>, le mus\u00e9e de l\u2019Universit\u00e9 du Minnesota. La toile y demeure <strong>expos\u00e9e \u00e0 la verticale<\/strong> pendant des ann\u00e9es, jusqu\u2019au jour o\u00f9, en 1986, Lyndel King <strong>s\u2019aper\u00e7oit du \u00ab\u00a0contresens<\/strong>\u00a0\u00bb en consultant le dossier de l\u2019\u0153uvre, lequel sp\u00e9cifiait une<strong> orientation \u00e0 l\u2019horizontale<\/strong>. Et la directrice de l\u2019\u00e9tablissement, d\u00e9termin\u00e9e \u00e0 rectifier le tir, de s\u2019exclamer, malgr\u00e9 tout\u00a0: \u00ab\u00a0What the heck! It looks terrific either way!\u00a0\u00bb (\u00ab\u00a0Non mais\u00a0! L\u2019\u0153uvre a l\u2019air sublime dans les deux cas\u00a0\u00bb).<\/p>\n<p>    <img loading=\"lazy\" decoding=\"async\" class=\"image__img\" src=\"https:\/\/www.europesays.com\/fr\/wp-content\/uploads\/2025\/07\/oriental-poppies-1927-1-964x717.jpg\" alt=\"Georgia O'Keeffe, Oriental Poppies\" width=\"964\" height=\"717\"\/><\/p>\n<p>Georgia O\u2019Keeffe, Oriental Poppies, 1927<\/p>\n<p>    i<\/p>\n<p class=\"legende__cartel\">huile sur toile \u2022 101\u00a0cm \u00d7 76\u00a0cm \u2022 Coll. the Frederick R. Weisman Art Museum at the University of Minnesota, Minneapolis<\/p>\n<p>        \u00c0 lire aussi :<br \/>\n        <a class=\"renvoi-explicite__link\" href=\"https:\/\/www.beauxarts.com\/expos\/georgia-okeeffe-une-abstraction-longtemps-reduite-a-une-lecture-erotique\/\" target=\"_blank\" rel=\"noopener\">Georgia O&rsquo;Keeffe, une abstraction longtemps r\u00e9duite \u00e0 une lecture \u00e9rotique<\/a><\/p>\n<p>5. Turner tout retourn\u00e9<\/p>\n<p class=\"editor-content__paragraph\">En 1862, la presse britannique rapporte la confusion d\u2019un directeur de galerie <strong>face \u00e0 une toile de <a href=\"https:\/\/www.beauxarts.com\/grand-format\/william-turner-en-2-minutes\/\" target=\"_blank\" rel=\"noopener\">William Turner<\/a><\/strong>. L\u2019exposant, craignant de l\u2019avoir accroch\u00e9e \u00e0 l\u2019envers, aurait envoy\u00e9 un courrier \u00e0 l\u2019artiste pour recueillir ses instructions. Et le peintre anglais de r\u00e9torquer\u00a0: <strong>\u00ab\u00a0Retournez-la\u00a0\u00bb<\/strong>, soit \u00ab\u00a0Turn her\u00a0\u00bb, en anglais. L\u2019anecdote, <strong>l\u00e9g\u00e8rement discr\u00e9dit\u00e9e<\/strong> par ce jeu de mots entre l\u2019injonction et le nom du peintre, et par le manque d\u2019informations concr\u00e8tes (Quelle \u0153uvre\u00a0? Dans quelle galerie\u00a0? Tenue par qui\u00a0? ), <strong>contribue \u00e0 d\u00e9noncer l\u2019aspect \u00ab\u00a0atmosph\u00e9rique\u00a0\u00bb des \u0153uvres de Turner<\/strong>, \u00e0 qui la critique reprochait souvent de signer des compositions illisibles, pour ne pas dire abstraites. Un bel exemple de flou artistique\u00a0!<\/p>\n<p>    <img loading=\"lazy\" decoding=\"async\" class=\"image__img\" src=\"https:\/\/www.europesays.com\/fr\/wp-content\/uploads\/2025\/07\/054_lr2003147-1-e1644593523342-964x714.jpg\" alt=\"William Turner, Vapeurs dans une temp\u00eate de neige\" width=\"964\" height=\"714\"\/><\/p>\n<p>William Turner, Vapeurs dans une temp\u00eate de neige, 1842<\/p>\n<p>    i<\/p>\n<p class=\"legende__cartel\">91 \u00d7 122\u00a0cm \u2022 \u00a9 Luisa Ricciarini\/Leemage via AFP<\/p>\n<p>        \u00c0 lire aussi :<br \/>\n        <a class=\"renvoi-explicite__link\" href=\"https:\/\/www.beauxarts.com\/vu\/7-bizarreries-dissimulees-dans-des-chefs-doeuvre\/\" target=\"_blank\" rel=\"noopener\">7 bizarreries dissimul\u00e9es dans des chefs-d\u2019\u0153uvre<\/a><\/p>\n","protected":false},"excerpt":{"rendered":"Tout est une question de pr\u00e9sentation. Exposer par m\u00e9garde un tableau dans le mauvais sens\u00a0? C\u2019est arriv\u00e9 m\u00eame&hellip;\n","protected":false},"author":2,"featured_media":270757,"comment_status":"","ping_status":"","sticky":false,"template":"","format":"standard","meta":{"footnotes":""},"categories":[1358],"tags":[12870,1348,1384,1385,1386,58,59,1011,27,1757],"class_list":{"0":"post-270756","1":"post","2":"type-post","3":"status-publish","4":"format-standard","5":"has-post-thumbnail","7":"category-arts-et-design","8":"tag-art-moderne","9":"tag-arts","10":"tag-arts-and-design","11":"tag-arts-et-design","12":"tag-design","13":"tag-divertissement","14":"tag-entertainment","15":"tag-fr","16":"tag-france","17":"tag-insolite"},"share_on_mastodon":{"url":"https:\/\/pubeurope.com\/@fr\/114908975496688476","error":""},"_links":{"self":[{"href":"https:\/\/www.europesays.com\/fr\/wp-json\/wp\/v2\/posts\/270756","targetHints":{"allow":["GET"]}}],"collection":[{"href":"https:\/\/www.europesays.com\/fr\/wp-json\/wp\/v2\/posts"}],"about":[{"href":"https:\/\/www.europesays.com\/fr\/wp-json\/wp\/v2\/types\/post"}],"author":[{"embeddable":true,"href":"https:\/\/www.europesays.com\/fr\/wp-json\/wp\/v2\/users\/2"}],"replies":[{"embeddable":true,"href":"https:\/\/www.europesays.com\/fr\/wp-json\/wp\/v2\/comments?post=270756"}],"version-history":[{"count":0,"href":"https:\/\/www.europesays.com\/fr\/wp-json\/wp\/v2\/posts\/270756\/revisions"}],"wp:featuredmedia":[{"embeddable":true,"href":"https:\/\/www.europesays.com\/fr\/wp-json\/wp\/v2\/media\/270757"}],"wp:attachment":[{"href":"https:\/\/www.europesays.com\/fr\/wp-json\/wp\/v2\/media?parent=270756"}],"wp:term":[{"taxonomy":"category","embeddable":true,"href":"https:\/\/www.europesays.com\/fr\/wp-json\/wp\/v2\/categories?post=270756"},{"taxonomy":"post_tag","embeddable":true,"href":"https:\/\/www.europesays.com\/fr\/wp-json\/wp\/v2\/tags?post=270756"}],"curies":[{"name":"wp","href":"https:\/\/api.w.org\/{rel}","templated":true}]}}