{"id":270760,"date":"2025-07-24T15:43:18","date_gmt":"2025-07-24T15:43:18","guid":{"rendered":"https:\/\/www.europesays.com\/fr\/270760\/"},"modified":"2025-07-24T15:43:18","modified_gmt":"2025-07-24T15:43:18","slug":"matthieu-delormeau-apres-le-scandale-il-decroche-un-joli-poste-chez-m6","status":"publish","type":"post","link":"https:\/\/www.europesays.com\/fr\/270760\/","title":{"rendered":"Matthieu Delormeau : apr\u00e8s le scandale, il d\u00e9croche un joli poste chez M6"},"content":{"rendered":"<p>Dans Touche pas \u00e0 mon poste, ce pr\u00e9cieux chroniqueur n&rsquo;a eu de cesse de s&rsquo;en aller puis de revenir entre 2015 et 2022. Et tandis que Cyril Hanouna pr\u00e9pare sa rentr\u00e9e sur W9 (groupe M6), il <strong>aurait recrut\u00e9 Matthieu Delormeau au sein de sa nouvelle \u00e9quipe.<\/strong><\/p>\n<p><a href=\"https:\/\/www.public.fr\/tout-beau-tout-9-retour-de-matthieu-delormeau-aupres-de-cyril-hanouna-certains-chroniqueurs-sy-opposent-fermement\" target=\"_blank\" rel=\"noopener\">\u00ab\u00a0Incertain\u00a0\u00bb, il y a encore quelques semaines,<\/a> comme Benjamin Castaldi, c&rsquo;est notre confr\u00e8re, Cl\u00e9ment Garin, qui l&rsquo;annonce, ce 24 juillet 2025. <\/p>\n<p>Il va rejoindre Gilles Verdez, Isabelle Morini-Bosc, Raymond Aabou, Olivier Dartigolles, Michel Mary, Jordan de Luxe, G\u00e9raldine Maillet, Val\u00e9rie B\u00e9na\u00efm et Polska.<\/p>\n<p>Matthieu Delormeau recrut\u00e9 pour TBT9<\/p>\n<p>Et le sp\u00e9cialiste m\u00e9dias assure que <strong>le recrutement a eu lieu avant les tous derniers d\u00e9boires<\/strong> du blond&#8230;<\/p>\n<p>Pour rappel, le 8 juillet 2025, l&rsquo;ancienne star de NRJ 12, a malencontreusement partag\u00e9 en story Instagram une <strong>vid\u00e9o de lui en train de se masturber.<\/strong> Avant cela, en f\u00e9vrier 2025, il avait \u00e9t\u00e9 plac\u00e9 en garde-\u00e0-vue apr\u00e8s avoir <a href=\"https:\/\/www.public.fr\/matthieu-delormeau-en-garde-a-vue-cyril-hanouna-intransigeant-exprime-sa-deception\" target=\"_blank\" rel=\"noopener\">un flagrant d\u00e9lit d&rsquo;achat<\/a> de stup\u00e9fiant.<\/p>\n<p>En r\u00e9action, son ancienne coll\u00e8gue de TPMP, Isabelle Morini-Bosc, a assur\u00e9 qu&rsquo;au sein de la nouvelle \u00e9quipe, \u00ab\u00a0Il y en a beaucoup qui ont dit : <strong>s\u2019il revient, nous, on part<\/strong>\u00ab\u00a0. <\/p>\n<p>C&rsquo;est ce que la dame en rouge a confi\u00e9 \u00e0 Jordan de Luxe. De fait, apr\u00e8s ce contrat de Matthieu Delormeau sign\u00e9 \u00ab\u00a0dans le plus grand secret\u00a0\u00bb, avec H2O,<strong> il va falloir faire passer la pilule.<\/strong><\/p>\n<p>Et selon une source \u00ab\u00a0bien inform\u00e9e\u00a0\u00bb, cit\u00e9e par Cl\u00e9ment Garin, \u00ab\u00a0une grosse s\u00e9quence, en mode mea culpa\u00a0\u00bb est d&rsquo;ores et d\u00e9j\u00e0 pr\u00e9vue. <\/p>\n<p>Ce qu&rsquo;il va dire pour son grand retour<\/p>\n<p>Matthieu Delormeau devrait y d\u00e9clarer : \u00ab\u00a0<a href=\"https:\/\/vsd.fr\/69004-matthieu-delormeau-ruine-il-sort-du-silence-pour-fustiger-emmanuel-macron\/\" target=\"_blank\" rel=\"noopener\">j&rsquo;ai pas \u00e9t\u00e9 bien<\/a>, j&rsquo;ai vrill\u00e9, mais aujourd&rsquo;hui tout va bien, je suis revenu ici pour me reconstruire, je suis bien avec vous\u00a0\u00bb. <\/p>\n<p>Selon cette source, <strong>\u00ab\u00a0c&rsquo;est du storytelling que les t\u00e9l\u00e9spectateurs vont aimer !\u00a0\u00bb<\/strong> Une question demeurerait toujours, et c&rsquo;est \u00ab\u00a0est-ce qu&rsquo;il va arriver d\u00e8s le premier soir, ou plus tard ?\u00a0\u00bb Les fanzouzes ont tout l&rsquo;\u00e9t\u00e9 pour s&rsquo;y pr\u00e9parer avant de se brancher sur \u00ab\u00a0Tout beau, tout 9\u00a0\u00bb. Affaire \u00e0 suivre.<\/p>\n<p>      Mentionn\u00e9s dans cet article<\/p>\n<p>\u00c0 lire aussi<\/p>\n","protected":false},"excerpt":{"rendered":"Dans Touche pas \u00e0 mon poste, ce pr\u00e9cieux chroniqueur n&rsquo;a eu de cesse de s&rsquo;en aller puis de&hellip;\n","protected":false},"author":2,"featured_media":270761,"comment_status":"","ping_status":"","sticky":false,"template":"","format":"standard","meta":{"footnotes":""},"categories":[1356],"tags":[1083,58,59,1011,27,7830,252,22498,22497,1364,2395],"class_list":{"0":"post-270760","1":"post","2":"type-post","3":"status-publish","4":"format-standard","5":"has-post-thumbnail","7":"category-television","8":"tag-cyril-hanouna","9":"tag-divertissement","10":"tag-entertainment","11":"tag-fr","12":"tag-france","13":"tag-matthieu-delormeau","14":"tag-television","15":"tag-tout-9-tbt9","16":"tag-tout-beau","17":"tag-tv","18":"tag-w9"},"share_on_mastodon":{"url":"","error":""},"_links":{"self":[{"href":"https:\/\/www.europesays.com\/fr\/wp-json\/wp\/v2\/posts\/270760","targetHints":{"allow":["GET"]}}],"collection":[{"href":"https:\/\/www.europesays.com\/fr\/wp-json\/wp\/v2\/posts"}],"about":[{"href":"https:\/\/www.europesays.com\/fr\/wp-json\/wp\/v2\/types\/post"}],"author":[{"embeddable":true,"href":"https:\/\/www.europesays.com\/fr\/wp-json\/wp\/v2\/users\/2"}],"replies":[{"embeddable":true,"href":"https:\/\/www.europesays.com\/fr\/wp-json\/wp\/v2\/comments?post=270760"}],"version-history":[{"count":0,"href":"https:\/\/www.europesays.com\/fr\/wp-json\/wp\/v2\/posts\/270760\/revisions"}],"wp:featuredmedia":[{"embeddable":true,"href":"https:\/\/www.europesays.com\/fr\/wp-json\/wp\/v2\/media\/270761"}],"wp:attachment":[{"href":"https:\/\/www.europesays.com\/fr\/wp-json\/wp\/v2\/media?parent=270760"}],"wp:term":[{"taxonomy":"category","embeddable":true,"href":"https:\/\/www.europesays.com\/fr\/wp-json\/wp\/v2\/categories?post=270760"},{"taxonomy":"post_tag","embeddable":true,"href":"https:\/\/www.europesays.com\/fr\/wp-json\/wp\/v2\/tags?post=270760"}],"curies":[{"name":"wp","href":"https:\/\/api.w.org\/{rel}","templated":true}]}}