{"id":270781,"date":"2025-07-24T15:58:30","date_gmt":"2025-07-24T15:58:30","guid":{"rendered":"https:\/\/www.europesays.com\/fr\/270781\/"},"modified":"2025-07-24T15:58:30","modified_gmt":"2025-07-24T15:58:30","slug":"saint-etienne-les-commercants-du-centre-ville-font-le-bilan-des-soldes-cest-une-catastrophe","status":"publish","type":"post","link":"https:\/\/www.europesays.com\/fr\/270781\/","title":{"rendered":"Saint-\u00c9tienne. Les commer\u00e7ants du centre-ville font le bilan des soldes : \u00ab\u00a0C&rsquo;est une catastrophe\u00a0\u00bb"},"content":{"rendered":"<p>            Par<br \/>\n        <strong><br \/>\n            <a href=\"https:\/\/actu.fr\/auteur\/julien-sournies\" title=\"Consulter tous les articles de Julien Sournies\" rel=\"nofollow noopener\" target=\"_blank\">Julien Sournies<\/a><br \/>\n        <\/strong><\/p>\n<p>        Publi\u00e9 le<\/p>\n<p>            24 juil. 2025 \u00e0 17h17        <\/p>\n<p>La p\u00e9riode que tout le monde attend avec impatience dans le but de garnir sa garde-robe en vue de la rentr\u00e9e vient tout juste de toucher \u00e0 son terme. Depuis ce mardi 22\u00a0juillet 2025, les <strong>soldes<\/strong> sont officiellement termin\u00e9es dans toute la France, et l\u2019heure est donc au bilan. \u00c0 <a href=\"https:\/\/actu.fr\/saint-etienne\/\" rel=\"nofollow noopener\" target=\"_blank\">Saint-\u00c9tienne<\/a> (<a href=\"https:\/\/actu.fr\/auvergne-rhone-alpes\/loire_42\" rel=\"nofollow noopener\" target=\"_blank\">Loire<\/a>) et plus particuli\u00e8rement dans le centre-ville, les retours sont pour le moins <strong>mitig\u00e9s<\/strong>.<br \/>Si certains commer\u00e7ants st\u00e9phanois sont parvenus \u00e0 tenir la route, d\u2019autres ne cachent pas leur d\u00e9ception. Tour d\u2019horizon.<\/p>\n<p>\u00ab\u2009Le mois des soldes \u00e7a ne veut plus rien dire\u2009\u00bb<\/p>\n<p class=\" wall-content\">Du c\u00f4t\u00e9 de la rue Michelet, consid\u00e9r\u00e9e pour certains comme \u00e9tant les Champs-\u00c9lys\u00e9es st\u00e9phanois, on ne souhaite plus utiliser les soldes comme r\u00e9f\u00e9rence. \u00ab\u2009Le mois des soldes <strong>\u00e7a ne veut plus rien dire<\/strong>, il faut voir sur la saison dans son ensemble\u2009\u00bb, relate Michel Kizirian, pr\u00e9sident de l\u2019association Michelet C\u0153ur de ville, qui regroupe quelques 29 commerces de la rue \u00e9ponyme, et par ailleurs propri\u00e9taire de la boutique de chaussures Au Pied \u00e0 l\u2019aise.<\/p>\n<p class=\" wall-content\">S\u2019il n\u2019a pas constat\u00e9 de pertes consid\u00e9rables par rapport \u00e0 l\u2019\u00e9t\u00e9 dernier chez lui, Michel Kizirian a tout de m\u00eame pu observer une baisse de la fr\u00e9quentation dans le centre-ville. \u00ab\u2009En raison des <strong>fortes chaleurs<\/strong> depuis le d\u00e9but de l\u2019\u00e9t\u00e9, les clients choisissaient leurs heures pour venir. Dans notre cas, on a fait le gros de notre chiffre d\u2019affaires le matin et l\u2019apr\u00e8s-midi d\u00e8s 17\u00a0heures\u2009\u00bb, confie-t-il.<\/p>\n<blockquote class=\"ac-article-quote wall-content\">\n<p>C&rsquo;est clair que \u00e7a n&rsquo;a pas aid\u00e9 certains. On va faire le bilan avec les commer\u00e7ants, mais il y en a d\u00e9j\u00e0 quelques-uns qui m&rsquo;ont d\u00e9j\u00e0 fait part de leurs difficult\u00e9s.<\/p>\n<p>    <strong>Michel Kizirian <\/strong><br \/>\n        Pr\u00e9sident de l&rsquo;association Michelet C\u0153ur de ville    <\/p><\/blockquote>\n<p>\u00ab\u2009C\u2019est de pire en pire\u2009\u00bb<\/p>\n<p class=\" wall-content\">Au sein de la boutique \u00c0 l\u2019Ombre des marques, situ\u00e9e sur la place de l\u2019H\u00f4tel-de-Ville, ces soldes 2025 sont clairement \u00e0 \u00ab\u2009oublier\u2009\u00bb. \u00ab\u2009C\u2019est de<strong> pire en pire<\/strong>. Ce n\u2019est plus une p\u00e9riode g\u00e9n\u00e9ratrice de chiffres d\u2019affaires. Cette ann\u00e9e, on a constat\u00e9 \u00e9norm\u00e9ment de pertes. Par rapport \u00e0 l\u2019ann\u00e9e derni\u00e8re, on a perdu environ 15\u2009%, c\u2019est \u00e9norme\u2009\u00bb, glisse Anne-Marie Kacem, la responsable.<\/p>\n<p class=\" wall-content\">Selon cette derni\u00e8re, les fortes chaleurs n\u2019ont pas eu un quelconque impact sur l\u2019activit\u00e9 du magasin. Le probl\u00e8me demeure davantage autour de l\u2019attractivit\u00e9 du c\u0153ur de ville st\u00e9phanois. \u00ab\u2009\u00c7a manque clairement d\u2019animation. C\u2019est compl\u00e8tement <strong>mort<\/strong> sur la place, plein de clients nous disent qu\u2019ils ne viennent plus \u00e0 cause de \u00e7a. Maintenant, il faut faire face \u00e0 la r\u00e9alit\u00e9, les gens ne font plus de l\u00e8che-vitrines, \u00e0 part \u00e0 No\u00ebl\u2009\u00bb, d\u00e9plore-t-elle.<\/p>\n<p class=\" wall-content\">Chez Boutique Premi\u00e8re, en d\u00e9pit d\u2019un d\u00e9part poussif, on est parvenu \u00e0 limiter les d\u00e9g\u00e2ts. \u00ab\u2009Les premiers jours, c\u2019\u00e9tait <strong>vraiment mal barr\u00e9<\/strong>. M\u00eame si \u00e7a a fini par s\u2019arranger, ce n\u2019\u00e9tait clairement pas la cohue comme \u00e7a a pu l\u2019\u00eatre les ann\u00e9es pr\u00e9c\u00e9dentes\u2009\u00bb, souffle Tha\u00efs, la responsable de ce magasin de v\u00eatements pour femmes nich\u00e9e sur la rue des Foss\u00e9s.<\/p>\n<p class=\" wall-content\">Si elle partage le m\u00eame sentiment que ses confr\u00e8res, \u00e0 savoir que \u00ab\u2009les soldes ne signifient plus rien\u2009\u00bb, la responsable de Boutique Premi\u00e8re rencontre davantage de difficult\u00e9s juste avant les soldes. \u00ab\u2009Au d\u00e9but du mois de mai, il y a beaucoup de boutiques qui font des ventes priv\u00e9es. \u00c0 cette p\u00e9riode, j\u2019ai fait un chiffre d\u2019affaires <strong>catastrophique<\/strong>. C\u2019est totalement d\u00e9loyal. Les soldes, c\u2019est tout le temps chez certains\u2009\u00bb, regrettent-elles.<\/p>\n<p>Steel a accapar\u00e9 toute la client\u00e8le\u2009?<\/p>\n<p class=\" wall-content\">\u00c0 quelques encablures, chez la boutique de pr\u00eat-\u00e0-porter Seven 7, ces soldes n\u2019ont pas non plus \u00e9t\u00e9 des plus lucratives. \u00ab\u2009C\u2019\u00e9tait une catastrophe. Il y a eu un grand manque de passage cet \u00e9t\u00e9. On s\u2019attendait clairement \u00e0 mieux, alors que, pourtant, on a bien mis en avant nos petits prix. Compar\u00e9 aux derni\u00e8res soldes, on est sur du <strong>-20\u2009%<\/strong>\u2009\u00bb, se d\u00e9sole Isabelle Sylvente.<\/p>\n<p class=\" wall-content\">Exit la chaleur ou encore le manque d\u2019attractivit\u00e9 de l\u2019emplacement\u2009: selon la responsable, le <a href=\"https:\/\/actu.fr\/auvergne-rhone-alpes\/saint-etienne_42218\/centre-deux-a-saint-etienne-ce-magasin-a-petits-prix-s-installe-voici-quand_62701034.html\" rel=\"nofollow noopener\" target=\"_blank\">centre commercial Steel<\/a> s\u2019est \u00ab\u2009appropri\u00e9 une bonne partie de la client\u00e8le. Avec l\u2019arriv\u00e9e de Stradivarius ou encore Zara, les clients pr\u00e9f\u00e8rent aller l\u00e0-bas, c\u2019est plus pratique et en plus le parking est gratuit\u2009\u00bb, estime-t-elle.<\/p>\n<p class=\" wall-content\">En tout cas, pour une majeure partie des commer\u00e7ants, les soldes \u00ab\u2009ne sont plus ce que c\u2019\u00e9tait. Maintenant, d\u00e8s qu\u2019elles d\u00e9butent, on ne se fait plus d\u2019illusions\u2009\u00bb.<\/p>\n<p class=\" wall-content\">Suivez toute l\u2019actualit\u00e9 de vos villes et m\u00e9dias favoris en vous inscrivant \u00e0 <a href=\"https:\/\/moncompte.actu.fr\" title=\"D\u00e9couvez Mon Actu\" rel=\"nofollow noopener\" data-trk=\"{&quot;cta&quot;:{&quot;action&quot;:&quot;https:\\\/\\\/moncompte.actu.fr&quot;,&quot;category&quot;:&quot;mon compte&quot;,&quot;from&quot;:&quot;article footer&quot;,&quot;name&quot;:&quot;Mon actu&quot;,&quot;type&quot;:&quot;cta&quot;}}\" target=\"_blank\">Mon Actu<\/a>.<\/p>\n","protected":false},"excerpt":{"rendered":"Par Julien Sournies Publi\u00e9 le 24 juil. 2025 \u00e0 17h17 La p\u00e9riode que tout le monde attend avec&hellip;\n","protected":false},"author":2,"featured_media":270782,"comment_status":"","ping_status":"","sticky":false,"template":"","format":"standard","meta":{"footnotes":""},"categories":[9653],"tags":[1111,11,2430,215,1777,674,1011,27,12,25,4001,104,11772],"class_list":{"0":"post-270781","1":"post","2":"type-post","3":"status-publish","4":"format-standard","5":"has-post-thumbnail","7":"category-saint-etienne","8":"tag-actu","9":"tag-actualites","10":"tag-auvergne-rhone-alpes","11":"tag-commerce","12":"tag-eu","13":"tag-europe","14":"tag-fr","15":"tag-france","16":"tag-news","17":"tag-republique-francaise","18":"tag-saint-etienne","19":"tag-societe","20":"tag-soldes"},"share_on_mastodon":{"url":"https:\/\/pubeurope.com\/@fr\/114909040076363234","error":""},"_links":{"self":[{"href":"https:\/\/www.europesays.com\/fr\/wp-json\/wp\/v2\/posts\/270781","targetHints":{"allow":["GET"]}}],"collection":[{"href":"https:\/\/www.europesays.com\/fr\/wp-json\/wp\/v2\/posts"}],"about":[{"href":"https:\/\/www.europesays.com\/fr\/wp-json\/wp\/v2\/types\/post"}],"author":[{"embeddable":true,"href":"https:\/\/www.europesays.com\/fr\/wp-json\/wp\/v2\/users\/2"}],"replies":[{"embeddable":true,"href":"https:\/\/www.europesays.com\/fr\/wp-json\/wp\/v2\/comments?post=270781"}],"version-history":[{"count":0,"href":"https:\/\/www.europesays.com\/fr\/wp-json\/wp\/v2\/posts\/270781\/revisions"}],"wp:featuredmedia":[{"embeddable":true,"href":"https:\/\/www.europesays.com\/fr\/wp-json\/wp\/v2\/media\/270782"}],"wp:attachment":[{"href":"https:\/\/www.europesays.com\/fr\/wp-json\/wp\/v2\/media?parent=270781"}],"wp:term":[{"taxonomy":"category","embeddable":true,"href":"https:\/\/www.europesays.com\/fr\/wp-json\/wp\/v2\/categories?post=270781"},{"taxonomy":"post_tag","embeddable":true,"href":"https:\/\/www.europesays.com\/fr\/wp-json\/wp\/v2\/tags?post=270781"}],"curies":[{"name":"wp","href":"https:\/\/api.w.org\/{rel}","templated":true}]}}