{"id":270783,"date":"2025-07-24T15:59:25","date_gmt":"2025-07-24T15:59:25","guid":{"rendered":"https:\/\/www.europesays.com\/fr\/270783\/"},"modified":"2025-07-24T15:59:25","modified_gmt":"2025-07-24T15:59:25","slug":"un-voleur-de-jantes-arrete","status":"publish","type":"post","link":"https:\/\/www.europesays.com\/fr\/270783\/","title":{"rendered":"un voleur de jantes arr\u00eat\u00e9"},"content":{"rendered":"<p>Il a \u00e9cum\u00e9 les communes de la couronne st\u00e9phanoise pendant des mois. Entre f\u00e9vrier et mai, de multiples plaintes sont enregistr\u00e9es par les services de police pour des vols de jantes sur des v\u00e9hicules stationn\u00e9s dans diff\u00e9rents endroits de la m\u00e9tropole\u00a0: Saint-\u00c9tienne mais aussi Villars, Saint-Priest-en-Jarez ou Saint-Genest-Lerpt.<\/p>\n<p>  Un v\u00e9hicule rep\u00e9r\u00e9<\/p>\n<p>L\u2019enqu\u00eate est confi\u00e9e \u00e0 la Brigade des atteintes aux biens. En \u00e9tudiant les plaintes et les t\u00e9moignages, les enqu\u00eateurs s\u2019aper\u00e7oivent qu\u2019un v\u00e9hicule est souvent signal\u00e9 \u00e0 proximit\u00e9 de la voiture de la victime. Ils se lancent dans l\u2019exploitation des <a href=\"https:\/\/www.leprogres.fr\/faits-divers-justice\/2025\/07\/06\/le-centre-de-supervision-urbain-inaugure-utile-pour-les-enquetes\" target=\"_blank\" rel=\"noopener\">images de vid\u00e9osurveillance<\/a>.<\/p>\n<p>  \u00c0 chaque vol, les t\u00e9moins remarquent une Clio<\/p>\n<p>La pr\u00e9sence d\u2019une Clio est constat\u00e9e \u00e0 plusieurs reprises. Identifi\u00e9e, la voiture les renseigne sur son propri\u00e9taire. En exploitant ses donn\u00e9es t\u00e9l\u00e9phoniques, les enqu\u00eateurs d\u00e9couvrent qu\u2019il a born\u00e9, \u00e0 cinq reprises, sur les lieux d\u2019un vol de jantes de voiture. Dans un des cas, il a \u00e9galement d\u00e9rob\u00e9 un GPS dans l\u2019habitacle.<\/p>\n<p>Pour ces cinq faits, l\u2019homme, \u00e2g\u00e9 de 24 ans, a \u00e9t\u00e9 interpell\u00e9 mercredi 23\u00a0juillet et plac\u00e9 en garde \u00e0 vue. Lors de la perquisition \u00e0 son domicile, les fonctionnaires ont trouv\u00e9 un marteau brise-vitre, ainsi qu\u2019une pi\u00e8ce d\u2019identit\u00e9, d\u00e9rob\u00e9e lors d\u2019un vol \u00e0 la roulotte.<\/p>\n<p>En audition, le mis en cause a reconnu les faits. Il devra en r\u00e9pondre devant le tribunal dans le cadre d\u2019une comparution sur reconnaissance pr\u00e9alable de culpabilit\u00e9.<\/p>\n","protected":false},"excerpt":{"rendered":"Il a \u00e9cum\u00e9 les communes de la couronne st\u00e9phanoise pendant des mois. Entre f\u00e9vrier et mai, de multiples&hellip;\n","protected":false},"author":2,"featured_media":270784,"comment_status":"","ping_status":"","sticky":false,"template":"","format":"standard","meta":{"footnotes":""},"categories":[9653],"tags":[1111,11,2430,271,272,7539,1777,674,274,1011,27,3367,12,25,4001,7538],"class_list":{"0":"post-270783","1":"post","2":"type-post","3":"status-publish","4":"format-standard","5":"has-post-thumbnail","7":"category-saint-etienne","8":"tag-actu","9":"tag-actualites","10":"tag-auvergne-rhone-alpes","11":"tag-crime","12":"tag-delit-et-contravention","13":"tag-edition-loire-sud","14":"tag-eu","15":"tag-europe","16":"tag-faits-divers-justice","17":"tag-fr","18":"tag-france","19":"tag-loire","20":"tag-news","21":"tag-republique-francaise","22":"tag-saint-etienne","23":"tag-saint-etienne-ville"},"share_on_mastodon":{"url":"https:\/\/pubeurope.com\/@fr\/114909044036977738","error":""},"_links":{"self":[{"href":"https:\/\/www.europesays.com\/fr\/wp-json\/wp\/v2\/posts\/270783","targetHints":{"allow":["GET"]}}],"collection":[{"href":"https:\/\/www.europesays.com\/fr\/wp-json\/wp\/v2\/posts"}],"about":[{"href":"https:\/\/www.europesays.com\/fr\/wp-json\/wp\/v2\/types\/post"}],"author":[{"embeddable":true,"href":"https:\/\/www.europesays.com\/fr\/wp-json\/wp\/v2\/users\/2"}],"replies":[{"embeddable":true,"href":"https:\/\/www.europesays.com\/fr\/wp-json\/wp\/v2\/comments?post=270783"}],"version-history":[{"count":0,"href":"https:\/\/www.europesays.com\/fr\/wp-json\/wp\/v2\/posts\/270783\/revisions"}],"wp:featuredmedia":[{"embeddable":true,"href":"https:\/\/www.europesays.com\/fr\/wp-json\/wp\/v2\/media\/270784"}],"wp:attachment":[{"href":"https:\/\/www.europesays.com\/fr\/wp-json\/wp\/v2\/media?parent=270783"}],"wp:term":[{"taxonomy":"category","embeddable":true,"href":"https:\/\/www.europesays.com\/fr\/wp-json\/wp\/v2\/categories?post=270783"},{"taxonomy":"post_tag","embeddable":true,"href":"https:\/\/www.europesays.com\/fr\/wp-json\/wp\/v2\/tags?post=270783"}],"curies":[{"name":"wp","href":"https:\/\/api.w.org\/{rel}","templated":true}]}}