{"id":270801,"date":"2025-07-24T16:09:20","date_gmt":"2025-07-24T16:09:20","guid":{"rendered":"https:\/\/www.europesays.com\/fr\/270801\/"},"modified":"2025-07-24T16:09:20","modified_gmt":"2025-07-24T16:09:20","slug":"nord-isere-sytral-mobilites-lance-en-covoitlignes-des-septembre-comment-ca-fonctionne","status":"publish","type":"post","link":"https:\/\/www.europesays.com\/fr\/270801\/","title":{"rendered":"Nord-Is\u00e8re. Sytral Mobilit\u00e9s lance\u00a0En Covoit\u2019Lignes\u00a0d\u00e8s septembre\u200a: comment \u00e7a fonctionne\u200a?"},"content":{"rendered":"<p class=\"xsm-p emxed-markup\">En lan\u00e7ant\u00a0En Covoit\u2019Lignes en septembre, Sytral Mobilit\u00e9s entend proposer, avec quatre lignes, un service de covoiturage accessible et compl\u00e9mentaire au r\u00e9seau TCL, pour r\u00e9pondre aux besoins de d\u00e9placements des habitants dans les territoires excentr\u00e9s.<\/p>\n<p class=\"xsm-p emxed-markup\">Cette solution offre une alternative concr\u00e8te \u00e0 l\u2019autosolisme pour les trajets quotidiens. Elle s\u2019appuie sur le premier\u00a0<a class=\"emxed-markup\" href=\"https:\/\/www.leprogres.fr\/environnement\/2025\/05\/17\/le-covoiturage-version-lane-cette-autre-facon-de-venir-travailler-a-lyon\" target=\"_blank\" rel=\"noopener\">succ\u00e8s de la ligne Lane reliant Bourgoin-Jallieu \u00e0 Lyon et V\u00e9nissieux<\/a>, lanc\u00e9e en 2020, qui compte, \u00e0 ce jour, plus de 1\u200a300 utilisateurs \u00e0 l\u2019ann\u00e9e. Test\u00e9e par l\u2019un de nos journalistes en juillet\u00a02023, elle avait \u00e9t\u00e9 jug\u00e9e presque aussi fiable que le m\u00e9tro, proposant m\u00eame l\u2019intervention d\u2019un VTC en cas d\u2019absence de covoiturage.\u00a0Mais comment \u00e7a marche, concr\u00e8tement\u200a?<\/p>\n<p>  Pour les passagers<\/p>\n<p class=\"xsm-p emxed-markup\">Avec\u00a0En Covoit\u2019Lignes, vous rejoignez des arr\u00eats pr\u00e9d\u00e9finis situ\u00e9s sur votre trajet domicile-travail. Vous n\u2019avez pas besoin de r\u00e9server, le service fonctionne en heures de pointe pour garantir vos trajets quotidiens.<\/p>\n<p class=\"xsm-p emxed-markup\">Pour les abonn\u00e9s TCL, deux trajets par jour sont offerts, permettant de compl\u00e9ter votre trajet en transport en commun sans co\u00fbt suppl\u00e9mentaire.<\/p>\n<p class=\"xsm-p emxed-markup\">En utilisant le covoiturage, vous contribuez \u00e0 r\u00e9duire le trafic et votre empreinte carbone, tout en partageant des trajets, dans une logique de compl\u00e9mentarit\u00e9 avec les autres mobilit\u00e9s (parking relais, v\u00e9los, TER, TCL).<\/p>\n<p>  Pour les conducteurs<\/p>\n<p class=\"xsm-p emxed-markup\">Le service offre une incitation financi\u00e8re de 2\u00a0\u20ac par passager transport\u00e9, entre deux arr\u00eats de la ligne, financ\u00e9e par les collectivit\u00e9s. Vous roulez utile, \u00e9conomisez sur vos trajets domicile-travail et facilitez la mobilit\u00e9 sur votre territoire, tout en r\u00e9duisant les trajets en voiture solo. Vous pouvez prendre un ou plusieurs passagers, sans d\u00e9tour, et contribuer \u00e0 la fluidit\u00e9 des trajets pendulaires.<\/p>\n<p>Quelles lignes disponibles\u200a?<\/p>\n<p class=\"xsm-p emxed-markup\">Lane (Bourgoin-Jallieu \u2013 Lyon\/V\u00e9nissieux), la premi\u00e8re, est d\u00e9j\u00e0 active depuis 2020 et continue d\u2019offrir une alternative fiable aux habitants de la Communaut\u00e9 d\u2019Agglom\u00e9ration Porte de l\u2019Is\u00e8re (Capi).<\/p>\n<p class=\"xsm-p emxed-markup\">La ligne 2\u00a0(Di\u00e9moz \u2013 V\u00e9nissieux) relie l\u2019Is\u00e8re au m\u00e9tro D et au r\u00e9seau TCL, favorisant l\u2019intermodalit\u00e9 avec les habitants de Colline Is\u00e8re Nord Communaut\u00e9.<\/p>\n<p class=\"xsm-p emxed-markup\">La ligne 3 (Saint-Laurent-de-Mure \u2013 Mermoz Pinel) dessert l\u2019Est lyonnais et facilite la connexion avec le m\u00e9tro D, diversifiant ainsi les solutions de mobilit\u00e9.<\/p>\n<p class=\"xsm-p emxed-markup\">Enfin,\u00a0la ligne 4 (Vall\u00e9e du Garon \u2013 Saint-Genis-Laval\/Lyon Confluence) offre une compl\u00e9mentarit\u00e9 avec les lignes express 145EX\/C205, permettant de rejoindre rapidement le m\u00e9tro B ou le centre de Lyon. D\u2019autres lignes sont en projet pour 2026.<\/p>\n<p>Une mobilit\u00e9 simple, \u00e9cologique et \u00e9conomique<\/p>\n<p class=\"xsm-p emxed-markup\">Avec un mod\u00e8le tarifaire int\u00e9gr\u00e9 \u00e0 l\u2019offre TCL, l\u2019objectif d\u2019En Covoit\u2019Lignes est de rendre le covoiturage attractif et accessible au plus grand nombre.<\/p>\n<p class=\"xsm-p emxed-markup\">Ce service\u00a0r\u00e9duit les co\u00fbts de d\u00e9placement dans un contexte \u00e9conomique tendu, diminue le trafic et la pollution en r\u00e9duisant le nombre de voitures en circulation, favorise la convivialit\u00e9 et la solidarit\u00e9 entre habitants et travailleurs du territoire, simplifie les trajets pendulaires sans contrainte de r\u00e9servation.<\/p>\n<p>Comment utiliser\u00a0En Covoit\u2019Lignes\u200a?<\/p>\n<p class=\"xsm-p emxed-markup\">Localisez l\u2019arr\u00eat de covoiturage le plus proche sur votre ligne dans l\u2019application. Rendez-vous \u00e0 l\u2019arr\u00eat en heure de pointe sans r\u00e9servation. Montez dans le v\u00e9hicule d\u2019un conducteur participant, dans le respect des r\u00e8gles de s\u00e9curit\u00e9. Connectez facilement votre trajet au r\u00e9seau TCL ou aux parkings relais, selon votre destination.<\/p>\n<p class=\"xsm-p emxed-markup note\">Pour en savoir plus sur l\u2019inscription, les horaires et les points d\u2019arr\u00eat\u200a: toutes les informations seront disponibles sur le site\u00a0<a class=\"emxed-markup\" href=\"http:\/\/encovoit-lignes.com\" target=\"_blank\" rel=\"noopener\">encovoit-lignes.com<\/a><\/p>\n","protected":false},"excerpt":{"rendered":"En lan\u00e7ant\u00a0En Covoit\u2019Lignes en septembre, Sytral Mobilit\u00e9s entend proposer, avec quatre lignes, un service de covoiturage accessible et&hellip;\n","protected":false},"author":2,"featured_media":270802,"comment_status":"","ping_status":"","sticky":false,"template":"","format":"standard","meta":{"footnotes":""},"categories":[9566],"tags":[1111,11,2430,12919,3542,115,116,111,1777,674,107,1011,27,2731,108,12,25,2803],"class_list":{"0":"post-270801","1":"post","2":"type-post","3":"status-publish","4":"format-standard","5":"has-post-thumbnail","7":"category-grenoble","8":"tag-actu","9":"tag-actualites","10":"tag-auvergne-rhone-alpes","11":"tag-bourgoin-jallieu","12":"tag-circulation","13":"tag-edition-bourgoin-jallieu-nord-dauphine","14":"tag-edition-la-tour-du-pin-nord-dauphine","15":"tag-edition-vienne-roussillon","16":"tag-eu","17":"tag-europe","18":"tag-fil-info","19":"tag-fr","20":"tag-france","21":"tag-grenoble","22":"tag-isere","23":"tag-news","24":"tag-republique-francaise","25":"tag-transport"},"share_on_mastodon":{"url":"https:\/\/pubeurope.com\/@fr\/114909083322502289","error":""},"_links":{"self":[{"href":"https:\/\/www.europesays.com\/fr\/wp-json\/wp\/v2\/posts\/270801","targetHints":{"allow":["GET"]}}],"collection":[{"href":"https:\/\/www.europesays.com\/fr\/wp-json\/wp\/v2\/posts"}],"about":[{"href":"https:\/\/www.europesays.com\/fr\/wp-json\/wp\/v2\/types\/post"}],"author":[{"embeddable":true,"href":"https:\/\/www.europesays.com\/fr\/wp-json\/wp\/v2\/users\/2"}],"replies":[{"embeddable":true,"href":"https:\/\/www.europesays.com\/fr\/wp-json\/wp\/v2\/comments?post=270801"}],"version-history":[{"count":0,"href":"https:\/\/www.europesays.com\/fr\/wp-json\/wp\/v2\/posts\/270801\/revisions"}],"wp:featuredmedia":[{"embeddable":true,"href":"https:\/\/www.europesays.com\/fr\/wp-json\/wp\/v2\/media\/270802"}],"wp:attachment":[{"href":"https:\/\/www.europesays.com\/fr\/wp-json\/wp\/v2\/media?parent=270801"}],"wp:term":[{"taxonomy":"category","embeddable":true,"href":"https:\/\/www.europesays.com\/fr\/wp-json\/wp\/v2\/categories?post=270801"},{"taxonomy":"post_tag","embeddable":true,"href":"https:\/\/www.europesays.com\/fr\/wp-json\/wp\/v2\/tags?post=270801"}],"curies":[{"name":"wp","href":"https:\/\/api.w.org\/{rel}","templated":true}]}}