{"id":270803,"date":"2025-07-24T16:10:15","date_gmt":"2025-07-24T16:10:15","guid":{"rendered":"https:\/\/www.europesays.com\/fr\/270803\/"},"modified":"2025-07-24T16:10:15","modified_gmt":"2025-07-24T16:10:15","slug":"ils-ont-tout-pris-sauf-mon-seche-cheveux-un-media-belge-victime-de-cambriolages-a-grenoble","status":"publish","type":"post","link":"https:\/\/www.europesays.com\/fr\/270803\/","title":{"rendered":"\u00ab\u00a0Ils ont tout pris, sauf mon s\u00e8che-cheveux\u00a0\u00bb, un m\u00e9dia belge victime de cambriolages \u00e0 Grenoble"},"content":{"rendered":"<p class=\"mb-4 text-lg md:leading-8 break-words\">Jeudi gal\u00e8re pour les \u00e9quipes de<a href=\"https:\/\/sporza.be\/nl\/2025\/07\/24\/eerst-de-gestolen-motor-dan-nog-een-tegenslag-de-irreele-ochtend-van-sporza-in-de-tour-alles-hebben-ze-mee-behalve-mijn-haardroger~1753356642154\/\" rel=\"nofollow noopener\" target=\"_blank\" data-ylk=\"slk:Sporza;elm:context_link;itc:0;sec:content-canvas\" class=\"link \"> Sporza<\/a>. Les journalistes et techniciens de ce m\u00e9dia belge qui couvre le Tour de France pour VRT 1, une cha\u00eene de t\u00e9l\u00e9vision flamande et Radio 1, ont \u00e9t\u00e9 la cible de voleurs la nuit de mercredi \u00e0 jeudi \u00e0 Grenoble. Avant le d\u00e9part de la <a href=\"https:\/\/rmcsport.bfmtv.com\/cyclisme\/tour-de-france\/direct-tour-de-france-suivez-la-18e-etape-entre-vif-et-le-col-de-la-loze-en-live_LN-202507240199.html\" rel=\"nofollow noopener\" target=\"_blank\" data-ylk=\"slk:18e \u00e9tape du Tour de France;elm:context_link;itc:0;sec:content-canvas\" class=\"link \">18e \u00e9tape du Tour de France<\/a>, ils ont d\u00e9couvert que la moto gar\u00e9e devant leur h\u00f4tel avait disparu. Leur v\u00e9hicule a \u00e9galement \u00e9t\u00e9 vandalis\u00e9 et beaucoup de mat\u00e9riel, notamment des cam\u00e9ras ont \u00e9t\u00e9 vol\u00e9es. \u00ab\u00a0J\u2019ai d\u2019abord cru \u00e0 une blague\u00a0\u00bb, a r\u00e9agi Maarten Vangramberen, le journaliste pour Sporza.<\/p>\n<p>La moto \u00e9tait gar\u00e9e devant l&rsquo;entr\u00e9e de l&rsquo;h\u00f4tel<\/p>\n<p class=\"mb-4 text-lg md:leading-8 break-words\">L\u2019histoire (belge) n\u2019a rien de dr\u00f4le. \u00ab\u00a0D&rsquo;habitude, nous logeons toujours dans des h\u00f4tels avec un parking s\u00e9curis\u00e9, juste pour \u00e9viter les vols\u00a0\u00bb, poursuit Vangramberen. \u00ab\u00a0Sauf que cette fois-ci, \u00e0 Grenoble, ce n&rsquo;\u00e9tait pas possible.\u00a0\u00bb Une solution est trouv\u00e9e avec un parking souterrain. Mais en raison d\u2019une antenne trop haute, et en d\u00e9pit de tous les efforts du motard, Tom Claes, la moto a d\u00fb trouver une place ailleurs. Vangramberen poursuit: \u00ab\u00a0Le personnel de l\u2019h\u00f4tel a propos\u00e9 de la garer juste devant l&rsquo;entr\u00e9e, afin que quelqu&rsquo;un puisse toujours avoir l&rsquo;oeil dessus et qu&rsquo;elle soit visible par la cam\u00e9ra de s\u00e9curit\u00e9\u00a0\u00bb, glisse-t-il en rigolant. \u00ab\u00a0Il fallait vraiment contourner notre moto pour entrer dans cet h\u00f4tel.\u00a0\u00bb A 7h du matin, la moto avait disparu.<\/p>\n<p>Une camera sauv\u00e9e<\/p>\n<p class=\"mb-4 text-lg md:leading-8 break-words\">Mais ce n&rsquo;est pas fini. Une autre mauvaise surprise attend l&rsquo;\u00e9quipe de Sporza. Le parking souterrain fermant \u00e0 23h mercredi soir, elle avait finalement \u00e9t\u00e9 oblig\u00e9e de garer la voiture dans une rue du centre-ville de Grenoble. Mais lorsqu\u2019ils ont d\u00e9couvert le v\u00e9hicule, une porte \u00e9tait ouverte et une paire de lunette a disparu.<\/p>\n<p class=\"mb-4 text-lg md:leading-8 break-words\">\u00ab\u00a0Ils ont tout pris: cam\u00e9ras, \u00e9crans, mat\u00e9riel de sonorisation. Ils n&rsquo;ont laiss\u00e9 que mon s\u00e8che-cheveux. Heureusement, il restait aussi une cam\u00e9ra sous la plage arri\u00e8re, donc on peut encore en utiliser une.\u00a0\u00bb Les vols ont \u00e9t\u00e9 signal\u00e9s au commissariat. L\u2019<a href=\"https:\/\/rmcsport.bfmtv.com\/cyclisme\/tour-de-france\/etapes\/\" rel=\"nofollow noopener\" target=\"_blank\" data-ylk=\"slk:\u00e9tape;elm:context_link;itc:0;sec:content-canvas\" class=\"link \">\u00e9tape <\/a>reine a pu \u00eatre couverte mais avec des moyens limit\u00e9s. La moto d\u2019un photographe aurait aussi \u00e9t\u00e9 vol\u00e9e dans la nuit de mercredi \u00e0 jeudi.<\/p>\n<p class=\"mb-4 text-lg md:leading-8 break-words\"><a href=\"https:\/\/rmcsport.bfmtv.com\/cyclisme\/tour-de-france\/tour-de-france-ils-ont-tout-pris-sauf-mon-seche-cheveux-un-media-belge-victime-d-un-cambriolage-a-grenoble_AV-202507240411.html#xtor=AL-68\" rel=\"nofollow noopener\" target=\"_blank\" data-ylk=\"slk:Article original publi\u00e9 sur RMC Sport;elm:context_link;itc:0;sec:content-canvas\" class=\"link \">Article original publi\u00e9 sur RMC Sport<\/a><\/p>\n","protected":false},"excerpt":{"rendered":"Jeudi gal\u00e8re pour les \u00e9quipes de Sporza. Les journalistes et techniciens de ce m\u00e9dia belge qui couvre le&hellip;\n","protected":false},"author":2,"featured_media":270804,"comment_status":"","ping_status":"","sticky":false,"template":"","format":"standard","meta":{"footnotes":""},"categories":[9566],"tags":[1111,11,2430,41015,1777,674,1011,27,2731,41013,12,16025,25,41014,210],"class_list":{"0":"post-270803","1":"post","2":"type-post","3":"status-publish","4":"format-standard","5":"has-post-thumbnail","7":"category-grenoble","8":"tag-actu","9":"tag-actualites","10":"tag-auvergne-rhone-alpes","11":"tag-camera-de-securite","12":"tag-eu","13":"tag-europe","14":"tag-fr","15":"tag-france","16":"tag-grenoble","17":"tag-materiel-de-sonorisation","18":"tag-news","19":"tag-parking","20":"tag-republique-francaise","21":"tag-sporza","22":"tag-tour-de-france"},"share_on_mastodon":{"url":"https:\/\/pubeurope.com\/@fr\/114909087217443641","error":""},"_links":{"self":[{"href":"https:\/\/www.europesays.com\/fr\/wp-json\/wp\/v2\/posts\/270803","targetHints":{"allow":["GET"]}}],"collection":[{"href":"https:\/\/www.europesays.com\/fr\/wp-json\/wp\/v2\/posts"}],"about":[{"href":"https:\/\/www.europesays.com\/fr\/wp-json\/wp\/v2\/types\/post"}],"author":[{"embeddable":true,"href":"https:\/\/www.europesays.com\/fr\/wp-json\/wp\/v2\/users\/2"}],"replies":[{"embeddable":true,"href":"https:\/\/www.europesays.com\/fr\/wp-json\/wp\/v2\/comments?post=270803"}],"version-history":[{"count":0,"href":"https:\/\/www.europesays.com\/fr\/wp-json\/wp\/v2\/posts\/270803\/revisions"}],"wp:featuredmedia":[{"embeddable":true,"href":"https:\/\/www.europesays.com\/fr\/wp-json\/wp\/v2\/media\/270804"}],"wp:attachment":[{"href":"https:\/\/www.europesays.com\/fr\/wp-json\/wp\/v2\/media?parent=270803"}],"wp:term":[{"taxonomy":"category","embeddable":true,"href":"https:\/\/www.europesays.com\/fr\/wp-json\/wp\/v2\/categories?post=270803"},{"taxonomy":"post_tag","embeddable":true,"href":"https:\/\/www.europesays.com\/fr\/wp-json\/wp\/v2\/tags?post=270803"}],"curies":[{"name":"wp","href":"https:\/\/api.w.org\/{rel}","templated":true}]}}