{"id":270805,"date":"2025-07-24T16:11:13","date_gmt":"2025-07-24T16:11:13","guid":{"rendered":"https:\/\/www.europesays.com\/fr\/270805\/"},"modified":"2025-07-24T16:11:13","modified_gmt":"2025-07-24T16:11:13","slug":"trois-activites-originales-a-faire-sur-la-vilaine-a-rennes","status":"publish","type":"post","link":"https:\/\/www.europesays.com\/fr\/270805\/","title":{"rendered":"Trois activit\u00e9s originales \u00e0 faire sur la Vilaine \u00e0 Rennes"},"content":{"rendered":"<p>Louer un bateau \u00e9lectrique<\/p>\n<p>Au d\u00e9part du quai Saint-Cyr, parcourez la Vilaine \u00e0 bord d\u2019un bateau \u00e9lectrique et sans permis. D\u2019une capacit\u00e9 de cinq \u00e0 huit personnes, les canots de L\u2019Embarcad\u00e8re vous invitent \u00e0 profiter du centre de Rennes sous un nouvel angle. Des consignes de navigation vous seront fournies avant de vous l\u00e2cher sur l\u2019eau. L\u2019Embarcad\u00e8re propose aussi de la location de cano\u00ebs, kayaks et paddles.<\/p>\n<p class=\"note\"><strong>Pratique : <\/strong>embarcadere-rennes.fr<\/p>\n<p>Se lancer en eau vive<\/p>\n<p>La Base sports nature de Cesson-S\u00e9vign\u00e9 vous donne l\u2019occasion de naviguer en eau vive \u00e0 partir de 10 ans et en eau calme \u00e0 partir de 6 ans. Pour faire le plein de sensations fortes, rendez-vous au spot d\u2019eau vive pour du rafting et du kayak sur la rivi\u00e8re sportive. Sur un plan d\u2019eau plus calme, des balades en cano\u00eb, kayak ou en stand up paddle sont possibles.<\/p>\n<p class=\"note\"><strong>Pratique :<\/strong> ville-cesson-sevigne.fr\/contacts\/base-sports-nature<\/p>\n<p>S\u2019adonner au street-fishing<\/p>\n<p>Adepte de la p\u00eache ? Pratiquez le street-fishing sur la Vilaine, quai Saint-Cyr. La course aux records prime dans cette discipline o\u00f9 les p\u00eacheurs rel\u00e2chent leur prise sans leur faire de mal. Un plaisir simple qui n\u00e9cessite une canne, un sac \u00e0 dos et du temps devant soi.<\/p>\n","protected":false},"excerpt":{"rendered":"Louer un bateau \u00e9lectrique Au d\u00e9part du quai Saint-Cyr, parcourez la Vilaine \u00e0 bord d\u2019un bateau \u00e9lectrique et&hellip;\n","protected":false},"author":2,"featured_media":270806,"comment_status":"","ping_status":"","sticky":false,"template":"","format":"standard","meta":{"footnotes":""},"categories":[2821],"tags":[1111,11,829,1777,674,1011,27,848,12,584,25],"class_list":{"0":"post-270805","1":"post","2":"type-post","3":"status-publish","4":"format-standard","5":"has-post-thumbnail","7":"category-rennes","8":"tag-actu","9":"tag-actualites","10":"tag-bretagne","11":"tag-eu","12":"tag-europe","13":"tag-fr","14":"tag-france","15":"tag-ille-et-vilaine","16":"tag-news","17":"tag-rennes","18":"tag-republique-francaise"},"share_on_mastodon":{"url":"https:\/\/pubeurope.com\/@fr\/114909091092660095","error":""},"_links":{"self":[{"href":"https:\/\/www.europesays.com\/fr\/wp-json\/wp\/v2\/posts\/270805","targetHints":{"allow":["GET"]}}],"collection":[{"href":"https:\/\/www.europesays.com\/fr\/wp-json\/wp\/v2\/posts"}],"about":[{"href":"https:\/\/www.europesays.com\/fr\/wp-json\/wp\/v2\/types\/post"}],"author":[{"embeddable":true,"href":"https:\/\/www.europesays.com\/fr\/wp-json\/wp\/v2\/users\/2"}],"replies":[{"embeddable":true,"href":"https:\/\/www.europesays.com\/fr\/wp-json\/wp\/v2\/comments?post=270805"}],"version-history":[{"count":0,"href":"https:\/\/www.europesays.com\/fr\/wp-json\/wp\/v2\/posts\/270805\/revisions"}],"wp:featuredmedia":[{"embeddable":true,"href":"https:\/\/www.europesays.com\/fr\/wp-json\/wp\/v2\/media\/270806"}],"wp:attachment":[{"href":"https:\/\/www.europesays.com\/fr\/wp-json\/wp\/v2\/media?parent=270805"}],"wp:term":[{"taxonomy":"category","embeddable":true,"href":"https:\/\/www.europesays.com\/fr\/wp-json\/wp\/v2\/categories?post=270805"},{"taxonomy":"post_tag","embeddable":true,"href":"https:\/\/www.europesays.com\/fr\/wp-json\/wp\/v2\/tags?post=270805"}],"curies":[{"name":"wp","href":"https:\/\/api.w.org\/{rel}","templated":true}]}}