{"id":270807,"date":"2025-07-24T16:13:23","date_gmt":"2025-07-24T16:13:23","guid":{"rendered":"https:\/\/www.europesays.com\/fr\/270807\/"},"modified":"2025-07-24T16:13:23","modified_gmt":"2025-07-24T16:13:23","slug":"basket-ball-n1m-lunion-rennes-recrute-un-joueur-international-mais-perd-un-taulier-sport","status":"publish","type":"post","link":"https:\/\/www.europesays.com\/fr\/270807\/","title":{"rendered":"Basket-ball. N1M\u00a0: l\u2019Union Rennes recrute un joueur international, mais perd un taulier . Sport"},"content":{"rendered":"<p>Les rangs de l\u2019URB s\u2019\u00e9toffent, l\u2019ancien quimp\u00e9rois, Johan\u00a0Randriamananjara, \u00e9voluera sous les couleurs rennaises cette ann\u00e9e en Nationale 1.<\/p>\n<p>L\u2019ailier de deux m\u00e8tres, pass\u00e9 par l\u2019INSEP, tournait \u00e0 plus de 10\u00a0points de moyenne la saison derni\u00e8re avec Berck (NM1, Pas-de-Calais). Un renfort de choix, car l\u2019international malgache de 25\u00a0ans capte \u00e9galement pr\u00e8s de 6\u00a0rebonds et distribue 4\u00a0passes d\u00e9cisives par match.<\/p>\n<blockquote class=\"instagram-media\" data-instgrm-captioned=\"\" data-instgrm-permalink=\"https:\/\/www.instagram.com\/p\/DMAROFfIGme\/?utm_source=ig_embed&amp;utm_campaign=loading\" data-instgrm-version=\"14\" style=\" background:#FFF; border:0; border-radius:3px; box-shadow:0 0 1px 0 rgba(0,0,0,0.5),0 1px 10px 0 rgba(0,0,0,0.15); margin: 1px; max-width:540px; min-width:326px; padding:0; width:99.375%; width:-webkit-calc(100% - 2px); width:calc(100% - 2px);\" wp_automatic_readability=\"-0.25925925925926\"\/>\n<p>D\u2019autant plus que l\u2019URB et Checik\u00a0Sekou Cond\u00e9 ont act\u00e9 la fin de leur histoire commune. L\u2019int\u00e9rieur guin\u00e9en quitte Rennes apr\u00e8s avoir \u00e9volu\u00e9 cinq saisons sur les parquets de Colette-Besson.<\/p>\n<p>Du changement dans le staff\u00a0!<\/p>\n<p>Plus t\u00f4t dans l\u2019\u00e9t\u00e9,<a href=\"https:\/\/rennes.maville.com\/sport\/detail_-basket-ball.-n1m-l-union-rennes-lance-son-recrutement-_52674-6884207_actu.Htm\" target=\"_blank\" rel=\"noopener\"> l\u2019URB avait d\u00e9j\u00e0 officialis\u00e9 la signature de Channick Nkoma<\/a>, un int\u00e9rieur gabonais de 2,03\u00a0m \u00e2g\u00e9 de 27\u00a0ans, form\u00e9 \u00e0 l\u2019universit\u00e9 de West Florida (\u00c9tats-Unis).\u00a0N\u00e9 \u00e0 Rennes, Il jouait la saison derni\u00e8re en Finlande et affichait des statistiques tr\u00e8s int\u00e9ressantes\u00a0: 23,1\u00a0points pour 13,8 rebonds. \u00c0 la m\u00e8ne, le chef d\u2019orchestre am\u00e9ricain, Darwin \u00ab\u00a0Dee\u00a0\u00bb Davis, s\u2019\u00e9tait aussi engag\u00e9 avec Rennes.<\/p>\n<p>Il y a du mouvement \u00e9galement sur le banc de touche. Aymeric Bellour, coach des U18\u00a0durant deux saisons, remplace Quentin Lefort en tant que nouvel assistant de Bastien Demeur\u00e9.<\/p>\n<p>Quel est l\u2019effectif de l\u2019URB\u00a0?<\/p>\n<p>Quelques joueurs ont rempil\u00e9 \u00e0 Rennes comme c\u2019est le cas de\u00a0Joffrey Sclear, Eliot Thillier, Hugo Kamdem et Maxime Pointel. \u00c0 l\u2019inverse, Paul Billong, Kameronn Selebangue, Moustafa Haidara, Louis Gibey, Rudy Ekwakwe et Julian Ngufor n\u2019\u00e9volueront plus sous le maillot bretillien la saison prochaine tout comme le capitaine historique de l\u2019URB, Lucas Fontaine, qui n\u2019avait pas \u00e9t\u00e9 prolong\u00e9 par le club.<\/p>\n<p>En attente d\u2019autres renforts, voici, \u00e0 ce jour, le groupe de Bastien Demeur\u00e9\u00a0: Johan\u00a0Randriamananjara, Channick Nkoma, Darwin Davis, Joffrey Sclear, Eliot Thillier, Hugo Kamdem, Maxime Pointel.<\/p>\n<p><strong>Lire aussi\u00a0: <\/strong> <a href=\"https:\/\/rennes.maville.com\/sport\/detail_-union-rennes.-on-aurait-aime-decrocher-la-poule-haute-de-n1m-bastien-demeure-fait-le-bilan-_7-6798547_actu.Htm\" target=\"_blank\" rel=\"noopener\">Union Rennes. \u00ab\u00a0On aurait aim\u00e9 d\u00e9crocher la poule haute de N1M\u00a0\u00bb\u00a0: Bastien Demeur\u00e9 fait le bilan<\/a><\/p>\n<p>Ces sept joueurs reprendront les entra\u00eenements d\u00e8s le 11\u00a0ao\u00fbt avant d\u2019encha\u00eener les matchs amicaux\u00a0: le 22\u00a0ao\u00fbt \u00e0 20\u00a0h contre Quimper \u00e0 Saint-Brieuc, le 26\u00a0ao\u00fbt \u00e0 Bruz \u00e0 20\u00a0h contre Angers, le 29\u00a0ao\u00fbt \u00e0 B\u00e9con-les-Granits \u00e0 19\u00a0h contre Angers, le 4\u00a0septembre au Rheu \u00e0 19\u00a0h contre Laval et le 7\u00a0septembre \u00e0 Montgermont \u00e0 16\u00a0h\u00a030 contre Lorient.<\/p>\n<p>\u00a0<\/p>\n<p>\t\t<script async src=\"\/\/www.instagram.com\/embed.js\"><\/script><\/p>\n","protected":false},"excerpt":{"rendered":"Les rangs de l\u2019URB s\u2019\u00e9toffent, l\u2019ancien quimp\u00e9rois, Johan\u00a0Randriamananjara, \u00e9voluera sous les couleurs rennaises cette ann\u00e9e en Nationale 1.&hellip;\n","protected":false},"author":2,"featured_media":270808,"comment_status":"","ping_status":"","sticky":false,"template":"","format":"standard","meta":{"footnotes":""},"categories":[2821],"tags":[1111,11,3809,1465,829,1777,674,63,1011,27,1792,1922,12,584,25,479,4937,517,1470],"class_list":{"0":"post-270807","1":"post","2":"type-post","3":"status-publish","4":"format-standard","5":"has-post-thumbnail","7":"category-rennes","8":"tag-actu","9":"tag-actualites","10":"tag-ball","11":"tag-basket","12":"tag-bretagne","13":"tag-eu","14":"tag-europe","15":"tag-football","16":"tag-fr","17":"tag-france","18":"tag-handball","19":"tag-info","20":"tag-news","21":"tag-rennes","22":"tag-republique-francaise","23":"tag-rugby","24":"tag-saint-brieuc","25":"tag-sport","26":"tag-volley"},"share_on_mastodon":{"url":"https:\/\/pubeurope.com\/@fr\/114909098998878767","error":""},"_links":{"self":[{"href":"https:\/\/www.europesays.com\/fr\/wp-json\/wp\/v2\/posts\/270807","targetHints":{"allow":["GET"]}}],"collection":[{"href":"https:\/\/www.europesays.com\/fr\/wp-json\/wp\/v2\/posts"}],"about":[{"href":"https:\/\/www.europesays.com\/fr\/wp-json\/wp\/v2\/types\/post"}],"author":[{"embeddable":true,"href":"https:\/\/www.europesays.com\/fr\/wp-json\/wp\/v2\/users\/2"}],"replies":[{"embeddable":true,"href":"https:\/\/www.europesays.com\/fr\/wp-json\/wp\/v2\/comments?post=270807"}],"version-history":[{"count":0,"href":"https:\/\/www.europesays.com\/fr\/wp-json\/wp\/v2\/posts\/270807\/revisions"}],"wp:featuredmedia":[{"embeddable":true,"href":"https:\/\/www.europesays.com\/fr\/wp-json\/wp\/v2\/media\/270808"}],"wp:attachment":[{"href":"https:\/\/www.europesays.com\/fr\/wp-json\/wp\/v2\/media?parent=270807"}],"wp:term":[{"taxonomy":"category","embeddable":true,"href":"https:\/\/www.europesays.com\/fr\/wp-json\/wp\/v2\/categories?post=270807"},{"taxonomy":"post_tag","embeddable":true,"href":"https:\/\/www.europesays.com\/fr\/wp-json\/wp\/v2\/tags?post=270807"}],"curies":[{"name":"wp","href":"https:\/\/api.w.org\/{rel}","templated":true}]}}