{"id":270809,"date":"2025-07-24T16:14:16","date_gmt":"2025-07-24T16:14:16","guid":{"rendered":"https:\/\/www.europesays.com\/fr\/270809\/"},"modified":"2025-07-24T16:14:16","modified_gmt":"2025-07-24T16:14:16","slug":"offenheim-mariage-marie-et-stephane-se-sont-dit-oui","status":"publish","type":"post","link":"https:\/\/www.europesays.com\/fr\/270809\/","title":{"rendered":"Offenheim | Mariage. Marie et St\u00e9phane se sont dit oui"},"content":{"rendered":"<p>Il a fait beau et chaud ce samedi 5\u00a0juillet lors du mariage de Marie Hruschka et St\u00e9phane Bucher \u00e0 Stutzheim-Offenheim. Apr\u00e8s une entr\u00e9e des convives haute en couleur, avec un dress-code vert pastel, c\u2019est avec joie et \u00e9motion que l\u2019adjointe au maire Estelle Bender-Halter en pr\u00e9sence du maire Jean-Charles Lambert, a re\u00e7u les consentements des \u00e9poux devant leurs quatre t\u00e9moins. La c\u00e9r\u00e9monie religieuse s\u2019est poursuivie ce m\u00eame jour \u00e0 l\u2019\u00e9glise catholique Saints-Pierre-et-Paul de Stutzheim. Ils r\u00e9sident \u00e0 Kleinfrankenheim.<\/p>\n","protected":false},"excerpt":{"rendered":"Il a fait beau et chaud ce samedi 5\u00a0juillet lors du mariage de Marie Hruschka et St\u00e9phane Bucher&hellip;\n","protected":false},"author":2,"featured_media":270810,"comment_status":"","ping_status":"","sticky":false,"template":"","format":"standard","meta":{"footnotes":""},"categories":[2820],"tags":[1111,11,9223,2880,1777,674,1011,27,775,1930,12,25,7770,104,640,20067],"class_list":{"0":"post-270809","1":"post","2":"type-post","3":"status-publish","4":"format-standard","5":"has-post-thumbnail","7":"category-strasbourg","8":"tag-actu","9":"tag-actualites","10":"tag-carnet-du-jour","11":"tag-edition-strasbourg","12":"tag-eu","13":"tag-europe","14":"tag-fr","15":"tag-france","16":"tag-grand-est","17":"tag-mariage","18":"tag-news","19":"tag-republique-francaise","20":"tag-secteur-de-truchtersheim","21":"tag-societe","22":"tag-strasbourg","23":"tag-stutzheim-offenheim"},"share_on_mastodon":{"url":"https:\/\/pubeurope.com\/@fr\/114909103038735925","error":""},"_links":{"self":[{"href":"https:\/\/www.europesays.com\/fr\/wp-json\/wp\/v2\/posts\/270809","targetHints":{"allow":["GET"]}}],"collection":[{"href":"https:\/\/www.europesays.com\/fr\/wp-json\/wp\/v2\/posts"}],"about":[{"href":"https:\/\/www.europesays.com\/fr\/wp-json\/wp\/v2\/types\/post"}],"author":[{"embeddable":true,"href":"https:\/\/www.europesays.com\/fr\/wp-json\/wp\/v2\/users\/2"}],"replies":[{"embeddable":true,"href":"https:\/\/www.europesays.com\/fr\/wp-json\/wp\/v2\/comments?post=270809"}],"version-history":[{"count":0,"href":"https:\/\/www.europesays.com\/fr\/wp-json\/wp\/v2\/posts\/270809\/revisions"}],"wp:featuredmedia":[{"embeddable":true,"href":"https:\/\/www.europesays.com\/fr\/wp-json\/wp\/v2\/media\/270810"}],"wp:attachment":[{"href":"https:\/\/www.europesays.com\/fr\/wp-json\/wp\/v2\/media?parent=270809"}],"wp:term":[{"taxonomy":"category","embeddable":true,"href":"https:\/\/www.europesays.com\/fr\/wp-json\/wp\/v2\/categories?post=270809"},{"taxonomy":"post_tag","embeddable":true,"href":"https:\/\/www.europesays.com\/fr\/wp-json\/wp\/v2\/tags?post=270809"}],"curies":[{"name":"wp","href":"https:\/\/api.w.org\/{rel}","templated":true}]}}