{"id":270823,"date":"2025-07-24T16:21:17","date_gmt":"2025-07-24T16:21:17","guid":{"rendered":"https:\/\/www.europesays.com\/fr\/270823\/"},"modified":"2025-07-24T16:21:17","modified_gmt":"2025-07-24T16:21:17","slug":"les-rues-de-bordeaux-transformees-pour-le-tournage-de-ce-film-avec-vincent-lindon-et-camille-cottin","status":"publish","type":"post","link":"https:\/\/www.europesays.com\/fr\/270823\/","title":{"rendered":"Les rues de Bordeaux transform\u00e9es pour le tournage de ce film avec Vincent Lindon et Camille Cottin"},"content":{"rendered":"<p>            Par<br \/>\n        <strong><br \/>\n            <a href=\"https:\/\/actu.fr\/auteur\/juliette-cardinale\" title=\"Consulter tous les articles de Juliette Cardinale\" rel=\"nofollow noopener\" target=\"_blank\">Juliette Cardinale<\/a><br \/>\n        <\/strong><\/p>\n<p>        Publi\u00e9 le<\/p>\n<p>            24 juil. 2025 \u00e0 17h17        <\/p>\n<p>Les d\u00e9cors s\u2019installent petit \u00e0 petit <a href=\"https:\/\/actu.fr\/bordeaux\/\" rel=\"nofollow noopener\" target=\"_blank\">\u00e0 Bordeaux.<\/a> Quelques mois apr\u00e8s l\u2019impressionnant <a href=\"https:\/\/actu.fr\/nouvelle-aquitaine\/bordeaux_33063\/le-film-chopin-chopin-est-tourne-dans-les-rues-de-bordeaux-ou-sont-les-lieux-de-tournage_61722904.html\" rel=\"nofollow noopener\" target=\"_blank\">tournage de Chopin, Chopin !,<\/a> c\u2019est un autre <strong>film d\u2019\u00e9poque<\/strong> qui va investir les rues de la capitale girondine. Pour les besoins des Mis\u00e9rables de Fred Cavay\u00e9, certains lieux du c\u0153ur de Bordeaux <a href=\"https:\/\/actu.fr\/nouvelle-aquitaine\/bordeaux_33063\/comment-bordeaux-veut-attirer-les-tournages-et-devenir-paris-au-cinema_61799701.html\" rel=\"nofollow noopener\" target=\"_blank\">vont \u00eatre transport\u00e9s au XIXe si\u00e8cle.\u00a0<\/a><\/p>\n<p class=\" wall-content\">Ce jeudi 24 juillet 2025, on s\u2019active sur la place du Chapelet <strong>devant l\u2019\u00e9glise Notre-Dame.<\/strong> Alors qu\u2019un d\u00e9cor de caf\u00e9 est en cours de construction, un panneau annonce la couleur : en raison du tournage du film d\u2019\u00e9poque, \u00ab\u00a0acc\u00e8s v\u00e9hicules difficiles du vendredi 18 juillet au jeudi 21 ao\u00fbt\u00a0\u00bb.\u00a0<\/p>\n<p>Un tr\u00e8s beau casting<\/p>\n<p class=\" wall-content\">Il ne faudra donc pas s\u2019\u00e9tonner de croiser de beaux noms du cin\u00e9ma fran\u00e7ais au d\u00e9tour d\u2019une rue bordelaise. Pour camper Jean Valjean au cin\u00e9ma, Fred Cavay\u00e9 a choisi <strong>Vincent Lindon.<\/strong> Tahar Rahim, Vassili Schneider, No\u00e9mie Merlant ou encore Camille Cottin sont \u00e9galement annonc\u00e9s dans l\u2019adaptation du chef-d\u2019\u0153uvre de Victor Hugo.<\/p>\n<p class=\" wall-content\">L\u2019\u00e9quipe du film est d\u00e9j\u00e0 pass\u00e9e <a href=\"https:\/\/actu.fr\/nouvelle-aquitaine\/saint-macaire_33435\/tournage-des-miserables-en-gironde-en-coulisses-avec-figurants-et-comediens_62925488.html\" rel=\"nofollow noopener\" target=\"_blank\">par la commune de Saint-Macaire, pr\u00e8s de Langon.<\/a> Apr\u00e8s quelques semaines \u00e0 Bordeaux, le tournage se poursuivra notamment en r\u00e9gion parisienne. Le long-m\u00e9trage distribu\u00e9 par Studio Canal est <strong>attendu au cin\u00e9ma<\/strong> le 11 novembre 2026.\u00a0<\/p>\n<p class=\" wall-content\">Suivez toute l\u2019actualit\u00e9 de vos villes et m\u00e9dias favoris en vous inscrivant \u00e0 <a href=\"https:\/\/moncompte.actu.fr\" title=\"D\u00e9couvez Mon Actu\" rel=\"nofollow noopener\" data-trk=\"{&quot;cta&quot;:{&quot;action&quot;:&quot;https:\\\/\\\/moncompte.actu.fr&quot;,&quot;category&quot;:&quot;mon compte&quot;,&quot;from&quot;:&quot;article footer&quot;,&quot;name&quot;:&quot;Mon actu&quot;,&quot;type&quot;:&quot;cta&quot;}}\" target=\"_blank\">Mon Actu<\/a>.<\/p>\n","protected":false},"excerpt":{"rendered":"Par Juliette Cardinale Publi\u00e9 le 24 juil. 2025 \u00e0 17h17 Les d\u00e9cors s\u2019installent petit \u00e0 petit \u00e0 Bordeaux.&hellip;\n","protected":false},"author":2,"featured_media":270824,"comment_status":"","ping_status":"","sticky":false,"template":"","format":"standard","meta":{"footnotes":""},"categories":[2817],"tags":[1111,11,1997,650,1777,674,1011,27,12,2219,25,104,16366],"class_list":{"0":"post-270823","1":"post","2":"type-post","3":"status-publish","4":"format-standard","5":"has-post-thumbnail","7":"category-bordeaux","8":"tag-actu","9":"tag-actualites","10":"tag-bordeaux","11":"tag-cinema","12":"tag-eu","13":"tag-europe","14":"tag-fr","15":"tag-france","16":"tag-news","17":"tag-nouvelle-aquitaine","18":"tag-republique-francaise","19":"tag-societe","20":"tag-vincent-lindon"},"share_on_mastodon":{"url":"https:\/\/pubeurope.com\/@fr\/114909130485275201","error":""},"_links":{"self":[{"href":"https:\/\/www.europesays.com\/fr\/wp-json\/wp\/v2\/posts\/270823","targetHints":{"allow":["GET"]}}],"collection":[{"href":"https:\/\/www.europesays.com\/fr\/wp-json\/wp\/v2\/posts"}],"about":[{"href":"https:\/\/www.europesays.com\/fr\/wp-json\/wp\/v2\/types\/post"}],"author":[{"embeddable":true,"href":"https:\/\/www.europesays.com\/fr\/wp-json\/wp\/v2\/users\/2"}],"replies":[{"embeddable":true,"href":"https:\/\/www.europesays.com\/fr\/wp-json\/wp\/v2\/comments?post=270823"}],"version-history":[{"count":0,"href":"https:\/\/www.europesays.com\/fr\/wp-json\/wp\/v2\/posts\/270823\/revisions"}],"wp:featuredmedia":[{"embeddable":true,"href":"https:\/\/www.europesays.com\/fr\/wp-json\/wp\/v2\/media\/270824"}],"wp:attachment":[{"href":"https:\/\/www.europesays.com\/fr\/wp-json\/wp\/v2\/media?parent=270823"}],"wp:term":[{"taxonomy":"category","embeddable":true,"href":"https:\/\/www.europesays.com\/fr\/wp-json\/wp\/v2\/categories?post=270823"},{"taxonomy":"post_tag","embeddable":true,"href":"https:\/\/www.europesays.com\/fr\/wp-json\/wp\/v2\/tags?post=270823"}],"curies":[{"name":"wp","href":"https:\/\/api.w.org\/{rel}","templated":true}]}}