{"id":270827,"date":"2025-07-24T16:23:10","date_gmt":"2025-07-24T16:23:10","guid":{"rendered":"https:\/\/www.europesays.com\/fr\/270827\/"},"modified":"2025-07-24T16:23:10","modified_gmt":"2025-07-24T16:23:10","slug":"le-moteur-de-fusee-le-plus-puissant-deurope-concu-a-toulouse-une-start-up-releve-le-defi","status":"publish","type":"post","link":"https:\/\/www.europesays.com\/fr\/270827\/","title":{"rendered":"Le moteur de fus\u00e9e le plus puissant d&rsquo;Europe con\u00e7u \u00e0 Toulouse ? Une start-up rel\u00e8ve le d\u00e9fi"},"content":{"rendered":"<p>            Par<br \/>\n        <strong><br \/>\n            <a href=\"https:\/\/actu.fr\/auteur\/enzo-legros\" title=\"Consulter tous les articles de Enzo Legros\" rel=\"nofollow noopener\" target=\"_blank\">Enzo Legros<\/a><br \/>\n        <\/strong><\/p>\n<p>        Publi\u00e9 le<\/p>\n<p>            24 juil. 2025 \u00e0 17h53        <\/p>\n<p>Depuis sa cr\u00e9ation en 2018, une jeune <strong>start-up de <a href=\"https:\/\/actu.fr\/toulouse\/\" rel=\"nofollow noopener\" target=\"_blank\">Toulouse<\/a><\/strong> tire son \u00e9pingle du jeu dans la course technologique de l\u2019industrie spatiale. Moteurs r\u00e9utilisables, impression 3D, carburants peu polluants\u2026 <strong>Pangea Aerospace<\/strong> multiplie les innovations in\u00e9dites et r\u00e9volutionnaires \u00e0 l\u2019\u00e9chelle europ\u00e9enne, et attire le regard du secteur de l\u2019espace vers la Ville rose.<br \/>Pour pouvoir jouer dans la cour des grands, le constructeur encha\u00eene les prouesses, et s\u2019attaque d\u00e9sormais \u00e0 un d\u00e9fi de taille\u2009: <strong>concevoir le moteur de fus\u00e9e le plus puissant d\u2019Europe<\/strong>.<\/p>\n<p>Une r\u00e9volution pr\u00e9vue pour 2030<\/p>\n<p class=\" wall-content\">En juin\u00a02025, le Centre national des \u00e9tudes scientifiques (CNES) a choisi de confier \u00e0 la soci\u00e9t\u00e9 bas\u00e9e \u00e0 Toulouse ce pari immense, appel\u00e9 \u00ab<strong>\u2009projet Astre<\/strong>\u2009\u00bb. Le r\u00f4le de Pangea Aerospace sera de \u00ab\u2009r\u00e9aliser une conception pr\u00e9liminaire du prochain moteur europ\u00e9en [\u2026], <strong>le plus puissant d\u2019Europe<\/strong>\u2009\u00bb, pr\u00e9cise la start-up.<\/p>\n<p class=\" wall-content\">L\u2019\u00e9ch\u00e9ance programm\u00e9e pour l\u2019entr\u00e9e en service du moteur est fix\u00e9e \u00e0 l\u2019horizon 2030. Concr\u00e8tement, l\u2019entreprise toulousaine est charg\u00e9e d\u2019<strong>imaginer la production compl\u00e8te du moteur<\/strong>. Elle devra \u00e9galement lever les contraintes technologiques, qui s\u00e9parent encore l\u2019Europe des \u00c9tats-Unis, notamment sur la puissance de pouss\u00e9e.<\/p>\n<p>Une start-up sp\u00e9cialis\u00e9e dans les moteurs r\u00e9utilisables<\/p>\n<p class=\" wall-content\">Ce n\u2019est pas d\u00fb au hasard si le CNES a mis\u00e9 sur Pangea Aerospace pour son projet XXL. La soci\u00e9t\u00e9 a d\u00e9j\u00e0 fait ses preuves en allumant pour la premi\u00e8re fois de l\u2019histoire un moteur de fus\u00e9e \u00e0 m\u00e9thane et oxyg\u00e8ne liquide, une solution durable et efficace. Il sera commercialis\u00e9 <strong>\u00e0 partir de 2026<\/strong>.\u00a0L\u2019objectif du projet ASTRE est aussi de concevoir un moteur r\u00e9utilisable, la grande sp\u00e9cialit\u00e9 de Pangea Aerospace.<\/p>\n<p>Vid\u00e9os : en ce moment sur Actu<\/p>\n<p class=\" wall-content\">Jusqu\u2019ici, la start-up est parvenue \u00e0 cr\u00e9er des machines r\u00e9utilisables jusqu\u2019\u00e0 <strong>dix fois<\/strong>. \u00ab\u2009Nous avons \u00e0 c\u0153ur de d\u00e9velopper des solutions souveraines qui vont permettre \u00e0 l\u2019Europe de ne pas rater le tournant de la propulsion \u00e0 haute efficacit\u00e9, durable et \u00e0 bas co\u00fbt\u2009\u00bb, d\u00e9clarait en 2023 le<strong> fondateur de l\u2019affaire, Adria Argemi.<\/strong><\/p>\n<p class=\" wall-content\">Suivez toute l\u2019actualit\u00e9 de vos villes et m\u00e9dias favoris en vous inscrivant \u00e0 <a href=\"https:\/\/moncompte.actu.fr\" title=\"D\u00e9couvez Mon Actu\" rel=\"nofollow noopener\" data-trk=\"{&quot;cta&quot;:{&quot;action&quot;:&quot;https:\\\/\\\/moncompte.actu.fr&quot;,&quot;category&quot;:&quot;mon compte&quot;,&quot;from&quot;:&quot;article footer&quot;,&quot;name&quot;:&quot;Mon actu&quot;,&quot;type&quot;:&quot;cta&quot;}}\" target=\"_blank\">Mon Actu<\/a>.<\/p>\n","protected":false},"excerpt":{"rendered":"Par Enzo Legros Publi\u00e9 le 24 juil. 2025 \u00e0 17h53 Depuis sa cr\u00e9ation en 2018, une jeune start-up&hellip;\n","protected":false},"author":2,"featured_media":270828,"comment_status":"","ping_status":"","sticky":false,"template":"","format":"standard","meta":{"footnotes":""},"categories":[2816],"tags":[1111,11,386,1777,674,1011,27,12,2680,25,2631,675,2312],"class_list":{"0":"post-270827","1":"post","2":"type-post","3":"status-publish","4":"format-standard","5":"has-post-thumbnail","7":"category-toulouse","8":"tag-actu","9":"tag-actualites","10":"tag-espace","11":"tag-eu","12":"tag-europe","13":"tag-fr","14":"tag-france","15":"tag-news","16":"tag-occitanie","17":"tag-republique-francaise","18":"tag-sciences-technologie","19":"tag-start-up","20":"tag-toulouse"},"share_on_mastodon":{"url":"https:\/\/pubeurope.com\/@fr\/114909138460554268","error":""},"_links":{"self":[{"href":"https:\/\/www.europesays.com\/fr\/wp-json\/wp\/v2\/posts\/270827","targetHints":{"allow":["GET"]}}],"collection":[{"href":"https:\/\/www.europesays.com\/fr\/wp-json\/wp\/v2\/posts"}],"about":[{"href":"https:\/\/www.europesays.com\/fr\/wp-json\/wp\/v2\/types\/post"}],"author":[{"embeddable":true,"href":"https:\/\/www.europesays.com\/fr\/wp-json\/wp\/v2\/users\/2"}],"replies":[{"embeddable":true,"href":"https:\/\/www.europesays.com\/fr\/wp-json\/wp\/v2\/comments?post=270827"}],"version-history":[{"count":0,"href":"https:\/\/www.europesays.com\/fr\/wp-json\/wp\/v2\/posts\/270827\/revisions"}],"wp:featuredmedia":[{"embeddable":true,"href":"https:\/\/www.europesays.com\/fr\/wp-json\/wp\/v2\/media\/270828"}],"wp:attachment":[{"href":"https:\/\/www.europesays.com\/fr\/wp-json\/wp\/v2\/media?parent=270827"}],"wp:term":[{"taxonomy":"category","embeddable":true,"href":"https:\/\/www.europesays.com\/fr\/wp-json\/wp\/v2\/categories?post=270827"},{"taxonomy":"post_tag","embeddable":true,"href":"https:\/\/www.europesays.com\/fr\/wp-json\/wp\/v2\/tags?post=270827"}],"curies":[{"name":"wp","href":"https:\/\/api.w.org\/{rel}","templated":true}]}}