{"id":270831,"date":"2025-07-24T16:25:09","date_gmt":"2025-07-24T16:25:09","guid":{"rendered":"https:\/\/www.europesays.com\/fr\/270831\/"},"modified":"2025-07-24T16:25:09","modified_gmt":"2025-07-24T16:25:09","slug":"louna-belhout-achi-ex-ol-lyonnes-file-a-lille","status":"publish","type":"post","link":"https:\/\/www.europesays.com\/fr\/270831\/","title":{"rendered":"Louna Belhout-Achi (ex-OL Lyonnes) file \u00e0 Lille"},"content":{"rendered":"<p>                            <img width=\"770\" height=\"433\" src=\"https:\/\/www.europesays.com\/fr\/wp-content\/uploads\/2025\/07\/Capture-decran-2025-07-24-163852-e1753368085148-770x433.jpg\" class=\"attachment-article size-article wp-post-image\" alt=\"Louna Belhout-Achi est d\u00e9sormais Lilloise\" decoding=\"async\" fetchpriority=\"high\"  \/><\/p>\n<p>Louna Belhout-Achi a sign\u00e9 \u00e0 Lille (@LOSC)<\/p>\n<p>Une nouvelle joueuse de la r\u00e9serve lyonnaise change d&rsquo;horizon. Louna Belhout-Achi s&rsquo;est engag\u00e9e avec Lille, en D2.<\/p>\n<p>Chlo\u00e9 <strong><a href=\"https:\/\/www.olympique-et-lyonnais.com\/mercato-une-jeune-joueuse-dol-lyonnes-signe-a-metz,372527.html\" rel=\"nofollow noopener\" target=\"_blank\">D\u2019Abadie de Lurbe<\/a><\/strong> mardi, <a href=\"https:\/\/www.olympique-et-lyonnais.com\/mercato-laureen-oillic-quitte-lol-lyonnes-et-rejoint-lens,372587.html\" rel=\"nofollow noopener\" target=\"_blank\">Laureen <strong>Oillic<\/strong><\/a><strong> <\/strong>mercredi et Louna <strong>Belhout-Achi<\/strong> ce jeudi. En trois jours, trois anciennes joueuses de la r\u00e9serve d&rsquo;OL Lyonnes ont officiellement rejoint une nouvelle \u00e9curie. La derni\u00e8re en date a sign\u00e9 en faveur de Lille pour une saison. <\/p>\n<p>En Seconde Ligue, elle retrouvera son ex-co\u00e9quipi\u00e8re, D\u2019Abadie de Lurbe, qui s&rsquo;est elle engag\u00e9e \u00e0 Metz. A 20 ans, la jeune lat\u00e9rale au temp\u00e9rament offensif s&rsquo;appr\u00eate \u00e0 conna\u00eetre un nouvel environnement. Elle porte en effet la tunique rhodanienne depuis ses six ans, ayant int\u00e9gr\u00e9 le club en 2011. <\/p>\n<p>14 matchs en r\u00e9serve en 2024-2025<\/p>\n<p>La footballeuse n\u00e9e en 2005 a ensuite franchi toutes les \u00e9tapes au sein de l&rsquo;acad\u00e9mie, jusqu&rsquo;\u00e0 gagner \u00e0 deux reprises le championnat U19 (en 2022 et 2024). Elle a surtout remport\u00e9 la Premi\u00e8re Ligue en 2024. Cette ann\u00e9e-l\u00e0, elle a pu jouer une rencontre de D1, \u00e0 Bordeaux lors de la derni\u00e8re journ\u00e9e de la phase r\u00e9guli\u00e8re (2-1).<\/p>\n<p>Lors du pr\u00e9c\u00e9dent exercice, l&rsquo;internationale U19 fran\u00e7aise est apparue \u00e0 14 reprises en troisi\u00e8me division avec <a href=\"https:\/\/www.olympique-et-lyonnais.com\/ol-lyonnes-la-reserve-reprendra-le-championnat-contre-montauban,372483.html\" rel=\"nofollow noopener\" target=\"_blank\">le groupe de Julien <strong>Pernay<\/strong><\/a>. Elle en a profit\u00e9 pour inscrire deux buts. En 2025-2026, elle va donc d\u00e9couvrir l&rsquo;\u00e9tage au-dessus avec le LOSC. <\/p>\n","protected":false},"excerpt":{"rendered":"Louna Belhout-Achi a sign\u00e9 \u00e0 Lille (@LOSC) Une nouvelle joueuse de la r\u00e9serve lyonnaise change d&rsquo;horizon. Louna Belhout-Achi&hellip;\n","protected":false},"author":2,"featured_media":270832,"comment_status":"","ping_status":"","sticky":false,"template":"","format":"standard","meta":{"footnotes":""},"categories":[2815],"tags":[1111,11,1777,674,1011,27,811,1307,41018,1434,12,25],"class_list":{"0":"post-270831","1":"post","2":"type-post","3":"status-publish","4":"format-standard","5":"has-post-thumbnail","7":"category-lille","8":"tag-actu","9":"tag-actualites","10":"tag-eu","11":"tag-europe","12":"tag-fr","13":"tag-france","14":"tag-hauts-de-france","15":"tag-lille","16":"tag-louna-belhout-achi","17":"tag-mercato","18":"tag-news","19":"tag-republique-francaise"},"share_on_mastodon":{"url":"https:\/\/pubeurope.com\/@fr\/114909146280508561","error":""},"_links":{"self":[{"href":"https:\/\/www.europesays.com\/fr\/wp-json\/wp\/v2\/posts\/270831","targetHints":{"allow":["GET"]}}],"collection":[{"href":"https:\/\/www.europesays.com\/fr\/wp-json\/wp\/v2\/posts"}],"about":[{"href":"https:\/\/www.europesays.com\/fr\/wp-json\/wp\/v2\/types\/post"}],"author":[{"embeddable":true,"href":"https:\/\/www.europesays.com\/fr\/wp-json\/wp\/v2\/users\/2"}],"replies":[{"embeddable":true,"href":"https:\/\/www.europesays.com\/fr\/wp-json\/wp\/v2\/comments?post=270831"}],"version-history":[{"count":0,"href":"https:\/\/www.europesays.com\/fr\/wp-json\/wp\/v2\/posts\/270831\/revisions"}],"wp:featuredmedia":[{"embeddable":true,"href":"https:\/\/www.europesays.com\/fr\/wp-json\/wp\/v2\/media\/270832"}],"wp:attachment":[{"href":"https:\/\/www.europesays.com\/fr\/wp-json\/wp\/v2\/media?parent=270831"}],"wp:term":[{"taxonomy":"category","embeddable":true,"href":"https:\/\/www.europesays.com\/fr\/wp-json\/wp\/v2\/categories?post=270831"},{"taxonomy":"post_tag","embeddable":true,"href":"https:\/\/www.europesays.com\/fr\/wp-json\/wp\/v2\/tags?post=270831"}],"curies":[{"name":"wp","href":"https:\/\/api.w.org\/{rel}","templated":true}]}}