{"id":270833,"date":"2025-07-24T16:26:10","date_gmt":"2025-07-24T16:26:10","guid":{"rendered":"https:\/\/www.europesays.com\/fr\/270833\/"},"modified":"2025-07-24T16:26:10","modified_gmt":"2025-07-24T16:26:10","slug":"marseille-vente-dun-bien-immobilier-emblematique-saisi-par-lagrasc-sur","status":"publish","type":"post","link":"https:\/\/www.europesays.com\/fr\/270833\/","title":{"rendered":"Marseille : Vente d\u2019un bien immobilier embl\u00e9matique, saisi par l\u2019AGRASC, sur (\u2026)"},"content":{"rendered":"<p>                    <img loading=\"lazy\" decoding=\"async\" src=\"https:\/\/www.europesays.com\/fr\/wp-content\/uploads\/2025\/07\/a1c665c6bd43e25b64b6311cf2d812.jpg\" class=\"img-responsive post-image\" width=\"680\" height=\"510\" alt=\"Marseille : Vente d'un\" title=\"Marseille : Vente d'un bien immobilier embl\u00e9matique, saisi par l'AGRASC, sur la Corniche Kennedy\"\/><\/p>\n<p class=\"chapo\">Situ\u00e9 sur la Corniche du Pr\u00e9sident John Fitzgerald Kennedy, dans l\u2019un des secteurs les plus convoit\u00e9s de la cit\u00e9 phoc\u00e9enne, un ensemble immobilier exceptionnel de 1 749 m\u00b2 est propos\u00e9 \u00e0 la vente.<\/p>\n<p>Cette cession s\u2019inscrit \u00e0 la suite d\u2019une confiscation p\u00e9nale en lien avec <strong>l\u2019embl\u00e9matique affaire de la fraude \u00e0 la TVA sur les quotas de carbone<\/strong>. Cette op\u00e9ration \u00e0 forts enjeux est confi\u00e9e \u00e0 Agorastore, dans le cadre de son partenariat avec l\u2019AGRASC, l\u2019Agence de gestion et de recouvrement des avoirs saisis et confisqu\u00e9s.<\/p>\n<p>Un potentiel de valorisation rare<\/p>\n<p>Le site se trouve en position dominante face \u00e0 la mer et comprend des plateaux bruts \u00e0r\u00e9am\u00e9nager, des parkings et de vastes terrasses r\u00e9partis sur 5 \u00e9tages. Un projet detransformation en logements de standing avait \u00e9t\u00e9 initi\u00e9 et pourra \u00eatre repris ou repens\u00e9 parl\u2019acqu\u00e9reur. Cette situation exceptionnelle s\u2019accompagne de contraintes techniques et juridiques \u00e0 anticiper (permis expir\u00e9, copropri\u00e9t\u00e9 \u00e0 restructurer) et un potentiel de valorisation rare dans un secteur urbain aussi strat\u00e9gique que convoit\u00e9.<br class=\"autobr\"\/><br \/>\n<strong>Dans ce contexte, Agorastore mobilise l\u2019ensemble de son savoir-faire pour structurer une vente \u00e0 forts enjeux, garantir la transparence du processus et s\u00e9curiser la transaction.<\/strong><\/p>\n<p><br class=\"autobr\"\/><br \/>\n<strong>Etat g\u00e9n\u00e9ral<\/strong>\u00a0: A r\u00e9habiliter\u00a0: Travaux non achev\u00e9s (transformation non achev\u00e9e des locaux en logements) <br class=\"autobr\"\/><br \/>\n<strong>Destination <\/strong>\u00a0: A ce jour destination de locaux\/bureaux et parkings (travaux non achev\u00e9s) <br class=\"autobr\"\/><br \/>\n<strong>Surface Carrez\u00a0:<\/strong> 1 749,05 m\u00b2 <\/p>\n<p>Un bien saisi dans le cadre d\u2019une proc\u00e9dure judiciaire<\/p>\n<p>Ce bien unique a \u00e9t\u00e9 saisi dans le cadre d\u2019une confiscation p\u00e9nale et s\u2019inscrit dans l\u2019action de l\u2019AGRASC, \u00e9tablissement public sous la tutelle des minist\u00e8res de la Justice et des Comptes publics, en charge de la gestion et de la valorisation des biens issus de proc\u00e9dures p\u00e9nales.<\/p>\n<p>Comment participer \u00e0 cette vente aux ench\u00e8res en ligne\u00a0? <\/p>\n<p>Afin de pouvoir envisager une visite du bien, un premier rendez-vous en visioconf\u00e9rence doit\u00eatre effectu\u00e9 avec un conseiller d\u2019Agorastore. <br class=\"autobr\"\/><br \/>\n<strong>Mise \u00e0 prix initiale 4 743 000 \u20ac TTC<\/strong><br class=\"autobr\"\/><br \/>\n<a href=\"https:\/\/www.agorastore.fr\/vente-occasion\/immobilier\/immeuble\/locaux-a-rehabiliter-1-749-m-marseille-13-380148.aspx\" class=\"spip_out\" rel=\"external nofollow noopener\" target=\"_blank\">Tous les d\u00e9tails se trouvent sur l\u2019annonce en ligne<\/a><\/p>\n<p>Un partenariat public-priv\u00e9 au service de la valorisation des biens saisis<\/p>\n<p>Depuis 2018, l\u2019AGRASC confie r\u00e9guli\u00e8rement la vente de biens immobiliers \u00e0 Agorastore. Cepartenariat permet de conjuguer exigence de transparence, publicit\u00e9 renforc\u00e9e et mise enconcurrence \u00e9quitable des offres \u2013 autant de principes essentiels dans la gestion des actifs saisis. Avec plus de 200 biens immobiliers vendus dans ce cadre, l\u2019expertise d\u2019Agorastore garantit un d\u00e9roulement rigoureux des ventes, y compris pour les dossiers complexes ou sensibles comme celui de la Corniche Kennedy.<br class=\"autobr\"\/><br \/>\nLeader du march\u00e9 des ench\u00e8res de biens immobiliers publics en ligne, Agorastore se distingue par sa collaboration avec plus de 400 vendeurs et le succ\u00e8s de 200 transactions immobili\u00e8res en 2024. De nombreuses collectivit\u00e9s territoriales et entit\u00e9s publiques font confiance \u00e0 Agorastore pour g\u00e9rer efficacement chaque \u00e9tape de leurs cessions, contribuant\u00e0 la revalorisation de leurs biens. Engag\u00e9e dans la promotion de l\u2019\u00e9conomie circulaire, Agorastore vise \u00e0 r\u00e9duire l\u2019empreinte \u00e9cologique et \u00e0 encourager une gestion des ressources durable gr\u00e2ce \u00e0 ses services.<\/p>\n<p>Photo de Une \u00a9AGORASTORE<\/p>\n","protected":false},"excerpt":{"rendered":"Situ\u00e9 sur la Corniche du Pr\u00e9sident John Fitzgerald Kennedy, dans l\u2019un des secteurs les plus convoit\u00e9s de la&hellip;\n","protected":false},"author":2,"featured_media":270834,"comment_status":"","ping_status":"","sticky":false,"template":"","format":"standard","meta":{"footnotes":""},"categories":[2814],"tags":[1111,11,2408,1777,674,1011,27,884,12,882,25],"class_list":{"0":"post-270833","1":"post","2":"type-post","3":"status-publish","4":"format-standard","5":"has-post-thumbnail","7":"category-marseille","8":"tag-actu","9":"tag-actualites","10":"tag-appels-d","11":"tag-eu","12":"tag-europe","13":"tag-fr","14":"tag-france","15":"tag-marseille","16":"tag-news","17":"tag-provence-alpes-cote-dazur","18":"tag-republique-francaise"},"share_on_mastodon":{"url":"https:\/\/pubeurope.com\/@fr\/114909150249843070","error":""},"_links":{"self":[{"href":"https:\/\/www.europesays.com\/fr\/wp-json\/wp\/v2\/posts\/270833","targetHints":{"allow":["GET"]}}],"collection":[{"href":"https:\/\/www.europesays.com\/fr\/wp-json\/wp\/v2\/posts"}],"about":[{"href":"https:\/\/www.europesays.com\/fr\/wp-json\/wp\/v2\/types\/post"}],"author":[{"embeddable":true,"href":"https:\/\/www.europesays.com\/fr\/wp-json\/wp\/v2\/users\/2"}],"replies":[{"embeddable":true,"href":"https:\/\/www.europesays.com\/fr\/wp-json\/wp\/v2\/comments?post=270833"}],"version-history":[{"count":0,"href":"https:\/\/www.europesays.com\/fr\/wp-json\/wp\/v2\/posts\/270833\/revisions"}],"wp:featuredmedia":[{"embeddable":true,"href":"https:\/\/www.europesays.com\/fr\/wp-json\/wp\/v2\/media\/270834"}],"wp:attachment":[{"href":"https:\/\/www.europesays.com\/fr\/wp-json\/wp\/v2\/media?parent=270833"}],"wp:term":[{"taxonomy":"category","embeddable":true,"href":"https:\/\/www.europesays.com\/fr\/wp-json\/wp\/v2\/categories?post=270833"},{"taxonomy":"post_tag","embeddable":true,"href":"https:\/\/www.europesays.com\/fr\/wp-json\/wp\/v2\/tags?post=270833"}],"curies":[{"name":"wp","href":"https:\/\/api.w.org\/{rel}","templated":true}]}}