{"id":270836,"date":"2025-07-24T16:28:08","date_gmt":"2025-07-24T16:28:08","guid":{"rendered":"https:\/\/www.europesays.com\/fr\/270836\/"},"modified":"2025-07-24T16:28:08","modified_gmt":"2025-07-24T16:28:08","slug":"lyon-les-rats-inquietent-dans-ce-quartier-populaire-400-rongeurs-attrapes-en-peu-de-temps","status":"publish","type":"post","link":"https:\/\/www.europesays.com\/fr\/270836\/","title":{"rendered":"Lyon. Les rats inqui\u00e8tent dans ce quartier populaire, 400 rongeurs attrap\u00e9s en peu de temps"},"content":{"rendered":"<p>            Par<br \/>\n        <strong><br \/>\n            <a href=\"https:\/\/actu.fr\/auteur\/julien-damboise\" title=\"Consulter tous les articles de Julien Damboise\" target=\"_blank\" rel=\"noopener\">Julien Damboise<\/a><br \/>\n        <\/strong><\/p>\n<p>        Publi\u00e9 le<\/p>\n<p>            24 juil. 2025 \u00e0 18h09        <\/p>\n<p>Les <strong>rats<\/strong> sont-ils en train de se d\u00e9multiplier dans le 8\u1d49 arrondissement de <a href=\"https:\/\/actu.fr\/auvergne-rhone-alpes\/lyon_69123\" target=\"_blank\" rel=\"noopener\">Lyon<\/a> actuellement ? Des inqui\u00e9tudes sont \u00e9mises alors qu\u2019une importante op\u00e9ration de <a href=\"https:\/\/actu.fr\/auvergne-rhone-alpes\/lyon_69123\/lyon-10-millions-d-euros-de-loyers-impayes-la-facture-explose-chez-ce-bailleur-social_62878891.html\" target=\"_blank\" rel=\"noopener\">GrandLyon Habitat<\/a> a d\u00e9but\u00e9 dans le secteur. Plus de <strong>400 sp\u00e9cimens ont d\u00e9j\u00e0 \u00e9t\u00e9 attrap\u00e9s<\/strong>. Les autorit\u00e9s appellent \u00e0 un sursaut de responsabilit\u00e9 des habitants.<\/p>\n<p>    <a href=\"https:\/\/www.google.com\/maps\/embed?pb=!1m18!1m12!1m3!1d23556.723258176622!2d4.853250886381537!3d45.73639835710469!2m3!1f0!2f0!3f0!3m2!1i1024!2i768!4f13.1!3m3!1m2!1s0x47f4c1e2d5b30b85%3A0x508ab2ae4c21930!2s8e%20Arrondissement%2C%20Lyon!5e1!3m2!1sfr!2sfr!4v1753345006551!5m2!1sfr!2sfr\" title=\"Ouvrie le lien\" target=\"_blank\" rel=\"noopener\">Cliquez ici pour visualiser le contenu<\/a><\/p>\n<p>Une prolif\u00e9ration inqui\u00e9tante<\/p>\n<p class=\" wall-content\">Depuis quelques semaines, des plaintes \u00e9manent du <a href=\"https:\/\/actu.fr\/auvergne-rhone-alpes\/lyon_69123\/lyon-la-police-intervient-en-masse-sur-ce-marche-sauvage-les-habitants-se-rejouissent_62209384.html\" target=\"_blank\" rel=\"noopener\">quartier des \u00c9tats-Unis<\/a> dans le 8\u1d49 arrondissement de la capitale de Gaules se plaignent d\u2019une<strong> recrudescence des rats<\/strong> dans le secteur. De nombreuses publications sur les r\u00e9seaux sociaux font \u00e9tat d\u2019une situation inqui\u00e9tante, avec des photos de d\u00e9p\u00f4ts de d\u00e9chets.<\/p>\n<p class=\" wall-content\">La M\u00e9tropole de Lyon est r\u00e9guli\u00e8rement mise en cause, mais aussi les habitants, ce qui provoque de vifs \u00e9changes entre les riverains : \u00ab\u00a0C\u2019est un probl\u00e8me de civisme de la part des habitants\u2026 Adressez-vous \u00e0 eux\u00a0\u00bb, \u00ab\u00a0marrant que les plaintes aillent \u00e0 l\u2019encontre de la m\u00e9tropole alors que le probl\u00e8me est que vos voisins sont des porcs\u00a0\u00bb, ont r\u00e9cemment lanc\u00e9 certains sur les groupes d\u2019habitants.<\/p>\n<p>\u00ab\u00a0La plus grosse op\u00e9ration jamais faite\u00a0\u00bb<\/p>\n<p class=\" wall-content\">Contact\u00e9 par actu Lyon, GrandLyon Habitat (GLH) explique : \u00ab\u00a0Nous avons des actions de d\u00e9ratisation sur l\u2019ensemble des biens, mais on ne peut pas faire de l\u2019app\u00e2tage permanent, la r\u00e9glementation a \u00e9volu\u00e9. Sur certaines r\u00e9sidences, nous constatons une <strong>augmentation de la population des rats<\/strong>, c\u2019est le cas sur le boulevard des \u00c9tats-Unis. Une \u00e9volution qui peut \u00eatre expliqu\u00e9e par plusieurs choses comme une mauvaise gestion des d\u00e9chets ou des travaux \u00e0 proximit\u00e9\u00a0\u00bb. Le bailleur social a donc d\u00e9cid\u00e9 de r\u00e9agir avec un <strong>plan d\u2019envergure<\/strong>.<\/p>\n<p class=\" wall-content\">Benoit Crozier, responsable du service b\u00e2ti, hygi\u00e8ne et s\u00e9curit\u00e9 \u00e0 GLH, indique que l\u2019op\u00e9ration de d\u00e9ratisation qui a d\u00e9but\u00e9 sur le boulevard des \u00c9tats-Unis d\u00e9but juillet, apr\u00e8s avoir \u00e9t\u00e9 d\u00e9cal\u00e9e \u00e0 cause de la canicule est \u00ab\u00a0la plus grosse jamais faite\u00a0\u00bb \u00e0 Lyon.<\/p>\n<p class=\" wall-content\">Ce sont <strong>au moins cinq r\u00e9sidences<\/strong> qui sont comprises dans le p\u00e9rim\u00e8tre d\u2019action : \u00ab\u00a0d\u2019habitude, nous avons une seule zone de capture, l\u00e0, il y en a une centaine, voire plus\u00a0\u00bb, d\u00e9taille Benoit Crozier. Le chantier se poursuivra jusqu\u2019en septembre.<\/p>\n<p>Quelques informations \u00e0 conna\u00eetre sur les rats<\/p>\n<p>-Un rat atteint sa maturit\u00e9 en 5 \u00e0 6 semaines<br \/>&#8211; Il peut avoir 6 \u00e0 12 port\u00e9es par an<br \/>&#8211; Un seul couple de rats peut facilement donner naissance \u00e0 une centaine de petits rats chaque ann\u00e9e<br \/>&#8211; Le r\u00e9chauffement climatique avec des hivers moins rigoureux et une p\u00e9riode chaude plus pr\u00e9coce favorise la reproduction des populations de rats.<br \/>&#8211; Les rats se nourrissent avant tout des ordures et restes alimentaires qu&rsquo;ils trouvent dans nos rues<\/p>\n<p>Un furetage depuis juillet<\/p>\n<p class=\" wall-content\">\u00ab\u00a0Nous faisons appel aux r\u00e8gles de la nature, avec la notion de pr\u00e9dateur et de proie, sans produit chimique, gr\u00e2ce \u00e0 un prestataire qui utilise des furets\u00a0\u00bb, explique encore Benoit Crozier.<\/p>\n<p class=\" wall-content\">Ce dernier, pour capturer le plus grand nombre de rats possible, l\u00e2che donc<strong> 15 \u00e0 20 furets dans les tunnels<\/strong> utilis\u00e9s par les nuisibles afin de les faire sortir et les attraper dans des filets. Le professionnel doit jongler entre ses animaux, rapidement fatigu\u00e9s.<\/p>\n<p class=\" wall-content\">Les r\u00e9sultats sont impressionnants, avec d\u00e9j\u00e0 <strong>plus de 400 rats<\/strong> captur\u00e9s en seulement cinq journ\u00e9es d\u2019op\u00e9rations. Les sp\u00e9cimens sont ensuite les rats ensuite r\u00e9cup\u00e9r\u00e9s par des laboratoires pour des \u00e9tudes, pour savoir s\u2019ils sont par exemple porteurs de virus ou quelle est leur r\u00e9sistance \u00e0 l\u2019app\u00e2tage. \u00c0 terme, ils terminent <strong>euthanasi\u00e9s<\/strong>.<\/p>\n<p class=\" wall-content\">Mais ce n\u2019est pas le seul axe d\u2019actions de GLH.<\/p>\n<p>\u00ab\u00a0Intervenir sur les fluctuations\u00a0\u00bb<\/p>\n<p class=\" wall-content\">La capture n\u2019est en effet qu\u2019une des r\u00e9ponses du bailleur pour limiter la pr\u00e9sence des nuisibles.\u00a0<\/p>\n<blockquote class=\"ac-article-quote wall-content\">\n<p>Nous faisons aussi un gros travail pour venir bloquer la circulation des rats qui se d\u00e9placent entre leurs nids et leurs gardes-manger. Il faut fermer les passages en mettant des grilles, reboucher des trous dans la chauss\u00e9e&#8230;<\/p>\n<p>    <strong>Benoit Crozier<\/strong><br \/>\n         Responsable du service b\u00e2ti, hygi\u00e8ne et s\u00e9curit\u00e9 \u00e0 GrandLyon Habitat    <\/p><\/blockquote>\n<p class=\" wall-content\">Par ailleurs, et toujours dans la logique d\u2019emp\u00eacher les rats d\u2019atteindre les poubelles, <strong>des petites grilles<\/strong> sont aussi en train d\u2019\u00eatre pos\u00e9es au niveau des trous des bacs cens\u00e9s laisser passer l\u2019eau lors du nettoyage des poubelles. Au moins 200 seront \u00e9quip\u00e9es durant l\u2019\u00e9t\u00e9 2025 dans le secteur.<\/p>\n<p>Une sensibilisation n\u00e9cessaire<\/p>\n<p class=\" wall-content\">Olivier Berzane, maire du 8e arrondissement, compte aussi sur la <strong>responsabilisation<\/strong> des habitants pour \u00e9viter une nouvelle explosion du nombre de rats dans le quartier.<\/p>\n<p class=\" wall-content\">Il d\u00e9taille ce qu\u2019il ne faut absolument pas faire :<\/p>\n<ul class=\" wall-content\">\n<li>Ne <strong>pas nourrir les animaux<\/strong>, y compris les oiseaux, ils trouvent seuls leur nourriture en ville. Nourrir les animaux attire les rats dans l\u2019espace public.<\/li>\n<li>Ne pas jeter ses poubelles et sacs poubelles<strong> au sol<\/strong>, ils sont vite \u00e9ventr\u00e9s par les rongeurs<\/li>\n<\/ul>\n<p class=\" wall-content\">\u00ab\u00a0Avec un sac d\u00e9pos\u00e9 \u00e0 c\u00f4t\u00e9 d\u2019une poubelle, les rats trouveront un nouveau passage\u00a0\u00bb, conclut Benoit Crozier.\u00a0<\/p>\n<p class=\" wall-content\">Suivez toute l\u2019actualit\u00e9 de vos villes et m\u00e9dias favoris en vous inscrivant \u00e0 <a href=\"https:\/\/moncompte.actu.fr\" title=\"D\u00e9couvez Mon Actu\" rel=\"nofollow noopener\" data-trk=\"{&quot;cta&quot;:{&quot;action&quot;:&quot;https:\\\/\\\/moncompte.actu.fr&quot;,&quot;category&quot;:&quot;mon compte&quot;,&quot;from&quot;:&quot;article footer&quot;,&quot;name&quot;:&quot;Mon actu&quot;,&quot;type&quot;:&quot;cta&quot;}}\" target=\"_blank\">Mon Actu<\/a>.<\/p>\n","protected":false},"excerpt":{"rendered":"Par Julien Damboise Publi\u00e9 le 24 juil. 2025 \u00e0 18h09 Les rats sont-ils en train de se d\u00e9multiplier&hellip;\n","protected":false},"author":2,"featured_media":270837,"comment_status":"","ping_status":"","sticky":false,"template":"","format":"standard","meta":{"footnotes":""},"categories":[1889],"tags":[1111,11,1867,2430,3008,1777,674,1011,27,2428,12,1800,25,104],"class_list":{"0":"post-270836","1":"post","2":"type-post","3":"status-publish","4":"format-standard","5":"has-post-thumbnail","7":"category-lyon","8":"tag-actu","9":"tag-actualites","10":"tag-animaux","11":"tag-auvergne-rhone-alpes","12":"tag-dechets","13":"tag-eu","14":"tag-europe","15":"tag-fr","16":"tag-france","17":"tag-lyon","18":"tag-news","19":"tag-pollution","20":"tag-republique-francaise","21":"tag-societe"},"share_on_mastodon":{"url":"https:\/\/pubeurope.com\/@fr\/114909158107811843","error":""},"_links":{"self":[{"href":"https:\/\/www.europesays.com\/fr\/wp-json\/wp\/v2\/posts\/270836","targetHints":{"allow":["GET"]}}],"collection":[{"href":"https:\/\/www.europesays.com\/fr\/wp-json\/wp\/v2\/posts"}],"about":[{"href":"https:\/\/www.europesays.com\/fr\/wp-json\/wp\/v2\/types\/post"}],"author":[{"embeddable":true,"href":"https:\/\/www.europesays.com\/fr\/wp-json\/wp\/v2\/users\/2"}],"replies":[{"embeddable":true,"href":"https:\/\/www.europesays.com\/fr\/wp-json\/wp\/v2\/comments?post=270836"}],"version-history":[{"count":0,"href":"https:\/\/www.europesays.com\/fr\/wp-json\/wp\/v2\/posts\/270836\/revisions"}],"wp:featuredmedia":[{"embeddable":true,"href":"https:\/\/www.europesays.com\/fr\/wp-json\/wp\/v2\/media\/270837"}],"wp:attachment":[{"href":"https:\/\/www.europesays.com\/fr\/wp-json\/wp\/v2\/media?parent=270836"}],"wp:term":[{"taxonomy":"category","embeddable":true,"href":"https:\/\/www.europesays.com\/fr\/wp-json\/wp\/v2\/categories?post=270836"},{"taxonomy":"post_tag","embeddable":true,"href":"https:\/\/www.europesays.com\/fr\/wp-json\/wp\/v2\/tags?post=270836"}],"curies":[{"name":"wp","href":"https:\/\/api.w.org\/{rel}","templated":true}]}}