{"id":270838,"date":"2025-07-24T16:29:24","date_gmt":"2025-07-24T16:29:24","guid":{"rendered":"https:\/\/www.europesays.com\/fr\/270838\/"},"modified":"2025-07-24T16:29:24","modified_gmt":"2025-07-24T16:29:24","slug":"tcl-a-lyon-dimportants-changements-sur-ces-lignes-voici-tout-ce-quil-faut-savoir","status":"publish","type":"post","link":"https:\/\/www.europesays.com\/fr\/270838\/","title":{"rendered":"TCL \u00e0 Lyon. D&rsquo;importants changements sur ces lignes, voici tout ce qu&rsquo;il faut savoir"},"content":{"rendered":"<p>            Par<br \/>\n        <strong><br \/>\n            <a href=\"https:\/\/actu.fr\/auteur\/julien-damboise\" title=\"Consulter tous les articles de Julien Damboise\" rel=\"nofollow noopener\" target=\"_blank\">Julien Damboise<\/a><br \/>\n        <\/strong><\/p>\n<p>        Publi\u00e9 le<\/p>\n<p>            24 juil. 2025 \u00e0 18h17        <\/p>\n<p>\u00c0 <a href=\"https:\/\/actu.fr\/auvergne-rhone-alpes\/lyon_69123\" rel=\"nofollow noopener\" target=\"_blank\">Lyon<\/a>, apr\u00e8s d\u00e9j\u00e0 un mois de <strong>changements de parcours de certaines lignes de bus<\/strong> dans le centre-ville \u00e0 cause de la mise en place de la <a href=\"https:\/\/actu.fr\/auvergne-rhone-alpes\/lyon_69123\/ztl-a-lyon-les-premieres-bornes-qui-limitent-la-circulation-vont-etre-activees-voici-quand_62935093.html\" rel=\"nofollow noopener\" target=\"_blank\">Zone \u00e0 trafic limit\u00e9<\/a> (ZTL) dans le centre-ville, <a href=\"https:\/\/actu.fr\/tag\/transports-en-commun-lyonnais-tcl\" rel=\"nofollow noopener\" target=\"_blank\">TCL<\/a> communique dans le d\u00e9tail ce qui a \u00e9t\u00e9 modifi\u00e9 pour certaines lignes. Fr\u00e9quences renforc\u00e9es, trajets repens\u00e9s, terminus modifi\u00e9\u2026 Voici ce qu\u2019il faut savoir.<\/p>\n<p>La ligne 27<\/p>\n<p class=\" wall-content\">La ligne de bus num\u00e9ro 27, qui relie <a href=\"https:\/\/actu.fr\/auvergne-rhone-alpes\/villeurbanne_69266\" rel=\"nofollow noopener\" target=\"_blank\">Villeurbanne<\/a> Centre \u00e0 Vieux-Lyon, circule d\u00e9sormais par la rue Grenette et les quais de Sa\u00f4ne.<\/p>\n<p class=\" wall-content\">Un nouveau trac\u00e9 \u00ab\u00a0permettant d\u2019am\u00e9liorer la r\u00e9gularit\u00e9 et de mieux absorber le trafic, notamment aux heures de pointe\u00a0\u00bb, juge TCL.<\/p>\n<p class=\" wall-content\">Les bus sont aussi devenus plus spacieux, \u00ab\u00a0avec une <strong>augmentation des capacit\u00e9s de<\/strong><br \/><strong>30 %<\/strong> sur cet axe tr\u00e8s fr\u00e9quent\u00e9\u00a0\u00bb.<\/p>\n<p>    <img   decoding=\"async\" loading=\"lazy\" src=\"https:\/\/www.europesays.com\/fr\/wp-content\/uploads\/2025\/07\/rue-grenette-lyon-bus-ztl-960x640.jpg\" alt=\"La rue Grenette en Presqu'\u00eele de Lyon est d\u00e9sormais un couloir pour bus TCL.\" width=\"960\" height=\"640\"\/><br \/>\n    La rue Grenette en Presqu\u2019\u00eele de Lyon est d\u00e9sormais un couloir pour bus TCL. (\u00a9Nicolas Zaugra\/ actu Lyon)La ligne 19<\/p>\n<p class=\" wall-content\">La ligne 19, qui relie <a href=\"https:\/\/actu.fr\/auvergne-rhone-alpes\/ecully_69081\" rel=\"nofollow noopener\" target=\"_blank\">\u00c9cully<\/a> \u00e0 la Presqu\u2019\u00eele, est prolong\u00e9e jusqu\u2019\u00e0 Saint-Paul. <strong>Deux nouveaux arr\u00eats<\/strong> sont ainsi cr\u00e9\u00e9s : Gare Saint-Paul et La Feuill\u00e9e.<\/p>\n<p class=\" wall-content\">Un dernier arr\u00eat, situ\u00e9 quai Saint-Vincent, offrant une correspondance directe avec les lignes fortes C3 (<a href=\"https:\/\/actu.fr\/auvergne-rhone-alpes\/lyon_69123\/tcl-a-lyon-le-futur-nom-de-la-ligne-de-bus-c3-provoque-des-remous-et-en-agace-plus-d-un_62761243.html\" rel=\"nofollow noopener\" target=\"_blank\">future ligne TB11<\/a> d\u00e8s le 1er septembre), C13, C14 et C18, tout en maintenant un acc\u00e8s simple au m\u00e9tro A via la station H\u00f4tel de Ville.<\/p>\n<p>Plus de ligne S1<\/p>\n<p class=\" wall-content\">La ligne S1 continue de desservir la Presqu\u2019\u00eele via les Terreaux, la rue Grenette<br \/>et Bellecour, mais sa fr\u00e9quence est renforc\u00e9e. Les Lyonnais peuvent d\u00e9sormais compter sur <strong>un bus toutes les 12 min<\/strong>\u00a0en heures de pointe et en heures creuses, si tout se passe bien.<\/p>\n<p class=\" wall-content\">De plus, le trajet dessert d\u00e9sormais l\u2019arr\u00eat Terrasses Presqu\u2019\u00eele pour acc\u00e9der plus facilement aux berges de Sa\u00f4ne.<\/p>\n<p>Les lignes S4a et S4b<\/p>\n<p class=\" wall-content\">Les lignes S4 et S12 sont redessin\u00e9es et renomm\u00e9es S4a et S4b \u00ab\u00a0pour mieux r\u00e9pondre aux besoins du plateau de la Croix-Rousse et renforcer les liens \u00e0 l\u2019int\u00e9rieur du 4\u1d49 arrondissement\u00a0\u00bb, d\u2019apr\u00e8s TCL.<\/p>\n<p class=\" wall-content\">Cette r\u00e9organisation doit \u00ab\u00a0permettre de mieux desservir de <strong>nouveaux secteurs,<\/strong> notamment les quais du Rh\u00f4ne\u00a0\u00bb.<\/p>\n<p>    <img   decoding=\"async\" loading=\"lazy\" src=\"https:\/\/www.europesays.com\/fr\/wp-content\/uploads\/2025\/07\/ligne-s4-lyon-tcl-960x339.png\" alt=\"La ligne S4 a \u00e9t\u00e9 repens\u00e9e \u00e0 Lyon, voici le nouveau trac\u00e9.\" width=\"960\" height=\"339\"\/><br \/>\n    La ligne S4 a \u00e9t\u00e9 repens\u00e9e \u00e0 Lyon, voici le nouveau trac\u00e9. (\u00a9TCL)La ligne S6<\/p>\n<p class=\" wall-content\">Enfin, pour le dernier changement sur les bus TCL, la ligne S6 a dor\u00e9navant son <strong>terminus rapproch\u00e9 du c\u0153ur d\u2019H\u00f4tel de Ville<\/strong>, \u00ab\u00a0l\u00e0 o\u00f9 se concentrent une grande partie des trajets effectu\u00e9s par les usagers\u00a0\u00bb.<\/p>\n<p class=\" wall-content\">Trois nouveaux arr\u00eats sont desservis : Saint-Nizier, Terrasses Presqu\u2019\u00eele et La Feuill\u00e9e.<\/p>\n<p class=\" wall-content\">Vous pouvez retrouver tous les d\u00e9tails de cette nouvelle offre sur un <a href=\"https:\/\/www.tcl.fr\/presquile-a-vivre\" rel=\"nofollow noopener\" target=\"_blank\">site internet d\u00e9di\u00e9<\/a>.<\/p>\n<p class=\" wall-content\">Suivez toute l\u2019actualit\u00e9 de vos villes et m\u00e9dias favoris en vous inscrivant \u00e0 <a href=\"https:\/\/moncompte.actu.fr\" title=\"D\u00e9couvez Mon Actu\" rel=\"nofollow noopener\" data-trk=\"{&quot;cta&quot;:{&quot;action&quot;:&quot;https:\\\/\\\/moncompte.actu.fr&quot;,&quot;category&quot;:&quot;mon compte&quot;,&quot;from&quot;:&quot;article footer&quot;,&quot;name&quot;:&quot;Mon actu&quot;,&quot;type&quot;:&quot;cta&quot;}}\" target=\"_blank\">Mon Actu<\/a>.<\/p>\n","protected":false},"excerpt":{"rendered":"Par Julien Damboise Publi\u00e9 le 24 juil. 2025 \u00e0 18h17 \u00c0 Lyon, apr\u00e8s d\u00e9j\u00e0 un mois de changements&hellip;\n","protected":false},"author":2,"featured_media":270839,"comment_status":"","ping_status":"","sticky":false,"template":"","format":"standard","meta":{"footnotes":""},"categories":[1889],"tags":[1111,11,2430,1777,674,1011,27,2428,12,2809,25,104,2803,5787],"class_list":{"0":"post-270838","1":"post","2":"type-post","3":"status-publish","4":"format-standard","5":"has-post-thumbnail","7":"category-lyon","8":"tag-actu","9":"tag-actualites","10":"tag-auvergne-rhone-alpes","11":"tag-eu","12":"tag-europe","13":"tag-fr","14":"tag-france","15":"tag-lyon","16":"tag-news","17":"tag-presquile","18":"tag-republique-francaise","19":"tag-societe","20":"tag-transport","21":"tag-transports-en-commun-lyonnais-tcl"},"share_on_mastodon":{"url":"https:\/\/pubeurope.com\/@fr\/114909161978867991","error":""},"_links":{"self":[{"href":"https:\/\/www.europesays.com\/fr\/wp-json\/wp\/v2\/posts\/270838","targetHints":{"allow":["GET"]}}],"collection":[{"href":"https:\/\/www.europesays.com\/fr\/wp-json\/wp\/v2\/posts"}],"about":[{"href":"https:\/\/www.europesays.com\/fr\/wp-json\/wp\/v2\/types\/post"}],"author":[{"embeddable":true,"href":"https:\/\/www.europesays.com\/fr\/wp-json\/wp\/v2\/users\/2"}],"replies":[{"embeddable":true,"href":"https:\/\/www.europesays.com\/fr\/wp-json\/wp\/v2\/comments?post=270838"}],"version-history":[{"count":0,"href":"https:\/\/www.europesays.com\/fr\/wp-json\/wp\/v2\/posts\/270838\/revisions"}],"wp:featuredmedia":[{"embeddable":true,"href":"https:\/\/www.europesays.com\/fr\/wp-json\/wp\/v2\/media\/270839"}],"wp:attachment":[{"href":"https:\/\/www.europesays.com\/fr\/wp-json\/wp\/v2\/media?parent=270838"}],"wp:term":[{"taxonomy":"category","embeddable":true,"href":"https:\/\/www.europesays.com\/fr\/wp-json\/wp\/v2\/categories?post=270838"},{"taxonomy":"post_tag","embeddable":true,"href":"https:\/\/www.europesays.com\/fr\/wp-json\/wp\/v2\/tags?post=270838"}],"curies":[{"name":"wp","href":"https:\/\/api.w.org\/{rel}","templated":true}]}}