{"id":270844,"date":"2025-07-24T16:33:09","date_gmt":"2025-07-24T16:33:09","guid":{"rendered":"https:\/\/www.europesays.com\/fr\/270844\/"},"modified":"2025-07-24T16:33:09","modified_gmt":"2025-07-24T16:33:09","slug":"comment-voir-la-coupe-aux-grandes-oreilles-exposee-au-parc-des-princes-a-paris","status":"publish","type":"post","link":"https:\/\/www.europesays.com\/fr\/270844\/","title":{"rendered":"comment voir la Coupe aux grandes oreilles, expos\u00e9e au Parc des Princes \u00e0 Paris"},"content":{"rendered":"<p>            Par<br \/>\n        <strong><br \/>\n            <a href=\"https:\/\/actu.fr\/auteur\/redaction-paris\" title=\"Consulter tous les articles de R\u00e9daction Paris\" rel=\"nofollow noopener\" target=\"_blank\">R\u00e9daction Paris<\/a><br \/>\n        <\/strong><\/p>\n<p>        Publi\u00e9 le<\/p>\n<p>            24 juil. 2025 \u00e0 17h14        <\/p>\n<p>Sa place dans l\u2019\u00e9tag\u00e8re n\u2019est plus vide. Le 22\u00a0juillet 2025, le <strong>troph\u00e9e<\/strong> de la <a href=\"https:\/\/actu.fr\/tag\/ligue-des-champions\" rel=\"nofollow noopener\" target=\"_blank\">Ligue des Champions<\/a> a \u00e9t\u00e9 expos\u00e9 dans la fameuse armoire \u00e0 troph\u00e9e du <a href=\"https:\/\/actu.fr\/tag\/parc-des-princes\" rel=\"nofollow noopener\" target=\"_blank\">Parc des Princes<\/a>, presque <a href=\"https:\/\/actu.fr\/ile-de-france\/paris_75056\/irresistible-le-psg-remporte-la-premiere-ligue-des-champions-de-son-histoire-au-terme-d-une-finale-de-reve_62712076.html\" rel=\"nofollow noopener\" target=\"_blank\">deux mois apr\u00e8s le sacre<\/a> du <a href=\"https:\/\/actu.fr\/tag\/paris-saint-germain-psg\" rel=\"nofollow noopener\" target=\"_blank\">Paris Saint Germain (PSG)<\/a> face \u00e0 l\u2019Inter Milan. Passionn\u00e9s et simples curieux peuvent donc d\u00e9sormais venir l\u2019admirer de leurs propres yeux.<\/p>\n<p>\u00ab\u2009Prendre une photo l\u00e9gendaire\u2009\u00bb<\/p>\n<p class=\" wall-content\">Graal de tous les clubs de la Champions League, la <strong>Coupe aux grandes oreilles<\/strong> sera visible dans le cadre de la visite Stadium Tour propos\u00e9 par le stade. \u00ab\u2009Une occasion en or de prendre une photo l\u00e9gendaire avec la Coupe aux grandes oreilles\u2009!\u2009\u00bb, estime le PSG.<\/p>\n<p class=\" wall-content\">\n<p class=\" wall-content\">Des visites sont organis\u00e9es presque tous les jours, de 10 heures \u00e0 17 heures. Les r\u00e9servations sont possibles sur le site <a href=\"https:\/\/stadiumtour.psg.fr\/fr\/offres\/book?utm_source=Instagram&amp;utm_medium=Social&amp;utm_campaign=20250722_ST_B2C_GP_VD_HOME_ST-Trophee-UCL_FR_FR\" rel=\"nofollow noopener\" target=\"_blank\">stadiumtour.psg.fr<\/a>. Une balade qui vous emm\u00e8nera \u00ab\u2009dans les pas des h\u00e9ros du Paris Saint-Germain, du sommet des tribunes au banc des rempla\u00e7ants, des loges VIP au tunnel des joueurs, en passant par la salle de conf\u00e9rences et le vestiaire\u2009\u00bb, assure le club parisien et pour laquelle il faudra d\u00e9bourser <strong>25\u00a0\u20ac<\/strong> en tarif plein et 15\u00a0\u20ac en tarif r\u00e9duit (-de 13\u00a0ans et plus de 65\u00a0ans).<\/p>\n<p class=\" wall-content\">Combien de temps restera-t-il visible aux yeux de tous les visiteurs\u2009? Difficile \u00e0 dire. Selon\u00a0<a href=\"https:\/\/www.francebleu.fr\/sports\/football\/je-suis-venue-pour-la-voir-de-mes-propres-yeux-le-trophee-de-la-ligue-des-champions-expose-au-parc-des-princes-1505442\" rel=\"nofollow noopener\" target=\"_blank\">Ici Paris<\/a>, la direction du Parc envisagerait de <strong>l\u2019installer dans l\u2019espace VIP<\/strong>.<\/p>\n<p class=\" wall-content\">Suivez toute l\u2019actualit\u00e9 de vos villes et m\u00e9dias favoris en vous inscrivant \u00e0 <a href=\"https:\/\/moncompte.actu.fr\" title=\"D\u00e9couvez Mon Actu\" rel=\"nofollow noopener\" data-trk=\"{&quot;cta&quot;:{&quot;action&quot;:&quot;https:\\\/\\\/moncompte.actu.fr&quot;,&quot;category&quot;:&quot;mon compte&quot;,&quot;from&quot;:&quot;article footer&quot;,&quot;name&quot;:&quot;Mon actu&quot;,&quot;type&quot;:&quot;cta&quot;}}\" target=\"_blank\">Mon Actu<\/a>.<\/p>\n","protected":false},"excerpt":{"rendered":"Par R\u00e9daction Paris Publi\u00e9 le 24 juil. 2025 \u00e0 17h14 Sa place dans l\u2019\u00e9tag\u00e8re n\u2019est plus vide. Le&hellip;\n","protected":false},"author":2,"featured_media":270845,"comment_status":"","ping_status":"","sticky":false,"template":"","format":"standard","meta":{"footnotes":""},"categories":[1888],"tags":[1111,1928,11,1927,1777,674,63,1011,27,447,12,1926,2334,626,1925,2332,25,60],"class_list":{"0":"post-270844","1":"post","2":"type-post","3":"status-publish","4":"format-standard","5":"has-post-thumbnail","7":"category-paris","8":"tag-actu","9":"tag-actu-paris","10":"tag-actualites","11":"tag-actualites-paris","12":"tag-eu","13":"tag-europe","14":"tag-football","15":"tag-fr","16":"tag-france","17":"tag-ligue-des-champions","18":"tag-news","19":"tag-news-paris","20":"tag-parc-des-princes","21":"tag-paris","22":"tag-paris-news","23":"tag-paris-saint-germain-psg","24":"tag-republique-francaise","25":"tag-sports"},"share_on_mastodon":{"url":"https:\/\/pubeurope.com\/@fr\/114909177681064446","error":""},"_links":{"self":[{"href":"https:\/\/www.europesays.com\/fr\/wp-json\/wp\/v2\/posts\/270844","targetHints":{"allow":["GET"]}}],"collection":[{"href":"https:\/\/www.europesays.com\/fr\/wp-json\/wp\/v2\/posts"}],"about":[{"href":"https:\/\/www.europesays.com\/fr\/wp-json\/wp\/v2\/types\/post"}],"author":[{"embeddable":true,"href":"https:\/\/www.europesays.com\/fr\/wp-json\/wp\/v2\/users\/2"}],"replies":[{"embeddable":true,"href":"https:\/\/www.europesays.com\/fr\/wp-json\/wp\/v2\/comments?post=270844"}],"version-history":[{"count":0,"href":"https:\/\/www.europesays.com\/fr\/wp-json\/wp\/v2\/posts\/270844\/revisions"}],"wp:featuredmedia":[{"embeddable":true,"href":"https:\/\/www.europesays.com\/fr\/wp-json\/wp\/v2\/media\/270845"}],"wp:attachment":[{"href":"https:\/\/www.europesays.com\/fr\/wp-json\/wp\/v2\/media?parent=270844"}],"wp:term":[{"taxonomy":"category","embeddable":true,"href":"https:\/\/www.europesays.com\/fr\/wp-json\/wp\/v2\/categories?post=270844"},{"taxonomy":"post_tag","embeddable":true,"href":"https:\/\/www.europesays.com\/fr\/wp-json\/wp\/v2\/tags?post=270844"}],"curies":[{"name":"wp","href":"https:\/\/api.w.org\/{rel}","templated":true}]}}