{"id":270852,"date":"2025-07-24T16:37:10","date_gmt":"2025-07-24T16:37:10","guid":{"rendered":"https:\/\/www.europesays.com\/fr\/270852\/"},"modified":"2025-07-24T16:37:10","modified_gmt":"2025-07-24T16:37:10","slug":"les-autorites-ont-ordonne-levacuation-de-familles-dune-dizaine-de-localites-de-loblast-de-donetsk","status":"publish","type":"post","link":"https:\/\/www.europesays.com\/fr\/270852\/","title":{"rendered":"les autorit\u00e9s ont ordonn\u00e9 l\u2019\u00e9vacuation de\u00a0familles d\u2019une dizaine de localit\u00e9s de l\u2019oblast de Donetsk"},"content":{"rendered":"<p>   Les autorit\u00e9s ukrainiennes ordonnent l\u2019\u00e9vacuation de familles d\u2019une dizaine de localit\u00e9s de l\u2019oblast de Donetsk             <\/p>\n<p class=\"post__live-container--answer-text post__space-node\">\u00ab\u00a0Nous commen\u00e7ons les \u00e9vacuations forc\u00e9es des familles avec enfants de la ville de Dobropillia\u00a0\u00bb et de neuf villages de la r\u00e9gion de Donetsk, dans l\u2019Est, tout pr\u00e8s de la ligne de front, a annonc\u00e9 <a href=\"https:\/\/t.me\/VadymFilashkin\/9863\" target=\"_blank\" rel=\"noopener nofollow\" title=\"Nouvelle fen\u00eatre\">sur Telegram<\/a> son gouverneur, Vadym Filachkine, qui a pr\u00e9cis\u00e9 qu\u2019\u00ab\u00a0environ 928\u00a0enfants se trouvent actuellement dans ces localit\u00e9s\u00a0\u00bb.<\/p>\n<p class=\"post__live-container--answer-text post__space-node\">Pr\u00e8s de 1\u00a0380\u00a0civils se trouvent, par ailleurs, toujours dans la ville de Pokrovsk, centre logistique important pour l\u2019arm\u00e9e ukrainienne situ\u00e9 dans le m\u00eame oblast, a soulign\u00e9 M.\u00a0Filachkine, mercredi \u00e0 la t\u00e9l\u00e9vision nationale ukrainienne, <a href=\"https:\/\/kyivindependent.com\/over-1-300-residents-remain-in-embattled-pokrovsk-governor-says\/\" target=\"_blank\" rel=\"noopener nofollow\" title=\"Nouvelle fen\u00eatre\">rapporte le Kyiv Independent<\/a>, jeudi.<\/p>\n<p class=\"post__live-container--answer-text post__space-node\">\u00ab\u00a0Cela repr\u00e9sente un nombre important de personnes\u00a0\u00bb, a-t-il dit, tandis que mardi, 487\u00a0personnes avaient d\u00e9j\u00e0 \u00e9t\u00e9 \u00e9vacu\u00e9es de localit\u00e9s environnantes, tout pr\u00e8s de la ligne de front. M.\u00a0Filashkine a poursuivi en affirmant que la situation dans la\u00a0r\u00e9gion\u00a0est de plus en plus difficile, alors que les forces russes intensifient leur offensive, pr\u00e9cisant qu\u2019\u00ab\u00a0il est quasiment impossible d\u2019acheminer de l\u2019aide humanitaire ou de l\u2019eau potable dans les conditions actuelles\u00a0\u00bb.<\/p>\n<p class=\"post__live-container--answer-text post__space-node\">Le gouverneur de l\u2019oblast a ajout\u00e9 que presque tous les magasins de Pokrovsk ont ferm\u00e9 parce que l\u2019arm\u00e9e russe bombarde les routes d\u2019acc\u00e8s \u00e0 la ville et contr\u00f4le le territoire avec des drones. \u00ab\u00a0C\u2019est uniquement gr\u00e2ce au soutien de l\u2019arm\u00e9e que l\u2019aide humanitaire peut parvenir \u00e0 la population. Le mouvement des volontaires ne se rend plus \u00e0 Pokrovsk\u00a0\u00bb, a-t-il d\u00e9clar\u00e9.<\/p>\n<p class=\"post__live-container--answer-text post__space-node\">La Russie a intensifi\u00e9 ses attaques dans le secteur de Pokrovsk ces derni\u00e8res semaines alors qu\u2019elle tente de percer dans l&rsquo;oblast voisin de Dnipropetrovsk. A la fin de\u00a0juin, le commandant en chef des forces arm\u00e9es ukrainiennes, Oleksandr Syrsky, a rapport\u00e9 que <a href=\"https:\/\/www.lemonde.fr\/international\/live\/2025\/07\/13\/en-direct-guerre-en-ukraine-les-dernieres-informations-sur-les-frappes-russes_6619192_3210.html?#id-2462281\" rel=\"nofollow noopener\" target=\"_blank\">la Russie avait rassembl\u00e9 111\u00a0000\u00a0soldats pr\u00e8s de la ville<\/a>.<\/p>\n","protected":false},"excerpt":{"rendered":"Les autorit\u00e9s ukrainiennes ordonnent l\u2019\u00e9vacuation de familles d\u2019une dizaine de localit\u00e9s de l\u2019oblast de Donetsk \u00ab\u00a0Nous commen\u00e7ons les&hellip;\n","protected":false},"author":2,"featured_media":270853,"comment_status":"","ping_status":"","sticky":false,"template":"","format":"standard","meta":{"footnotes":""},"categories":[1591],"tags":[11,1887,12,1885,1886,132],"class_list":{"0":"post-270852","1":"post","2":"type-post","3":"status-publish","4":"format-standard","5":"has-post-thumbnail","7":"category-russie","8":"tag-actualites","9":"tag-federation-de-russie","10":"tag-news","11":"tag-russia","12":"tag-russian-federation","13":"tag-russie"},"share_on_mastodon":{"url":"https:\/\/pubeurope.com\/@fr\/114909193438385153","error":""},"_links":{"self":[{"href":"https:\/\/www.europesays.com\/fr\/wp-json\/wp\/v2\/posts\/270852","targetHints":{"allow":["GET"]}}],"collection":[{"href":"https:\/\/www.europesays.com\/fr\/wp-json\/wp\/v2\/posts"}],"about":[{"href":"https:\/\/www.europesays.com\/fr\/wp-json\/wp\/v2\/types\/post"}],"author":[{"embeddable":true,"href":"https:\/\/www.europesays.com\/fr\/wp-json\/wp\/v2\/users\/2"}],"replies":[{"embeddable":true,"href":"https:\/\/www.europesays.com\/fr\/wp-json\/wp\/v2\/comments?post=270852"}],"version-history":[{"count":0,"href":"https:\/\/www.europesays.com\/fr\/wp-json\/wp\/v2\/posts\/270852\/revisions"}],"wp:featuredmedia":[{"embeddable":true,"href":"https:\/\/www.europesays.com\/fr\/wp-json\/wp\/v2\/media\/270853"}],"wp:attachment":[{"href":"https:\/\/www.europesays.com\/fr\/wp-json\/wp\/v2\/media?parent=270852"}],"wp:term":[{"taxonomy":"category","embeddable":true,"href":"https:\/\/www.europesays.com\/fr\/wp-json\/wp\/v2\/categories?post=270852"},{"taxonomy":"post_tag","embeddable":true,"href":"https:\/\/www.europesays.com\/fr\/wp-json\/wp\/v2\/tags?post=270852"}],"curies":[{"name":"wp","href":"https:\/\/api.w.org\/{rel}","templated":true}]}}