{"id":270856,"date":"2025-07-24T16:39:12","date_gmt":"2025-07-24T16:39:12","guid":{"rendered":"https:\/\/www.europesays.com\/fr\/270856\/"},"modified":"2025-07-24T16:39:12","modified_gmt":"2025-07-24T16:39:12","slug":"louis-vuitton-va-ouvrir-un-nouvel-atelier-aux-etats-unis-annonce-bernard-arnault-24-07-2025-a-1758","status":"publish","type":"post","link":"https:\/\/www.europesays.com\/fr\/270856\/","title":{"rendered":"Louis Vuitton va ouvrir un nouvel atelier aux Etats-Unis, annonce Bernard Arnault &#8211; 24\/07\/2025 \u00e0 17:58"},"content":{"rendered":"<p>        <img fetchpriority=\"high\" decoding=\"async\" src=\"https:\/\/www.europesays.com\/fr\/wp-content\/uploads\/2025\/07\/2b47163fd645d3d0dc80cb539ce739cf-760x506.jpg\" alt=\"( AFP \/ MARTIN BUREAU )\" loading=\"eager\" width=\"760\" height=\"506\" style=\"max-width: 100%!important; height: auto;\"\/><\/p>\n<p class=\"c-image-news__legend\">( AFP \/ MARTIN BUREAU )<\/p>\n<p>\n Le maroquinier Louis Vuitton, marque phare du g\u00e9ant du luxe<br \/>\n <a href=\"https:\/\/www.boursorama.com\/cours\/1rPMC\/\" rel=\"nofollow noopener\" target=\"_blank\"><br \/>\n  LVMH<br \/>\n <\/a><br \/>\n , va ouvrir un nouvel atelier aux Etats-Unis \u00ab\u00a0pour r\u00e9pondre \u00e0 la demande\u00a0\u00bb, indique jeudi le PDG de LVMH Bernard Arnault.\n<\/p>\n<p>\n \u00ab\u00a0Louis Vuitton poss\u00e9dait d\u00e9j\u00e0 un atelier aux Etats-Unis quand je suis arriv\u00e9 chez LVMH. Etant donn\u00e9 le d\u00e9veloppement de la maison aux Etats-Unis, nous en avons ouvert un nouveau il y a cinq ans, et nous pr\u00e9voyons d&rsquo;en ouvrir un autre pour r\u00e9pondre \u00e0 la demande, toujours au Texas\u00a0\u00bb, annonce-t-il dans une interview au Figaro.\n<\/p>\n<p>\n Ce nouvel atelier sera pr\u00e8s de Dallas o\u00f9 Louis Vuitton poss\u00e8de d\u00e9j\u00e0 un atelier, inaugur\u00e9 en 2019 en pr\u00e9sence de Donald Trump, et devrait \u00eatre livr\u00e9 fin 2026 ou d\u00e9but 2027, a pr\u00e9cis\u00e9 \u00e0 l&rsquo;AFP une source proche du dossier.\n<\/p>\n<p>\n LVMH, qui r\u00e9alise 25% de ses ventes aux \u00c9tats-Unis, poss\u00e8de d\u00e9j\u00e0 trois ateliers Louis Vuitton et quatre ateliers de la marque am\u00e9ricaine Tiffany sur le territoire am\u00e9ricain.\n<\/p>\n<p>\n \u00ab\u00a0Pour nos clients am\u00e9ricains, acheter un produit Louis Vuitton Made in USA ne pose d&rsquo;ailleurs aucun probl\u00e8me\u00a0\u00bb, pr\u00e9cise Bernard Arnault.\n<\/p>\n<p>\n En mai, son concurrent Fran\u00e7ois-Henri Pinault, PDG du groupe Kering qui d\u00e9tient Gucci, Yves Saint Laurent ou encore Balenciaga, avait d\u00e9clar\u00e9 que \u00ab\u00a0\u00e7a n&rsquo;aurait pas de sens d&rsquo;avoir des sacs Gucci italiens fabriqu\u00e9s au Texas\u00a0\u00bb.\n<\/p>\n<p>\n Lors de la premi\u00e8re salve de n\u00e9gociations sur les droits de douane am\u00e9ricains en avril, Bernard Arnault &#8211; qui avait assist\u00e9 aux premi\u00e8res loges \u00e0 l&rsquo;investiture de Donald Trump quatre mois plus t\u00f4t &#8211; estimait que si \u00ab\u00a0on se retrouve avec des droits de douane \u00e9lev\u00e9s, (&#8230;) on sera amen\u00e9 \u00e0 augmenter nos productions am\u00e9ricaines\u00a0\u00bb.\n<\/p>\n<p>\n Un mois plus tard, il avait \u00e9t\u00e9 re\u00e7u avec son fils Alexandre \u00e0 la Maison Blanche par Donald Trump, qui les a qualifi\u00e9s de \u00ab\u00a0tr\u00e8s bons amis\u00a0\u00bb en marge de la pr\u00e9paration de la Coupe du monde de football 2026.<\/p>\n","protected":false},"excerpt":{"rendered":"( AFP \/ MARTIN BUREAU ) Le maroquinier Louis Vuitton, marque phare du g\u00e9ant du luxe LVMH ,&hellip;\n","protected":false},"author":2,"featured_media":270857,"comment_status":"","ping_status":"","sticky":false,"template":"","format":"standard","meta":{"footnotes":""},"categories":[1589],"tags":[400,11,398,408,405,73,1866,403,402,399,404,12,401,406,1864,1865,1863,308,407],"class_list":{"0":"post-270856","1":"post","2":"type-post","3":"status-publish","4":"format-standard","5":"has-post-thumbnail","7":"category-etats-unis","8":"tag-action-cac-40","9":"tag-actualites","10":"tag-bourse-de-paris","11":"tag-boursorama","12":"tag-cotations","13":"tag-etats-unis","14":"tag-etats-unis-damerique","15":"tag-indices-devises","16":"tag-investir","17":"tag-investissement","18":"tag-marche-boursier","19":"tag-news","20":"tag-sicav","21":"tag-trackers","22":"tag-united-states","23":"tag-united-states-of-america","24":"tag-us","25":"tag-usa","26":"tag-warrants"},"share_on_mastodon":{"url":"https:\/\/pubeurope.com\/@fr\/114909201387130221","error":""},"_links":{"self":[{"href":"https:\/\/www.europesays.com\/fr\/wp-json\/wp\/v2\/posts\/270856","targetHints":{"allow":["GET"]}}],"collection":[{"href":"https:\/\/www.europesays.com\/fr\/wp-json\/wp\/v2\/posts"}],"about":[{"href":"https:\/\/www.europesays.com\/fr\/wp-json\/wp\/v2\/types\/post"}],"author":[{"embeddable":true,"href":"https:\/\/www.europesays.com\/fr\/wp-json\/wp\/v2\/users\/2"}],"replies":[{"embeddable":true,"href":"https:\/\/www.europesays.com\/fr\/wp-json\/wp\/v2\/comments?post=270856"}],"version-history":[{"count":0,"href":"https:\/\/www.europesays.com\/fr\/wp-json\/wp\/v2\/posts\/270856\/revisions"}],"wp:featuredmedia":[{"embeddable":true,"href":"https:\/\/www.europesays.com\/fr\/wp-json\/wp\/v2\/media\/270857"}],"wp:attachment":[{"href":"https:\/\/www.europesays.com\/fr\/wp-json\/wp\/v2\/media?parent=270856"}],"wp:term":[{"taxonomy":"category","embeddable":true,"href":"https:\/\/www.europesays.com\/fr\/wp-json\/wp\/v2\/categories?post=270856"},{"taxonomy":"post_tag","embeddable":true,"href":"https:\/\/www.europesays.com\/fr\/wp-json\/wp\/v2\/tags?post=270856"}],"curies":[{"name":"wp","href":"https:\/\/api.w.org\/{rel}","templated":true}]}}