{"id":270860,"date":"2025-07-24T16:41:09","date_gmt":"2025-07-24T16:41:09","guid":{"rendered":"https:\/\/www.europesays.com\/fr\/270860\/"},"modified":"2025-07-24T16:41:09","modified_gmt":"2025-07-24T16:41:09","slug":"les-hommes-de-18-ans-seront-soumis-a-un-test-daptitude-pour-larmee","status":"publish","type":"post","link":"https:\/\/www.europesays.com\/fr\/270860\/","title":{"rendered":"les hommes de 18\u00a0ans seront soumis \u00e0 un test d\u2019aptitude pour l\u2019arm\u00e9e"},"content":{"rendered":"<p>L\u2019Allemagne\u00a0pr\u00e9voit de soumettre, \u00e0 partir de 2028, tous les gar\u00e7ons \u00e2g\u00e9s de 18\u00a0ans \u00e0 un test d\u2019aptitude au service militaire dans le cadre des efforts pour renforcer ses capacit\u00e9s de d\u00e9fense, ont indiqu\u00e9 jeudi 24\u00a0juillet des sources du minist\u00e8re de la d\u00e9fense.<\/p>\n<p>Face \u00e0 la menace russe accrue depuis l\u2019invasion de l\u2019Ukraine en f\u00e9vrier\u00a02022, l\u2019Allemagne\u00a0a entrepris de <a href=\"https:\/\/www.la-croix.com\/international\/budget-defense-l-allemagne-entame-sa-revolution-20250313\" data-tracking=\"inpage_click\" data-tracking-action=\"suivre un lien dans l&#039;article\" data-tracking-category=\"engagement\" rel=\"nofollow noopener\" target=\"_blank\">moderniser et \u00e9toffer son arm\u00e9e<\/a>.<\/p>\n<p>Dans un pays o\u00f9 la conscription a \u00e9t\u00e9 suspendue en 2011, la coalition gouvernementale associant conservateurs et sociaux-d\u00e9mocrates veut \u00e9tablir un nouveau service militaire, plus attrayant, bas\u00e9 pour le moment sur le volontariat.<\/p>\n<p>En 2026 et 2027, tous les jeunes hommes de nationalit\u00e9 allemande auront l\u2019obligation de remplir un questionnaire sur leur volont\u00e9, leur aptitude et leur disponibilit\u00e9 pour servir dans l\u2019arm\u00e9e\u00a0: une mani\u00e8re rapide de recenser les forces disponibles et d\u2019inciter d\u2019\u00e9ventuels candidats \u00e0 passer des tests. Pour les femmes, remplir ce questionnaire sera bas\u00e9 sur le volontariat.<\/p>\n<p>Projet de loi sur le \u00ab\u00a0nouveau service militaire\u00a0\u00bb<\/p>\n<p>\u00c0 partir de 2028 \u2014 le d\u00e9lai n\u00e9cessaire pour mettre en place une telle op\u00e9ration \u2013 tous les jeunes hommes de 18\u00a0ans et de nationalit\u00e9 allemande seront soumis obligatoirement \u00e0 des tests d\u2019aptitude au service militaire, notamment sur le plan m\u00e9dical, m\u00eame s\u2019ils d\u00e9cident finalement de ne pas servir sous les drapeaux.<\/p>\n<p>Il s\u2019agit des principales mesures d\u2019un projet de loi sur \u00ab\u00a0le nouveau service militaire\u00a0\u00bb que le gouvernement pr\u00e9sentera fin ao\u00fbt, ont indiqu\u00e9 les sources du minist\u00e8re de la d\u00e9fense.<\/p>\n<p>Alors que les effectifs de l\u2019arm\u00e9e tournent autour de 180\u00a0000 personnes actuellement (plus <a href=\"https:\/\/www.la-croix.com\/societe\/reserve-militaire-ils-temoignent-de-leur-engagement-pour-l-armee-francaise-20250325\" data-tracking=\"inpage_click\" data-tracking-action=\"suivre un lien dans l&#039;article\" data-tracking-category=\"engagement\" rel=\"nofollow noopener\" target=\"_blank\">49\u00a0000 r\u00e9servistes<\/a>), le gouvernement estime les besoins \u00e0 environ 460\u00a0000, soit au minimum 260\u00a0000 soldats d\u2019active et environ 200\u00a0000 r\u00e9servistes.<\/p>\n<p>Pour attirer les jeunes, l\u2019arm\u00e9e promet un service militaire o\u00f9 ils pourraient acqu\u00e9rir des qualifications suppl\u00e9mentaires comme le maniement de nouvelles technologies (tels les drones) ou des cours de langues par exemple.<\/p>\n<p>\u00c0 ce stade, le gouvernement esp\u00e8re \u00e9toffer ses effectifs en misant sur le volontariat. Si ce n\u2019\u00e9tait pas suffisant, le projet de loi envisage une conscription obligatoire qui ne pourrait \u00eatre activ\u00e9e que si \u00ab\u00a0la situation s\u00e9curitaire\u00a0\u00bb l\u2019exigeait et que le Bundestag, la chambre basse du parlement, donnait son accord.<\/p>\n<p>L\u2019Allemagne\u00a0dit s\u2019inspirer du mod\u00e8le de la Su\u00e8de, qui a <a href=\"https:\/\/www.la-croix.com\/international\/service-militaire-quels-sont-les-pays-europeens-qui-l-ont-retabli-20240612\" data-tracking=\"inpage_click\" data-tracking-action=\"suivre un lien dans l&#039;article\" data-tracking-category=\"engagement\" rel=\"nofollow noopener\" target=\"_blank\">r\u00e9introduit la conscription en 2017<\/a>. Dans les faits, seuls quelques milliers de Su\u00e9dois effectuent leur service, selon les besoins de l\u2019arm\u00e9e. Mais, en cas de crise, tous les jeunes sont susceptibles d\u2019effectuer un service civil pour concourir \u00e0 la d\u00e9fense du pays.<\/p>\n<p>Cette ann\u00e9e, 15\u00a0000 jeunes Allemands effectuent leur service militaire volontaire. Berlin table sur une augmentation de 3\u00a0000 \u00e0 5\u00a0000 par an pour atteindre jusqu\u2019\u00e0 40\u00a0000 \u00e0 partir de 2031.<\/p>\n","protected":false},"excerpt":{"rendered":"L\u2019Allemagne\u00a0pr\u00e9voit de soumettre, \u00e0 partir de 2028, tous les gar\u00e7ons \u00e2g\u00e9s de 18\u00a0ans \u00e0 un test d\u2019aptitude au&hellip;\n","protected":false},"author":2,"featured_media":270861,"comment_status":"","ping_status":"","sticky":false,"template":"","format":"standard","meta":{"footnotes":""},"categories":[1587],"tags":[11,672,1804,1805,1803,1777,674,1801,12,1802],"class_list":{"0":"post-270860","1":"post","2":"type-post","3":"status-publish","4":"format-standard","5":"has-post-thumbnail","7":"category-allemagne","8":"tag-actualites","9":"tag-allemagne","10":"tag-bundesrepublik-deutschland","11":"tag-de","12":"tag-deutschland","13":"tag-eu","14":"tag-europe","15":"tag-germany","16":"tag-news","17":"tag-republique-federale-dallemagne"},"share_on_mastodon":{"url":"https:\/\/pubeurope.com\/@fr\/114909209180523695","error":""},"_links":{"self":[{"href":"https:\/\/www.europesays.com\/fr\/wp-json\/wp\/v2\/posts\/270860","targetHints":{"allow":["GET"]}}],"collection":[{"href":"https:\/\/www.europesays.com\/fr\/wp-json\/wp\/v2\/posts"}],"about":[{"href":"https:\/\/www.europesays.com\/fr\/wp-json\/wp\/v2\/types\/post"}],"author":[{"embeddable":true,"href":"https:\/\/www.europesays.com\/fr\/wp-json\/wp\/v2\/users\/2"}],"replies":[{"embeddable":true,"href":"https:\/\/www.europesays.com\/fr\/wp-json\/wp\/v2\/comments?post=270860"}],"version-history":[{"count":0,"href":"https:\/\/www.europesays.com\/fr\/wp-json\/wp\/v2\/posts\/270860\/revisions"}],"wp:featuredmedia":[{"embeddable":true,"href":"https:\/\/www.europesays.com\/fr\/wp-json\/wp\/v2\/media\/270861"}],"wp:attachment":[{"href":"https:\/\/www.europesays.com\/fr\/wp-json\/wp\/v2\/media?parent=270860"}],"wp:term":[{"taxonomy":"category","embeddable":true,"href":"https:\/\/www.europesays.com\/fr\/wp-json\/wp\/v2\/categories?post=270860"},{"taxonomy":"post_tag","embeddable":true,"href":"https:\/\/www.europesays.com\/fr\/wp-json\/wp\/v2\/tags?post=270860"}],"curies":[{"name":"wp","href":"https:\/\/api.w.org\/{rel}","templated":true}]}}