{"id":270862,"date":"2025-07-24T16:42:10","date_gmt":"2025-07-24T16:42:10","guid":{"rendered":"https:\/\/www.europesays.com\/fr\/270862\/"},"modified":"2025-07-24T16:42:10","modified_gmt":"2025-07-24T16:42:10","slug":"leurope-envisage-un-accord-du-moindre-mal-avec-les-etats-unis","status":"publish","type":"post","link":"https:\/\/www.europesays.com\/fr\/270862\/","title":{"rendered":"l\u2019Europe envisage un accord du \u00ab\u00a0moindre mal\u00a0\u00bb avec les \u00c9tats-Unis"},"content":{"rendered":"<p>Bruxelles croit \u00e0 un compromis sur une base de droits de douane \u00e0 15\u00a0% impos\u00e9s par Washington, y compris pour les importations d\u2019automobiles.<\/p>\n<p class=\"fig-paragraph\">Les Europ\u00e9ens avaient cru \u00e0 une entente sur des droits de douane de 10\u00a0% appliqu\u00e9s \u00e0 toutes les exportations europ\u00e9ennes, jusqu\u2019\u00e0 ce qu\u2019un post de Donald Trump le 12\u00a0juillet ne vienne tout d\u00e9faire et les menace au contraire de 30\u00a0% d\u00e8s le 1er\u00a0ao\u00fbt. Alors que la Commission europ\u00e9enne a \u00e0 nouveau indiqu\u00e9 ce jeudi qu\u2019un accord avec Washington\u00a0<a href=\"http:\/\/www.lefigaro.fr\/conjoncture\/droits-de-douane-un-accord-avec-washington-est-a-portee-de-main-estime-l-ue-20250724\" data-fig-type=\"NewsFlash\" data-gtm-custom-categorie=\"navigation\" data-gtm-custom-action=\"crossclick\" data-gtm-custom-label=\"Contextuel\" data-gtm-event=\"customEventSPE\" data-fig-domain=\"LEFIGARO\" rel=\"nofollow noopener\" target=\"_blank\">est \u00e0 \u00ab port\u00e9e de main\u00a0\u00bb<\/a>, les \u00c9tats membres peuvent-ils cette fois s\u00e9rieusement entrevoir la fin des tensions\u00a0? Quitte \u00e0 avaler un accord loin de ce qu\u2019ils exigeaient en mai, quand ils rejetaient pr\u00e9cis\u00e9ment cette base de 10\u00a0%\u00a0? Car ce que Bruxelles a pr\u00e9sent\u00e9 mercredi soir \u00e0 huis clos aux \u00c9tats membres, c\u2019est un possible accord sur des droits de douane de base de 15\u00a0%, avec des droits impos\u00e9s \u00e0 l\u2019automobile europ\u00e9enne \u00e9galement ramen\u00e9s de 25\u00a0% \u00e0 15\u00a0%.<\/p>\n<p class=\"fig-paragraph\">Des exemptions seraient en outre encore en discussion pour r\u00e9duire la facture sur les dispositifs m\u00e9dicaux, l\u2019a\u00e9ronautique ou les spiritueux. Pour l\u2019acier et l\u2019aluminium, les droits de douane\u2026<\/p>\n<p class=\"fig-premium-paywall__infos\">\n        Cet article est r\u00e9serv\u00e9 aux abonn\u00e9s.        Il vous reste 79% \u00e0 d\u00e9couvrir.\n    <\/p>\n<p>                <img  data- alt=\"Le Figaro\" class=\"fig-img--complete fig-img\"\/><\/p>\n<p class=\"fig-premium-paywall__title\">Vous avez envie de lire la suite ?<\/p>\n<p class=\"fig-premium-paywall__subtitle\">D\u00e9bloquez tous les articles imm\u00e9diatement.<\/p>\n<p class=\"fig-premium-paywall__connect\">\n                D\u00e9j\u00e0 abonn\u00e9\u00a0?                <a class=\"fig-premium-paywall__connect-link\" href=\"https:\/\/connect.lefigaro.fr\/login?client=horizon_web&amp;type=main&amp;redirect_uri=https%3A%2F%2Fwww.lefigaro.fr%2Fconjoncture%2Fdroits-de-douane-l-europe-envisage-un-accord-du-moindre-mal-avec-les-etats-unis-20250724\" data-js-gtm=\"{&quot;customCategorie&quot;: &quot;conversion&quot;, &quot;customAction&quot;: &quot;before_Landing_Connexion_paywall_auto&quot;, &quot;customLabel&quot;: &quot;bGVmaWdhcm8uZnJfXzFmMDY4OTcwLTM2MTQtNjNlOC05MTkyLThmYTM1MjgzZDBjZF9fQXJ0aWNsZQ==_Droits de douane\u00a0: l\u2019Europe envisage un accord du \u00ab\u00a0moindre mal\u00a0\u00bb avec les \u00c9tats-Unis_187&quot;, &quot;customIDSPE&quot;: &quot;bGVmaWdhcm8uZnJfXzFmMDY4OTcwLTM2MTQtNjNlOC05MTkyLThmYTM1MjgzZDBjZF9fQXJ0aWNsZQ==&quot;, &quot;event&quot;: &quot;customEventSPE&quot;}\" rel=\"nofollow noopener\" target=\"_blank\"><br \/>\n                    Connectez-vous<br \/>\n                <\/a>\n            <\/p>\n","protected":false},"excerpt":{"rendered":"Bruxelles croit \u00e0 un compromis sur une base de droits de douane \u00e0 15\u00a0% impos\u00e9s par Washington, y&hellip;\n","protected":false},"author":2,"featured_media":270863,"comment_status":"","ping_status":"","sticky":false,"template":"","format":"standard","meta":{"footnotes":""},"categories":[1586],"tags":[11,215,75,73,1777,674,1011,27,12,25,364,2544],"class_list":{"0":"post-270862","1":"post","2":"type-post","3":"status-publish","4":"format-standard","5":"has-post-thumbnail","7":"category-europe","8":"tag-actualites","9":"tag-commerce","10":"tag-donald-trump","11":"tag-etats-unis","12":"tag-eu","13":"tag-europe","14":"tag-fr","15":"tag-france","16":"tag-news","17":"tag-republique-francaise","18":"tag-union-europeenne","19":"tag-ursula-von-der-leyen"},"share_on_mastodon":{"url":"https:\/\/pubeurope.com\/@fr\/114909213418688593","error":""},"_links":{"self":[{"href":"https:\/\/www.europesays.com\/fr\/wp-json\/wp\/v2\/posts\/270862","targetHints":{"allow":["GET"]}}],"collection":[{"href":"https:\/\/www.europesays.com\/fr\/wp-json\/wp\/v2\/posts"}],"about":[{"href":"https:\/\/www.europesays.com\/fr\/wp-json\/wp\/v2\/types\/post"}],"author":[{"embeddable":true,"href":"https:\/\/www.europesays.com\/fr\/wp-json\/wp\/v2\/users\/2"}],"replies":[{"embeddable":true,"href":"https:\/\/www.europesays.com\/fr\/wp-json\/wp\/v2\/comments?post=270862"}],"version-history":[{"count":0,"href":"https:\/\/www.europesays.com\/fr\/wp-json\/wp\/v2\/posts\/270862\/revisions"}],"wp:featuredmedia":[{"embeddable":true,"href":"https:\/\/www.europesays.com\/fr\/wp-json\/wp\/v2\/media\/270863"}],"wp:attachment":[{"href":"https:\/\/www.europesays.com\/fr\/wp-json\/wp\/v2\/media?parent=270862"}],"wp:term":[{"taxonomy":"category","embeddable":true,"href":"https:\/\/www.europesays.com\/fr\/wp-json\/wp\/v2\/categories?post=270862"},{"taxonomy":"post_tag","embeddable":true,"href":"https:\/\/www.europesays.com\/fr\/wp-json\/wp\/v2\/tags?post=270862"}],"curies":[{"name":"wp","href":"https:\/\/api.w.org\/{rel}","templated":true}]}}