{"id":270866,"date":"2025-07-24T16:44:11","date_gmt":"2025-07-24T16:44:11","guid":{"rendered":"https:\/\/www.europesays.com\/fr\/270866\/"},"modified":"2025-07-24T16:44:11","modified_gmt":"2025-07-24T16:44:11","slug":"nous-ne-pouvons-pas-nous-permettre-de-nous-brouiller-avec-les-etats-unis","status":"publish","type":"post","link":"https:\/\/www.europesays.com\/fr\/270866\/","title":{"rendered":"\u00ab\u00a0Nous ne pouvons pas nous permettre de nous brouiller avec les \u00c9tats-Unis\u00a0\u00bb"},"content":{"rendered":"<p><strong>ENTRETIEN EXCLUSIF &#8211; <\/strong>Alors que l\u2019Europe n\u00e9gocie un accord sur les droits de douane avec Washington, le PDG de LVMH lance un appel pour \u00e9viter l\u2019escalade. Il explique sa confiance dans une reprise rapide du march\u00e9 du luxe.<\/p>\n<p class=\"fig-paragraph\">\u00c0 l\u2019occasion de la publication des r\u00e9sultats semestriels de LVMH, publi\u00e9s ce jeudi apr\u00e8s la cl\u00f4ture de la Bourse,\u00a0<a href=\"http:\/\/www.lefigaro.fr\/conjoncture\/il-est-tres-mauvais-pour-l-etat-de-se-meler-de-la-gestion-des-entreprises-privees-lance-bernard-arnault-devant-les-senateurs-20250521\" target=\"_blank\" data-fig-type=\"NewsFlash\" rel=\"noopener\" data-gtm-custom-categorie=\"navigation\" data-gtm-custom-action=\"crossclick\" data-gtm-custom-label=\"Contextuel\" data-gtm-event=\"customEventSPE\" data-fig-domain=\"LEFIGARO\">le PDG du leader mondial du luxe<\/a>\u00a0analyse la crise que traverse le secteur depuis plus d\u2019un an. Concern\u00e9 au premier chef par les droits de douane, il en profite pour donner son avis sur les\u00a0<a href=\"http:\/\/www.lefigaro.fr\/conjoncture\/droits-de-douane-un-accord-avec-washington-est-a-portee-de-main-estime-l-ue-20250724\" target=\"_blank\" data-fig-type=\"NewsFlash\" rel=\"noopener\" data-gtm-custom-categorie=\"navigation\" data-gtm-custom-action=\"crossclick\" data-gtm-custom-label=\"Contextuel\" data-gtm-event=\"customEventSPE\" data-fig-domain=\"LEFIGARO\">n\u00e9gociations en cours entre l\u2019Europe et les \u00c9tats-Unis<\/a>. Et d\u00e9crypte l\u2019\u00e9volution de la situation politique, \u00e9conomique et budg\u00e9taire de la France.<\/p>\n<p class=\"fig-paragraph\"><strong>LE FIGARO. &#8211; LVMH affiche un deuxi\u00e8me trimestre de baisse de ses ventes et un troisi\u00e8me semestre de recul de ses profits, et sa valorisation a recul\u00e9 d\u2019un tiers en un an. Cela vous inqui\u00e8te-t-il\u00a0?<\/strong><\/p>\n<p class=\"fig-paragraph\"><strong>Bernard ARNAULT. &#8211;<\/strong> Je suis tr\u00e8s optimiste \u00e0 moyen terme, m\u00eame si, \u00e0 court terme, nous affrontons des vents de face, avec les difficult\u00e9s conjoncturelles de l\u2019\u00e9conomie mondiale. Nous avons v\u00e9cu \u00e0 plusieurs reprises ces situations par le pass\u00e9. Elles ne devraient pas durer plus que d\u2019habitude, soit un an et demi ou deux ans. Peut-\u00eatre que l\u2019ann\u00e9e prochaine\u2026<\/p>\n<p class=\"fig-premium-paywall__infos\">\n        Cet article est r\u00e9serv\u00e9 aux abonn\u00e9s.        Il vous reste 91% \u00e0 d\u00e9couvrir.\n    <\/p>\n<p>                <img  data- alt=\"Le Figaro\" class=\"fig-img--complete fig-img\"\/><\/p>\n<p class=\"fig-premium-paywall__title\">Vous avez envie de lire la suite ?<\/p>\n<p class=\"fig-premium-paywall__subtitle\">D\u00e9bloquez tous les articles imm\u00e9diatement.<\/p>\n<p class=\"fig-premium-paywall__connect\">\n                D\u00e9j\u00e0 abonn\u00e9\u00a0?                <a class=\"fig-premium-paywall__connect-link\" href=\"https:\/\/connect.lefigaro.fr\/login?client=horizon_web&amp;type=main&amp;redirect_uri=https%3A%2F%2Fwww.lefigaro.fr%2Fflash-eco%2Fbernard-arnault-au-figaro-nous-ne-pouvons-pas-nous-permettre-de-nous-brouiller-avec-les-etats-unis-20250724\" data-js-gtm=\"{&quot;customCategorie&quot;: &quot;conversion&quot;, &quot;customAction&quot;: &quot;before_Landing_Connexion_paywall_auto&quot;, &quot;customLabel&quot;: &quot;bGVmaWdhcm8uZnJfXzFmMDY4Nzg2LWFhMTUtNjA5ZS05YWQ2LThmMWM2ZmQ1NjNhNl9fTmV3c0ZsYXNo_Bernard Arnault au &lt;i&gt;Figaro&lt;\/i&gt;\u00a0: \u00ab\u00a0Nous ne pouvons pas nous permettre de nous brouiller avec les \u00c9tats-Unis\u00a0\u00bb_351&quot;, &quot;customIDSPE&quot;: &quot;bGVmaWdhcm8uZnJfXzFmMDY4Nzg2LWFhMTUtNjA5ZS05YWQ2LThmMWM2ZmQ1NjNhNl9fTmV3c0ZsYXNo&quot;, &quot;event&quot;: &quot;customEventSPE&quot;}\" target=\"_blank\" rel=\"noopener\"><br \/>\n                    Connectez-vous<br \/>\n                <\/a>\n            <\/p>\n","protected":false},"excerpt":{"rendered":"ENTRETIEN EXCLUSIF &#8211; Alors que l\u2019Europe n\u00e9gocie un accord sur les droits de douane avec Washington, le PDG&hellip;\n","protected":false},"author":2,"featured_media":270867,"comment_status":"","ping_status":"","sticky":false,"template":"","format":"standard","meta":{"footnotes":""},"categories":[2],"tags":[11,3820,1011,27,2425,7484,12,25],"class_list":{"0":"post-270866","1":"post","2":"type-post","3":"status-publish","4":"format-standard","5":"has-post-thumbnail","7":"category-actualites","8":"tag-actualites","9":"tag-bernard-arnault","10":"tag-fr","11":"tag-france","12":"tag-luxe","13":"tag-lvmh","14":"tag-news","15":"tag-republique-francaise"},"share_on_mastodon":{"url":"https:\/\/pubeurope.com\/@fr\/114909221020877123","error":""},"_links":{"self":[{"href":"https:\/\/www.europesays.com\/fr\/wp-json\/wp\/v2\/posts\/270866","targetHints":{"allow":["GET"]}}],"collection":[{"href":"https:\/\/www.europesays.com\/fr\/wp-json\/wp\/v2\/posts"}],"about":[{"href":"https:\/\/www.europesays.com\/fr\/wp-json\/wp\/v2\/types\/post"}],"author":[{"embeddable":true,"href":"https:\/\/www.europesays.com\/fr\/wp-json\/wp\/v2\/users\/2"}],"replies":[{"embeddable":true,"href":"https:\/\/www.europesays.com\/fr\/wp-json\/wp\/v2\/comments?post=270866"}],"version-history":[{"count":0,"href":"https:\/\/www.europesays.com\/fr\/wp-json\/wp\/v2\/posts\/270866\/revisions"}],"wp:featuredmedia":[{"embeddable":true,"href":"https:\/\/www.europesays.com\/fr\/wp-json\/wp\/v2\/media\/270867"}],"wp:attachment":[{"href":"https:\/\/www.europesays.com\/fr\/wp-json\/wp\/v2\/media?parent=270866"}],"wp:term":[{"taxonomy":"category","embeddable":true,"href":"https:\/\/www.europesays.com\/fr\/wp-json\/wp\/v2\/categories?post=270866"},{"taxonomy":"post_tag","embeddable":true,"href":"https:\/\/www.europesays.com\/fr\/wp-json\/wp\/v2\/tags?post=270866"}],"curies":[{"name":"wp","href":"https:\/\/api.w.org\/{rel}","templated":true}]}}