{"id":270872,"date":"2025-07-24T16:47:10","date_gmt":"2025-07-24T16:47:10","guid":{"rendered":"https:\/\/www.europesays.com\/fr\/270872\/"},"modified":"2025-07-24T16:47:10","modified_gmt":"2025-07-24T16:47:10","slug":"le-golf-du-lac-poulin-devoile-un-parcours-entierement-renove","status":"publish","type":"post","link":"https:\/\/www.europesays.com\/fr\/270872\/","title":{"rendered":"Le Golf du Lac Poulin d\u00e9voile un parcours enti\u00e8rement r\u00e9nov\u00e9"},"content":{"rendered":"<p>&#13;<br \/>\n&#13;<br \/>\n                        &#13;<br \/>\n&#13;<br \/>\n&#13;<\/p>\n<p style=\"text-align: justify;\"><strong>Enti\u00e8rement redessin\u00e9 et r\u00e9nov\u00e9 par les architectes de renom de Huxham Golf Design, le\u00a0Golf du Lac Poulin entame une nouvelle \u00e8re \u00e0 Saint-Beno\u00eet-Labre.<\/strong><\/p>\n<p>&#13;<br \/>\n&#13;<\/p>\n<p style=\"text-align: justify;\">Le parcours de neuf trous a \u00e9t\u00e9 enti\u00e8rement modernis\u00e9 selon les standards actuels du golf, comprenant cinq\u00a0normales 4, deux\u00a0normales 3 et deux\u00a0normales 5.<\/p>\n<p>&#13;<br \/>\n&#13;<\/p>\n<p style=\"text-align: justify;\">Parmi les am\u00e9liorations r\u00e9alis\u00e9es en trois phases, on a adapt\u00e9 le relief des parcours pour une s\u00e9curit\u00e9 accrue de ce golf situ\u00e9 en terrain montagneux.\u00a0<\/p>\n<p>&#13;<br \/>\n&#13;<\/p>\n<p style=\"text-align: justify;\">Dans le communiqu\u00e9 d&rsquo;annonce, le directeur g\u00e9n\u00e9ral du terrain,\u00a0St\u00e9phane Roy, a expliqu\u00e9 que l&rsquo;objectif avou\u00e9 des r\u00e9novations \u00e9tait\u00a0d&rsquo;am\u00e9liorer la fluidit\u00e9 de jeu, pour\u00a0compl\u00e9ter le 9\u00a0trous en moins de deux heures, gr\u00e2ce \u00e0 des d\u00e9parts espac\u00e9s aux 15 minutes.<\/p>\n<p>&#13;<br \/>\n&#13;<\/p>\n<p style=\"text-align: justify;\">Outre l&rsquo;esth\u00e9tique g\u00e9n\u00e9rale rehauss\u00e9e, le terrain pr\u00e9sente des verts plus rapides, des all\u00e9es plus larges, des fosses de sable r\u00e9am\u00e9nag\u00e9es, et des couloirs de frappe \u00e9largies.<\/p>\n<p>&#13;<br \/>\n&#13;<\/p>\n<p style=\"text-align: justify;\">Au-del\u00e0 du parcours, les stationnements ont \u00e9t\u00e9 refaits, les b\u00e2timents modernis\u00e9s, et une borne de recharge pour v\u00e9hicules \u00e9lectriques a \u00e9t\u00e9 install\u00e9e.\u00a0De nouveaux \u00e9quipements d\u2019entretien performants ont \u00e9galement \u00e9t\u00e9 acquis.<\/p>\n<p>&#13;<br \/>\n&#13;<\/p>\n<p style=\"text-align: justify;\">\u00abNous avons voulu cr\u00e9er un lieu o\u00f9 chaque golfeur, peu importe son niveau, se sent le bienvenu. Le Golf du Lac Poulin, c\u2019est plus qu\u2019un parcours: c\u2019est une exp\u00e9rience conviviale, accessible, et respectueuse de l\u2019environnement. On y vient pour le d\u00e9fi, mais surtout pour le plaisir de jouer dans un cadre exceptionnel\u00bb, a conclu\u00a0M. Roy.<\/p>\n<p>&#13;<br \/>\n&#13;<\/p>\n<p style=\"text-align: justify;\">Signalons qu&rsquo;en avril dernier, la Chambre de commerce de Saint-Georges a d\u00e9cern\u00e9 au Golf du Lac Poulin le prix Rel\u00e8ve, dans le cadre de son Gala de l&rsquo;entreprise beauceronne.<\/p>\n<p>&#13;<\/p>\n","protected":false},"excerpt":{"rendered":"&#13; &#13; &#13; &#13; &#13; Enti\u00e8rement redessin\u00e9 et r\u00e9nov\u00e9 par les architectes de renom de Huxham Golf Design,&hellip;\n","protected":false},"author":2,"featured_media":270873,"comment_status":"","ping_status":"","sticky":false,"template":"","format":"standard","meta":{"footnotes":""},"categories":[1418],"tags":[1011,27,1472,60],"class_list":{"0":"post-270872","1":"post","2":"type-post","3":"status-publish","4":"format-standard","5":"has-post-thumbnail","7":"category-golf","8":"tag-fr","9":"tag-france","10":"tag-golf","11":"tag-sports"},"share_on_mastodon":{"url":"https:\/\/pubeurope.com\/@fr\/114909232668450775","error":""},"_links":{"self":[{"href":"https:\/\/www.europesays.com\/fr\/wp-json\/wp\/v2\/posts\/270872","targetHints":{"allow":["GET"]}}],"collection":[{"href":"https:\/\/www.europesays.com\/fr\/wp-json\/wp\/v2\/posts"}],"about":[{"href":"https:\/\/www.europesays.com\/fr\/wp-json\/wp\/v2\/types\/post"}],"author":[{"embeddable":true,"href":"https:\/\/www.europesays.com\/fr\/wp-json\/wp\/v2\/users\/2"}],"replies":[{"embeddable":true,"href":"https:\/\/www.europesays.com\/fr\/wp-json\/wp\/v2\/comments?post=270872"}],"version-history":[{"count":0,"href":"https:\/\/www.europesays.com\/fr\/wp-json\/wp\/v2\/posts\/270872\/revisions"}],"wp:featuredmedia":[{"embeddable":true,"href":"https:\/\/www.europesays.com\/fr\/wp-json\/wp\/v2\/media\/270873"}],"wp:attachment":[{"href":"https:\/\/www.europesays.com\/fr\/wp-json\/wp\/v2\/media?parent=270872"}],"wp:term":[{"taxonomy":"category","embeddable":true,"href":"https:\/\/www.europesays.com\/fr\/wp-json\/wp\/v2\/categories?post=270872"},{"taxonomy":"post_tag","embeddable":true,"href":"https:\/\/www.europesays.com\/fr\/wp-json\/wp\/v2\/tags?post=270872"}],"curies":[{"name":"wp","href":"https:\/\/api.w.org\/{rel}","templated":true}]}}