{"id":270876,"date":"2025-07-24T16:50:15","date_gmt":"2025-07-24T16:50:15","guid":{"rendered":"https:\/\/www.europesays.com\/fr\/270876\/"},"modified":"2025-07-24T16:50:15","modified_gmt":"2025-07-24T16:50:15","slug":"atp-giacomo-naldi-ancien-kine-de-jannik-sinner-je-nai-absolument-pas-lintention-de-commenter-sa-decision-mais-le-cauchemar-reprend-comme-lete-dernier-we-love","status":"publish","type":"post","link":"https:\/\/www.europesays.com\/fr\/270876\/","title":{"rendered":"ATP &gt; Giacomo Naldi, ancien kin\u00e9 de Jannik Sinner : &quot;Je n&#039;ai absolument pas l&#039;intention de commenter sa d\u00e9cision, mais le cauchemar reprend, comme l&#039;\u00e9t\u00e9 dernier&quot; &#8211; We Love Tennis"},"content":{"rendered":"<ol>\n<li><a href=\"https:\/\/news.google.com\/rss\/articles\/CBMi_wFBVV95cUxPS2VvTWF6SUtBSUxyTlEtRlpqbDRZbUpvUmRaR0Fnd2ZUOHZkLUo5cDB3aUdKU3VudzBheEFES0dPYlUxUHdUZmxOX2VFVmFnZzMwTlpIU1pEbTRQc012X05TekVLZDVkUmtxbWtSVWxId01kcGkyMDJzZHFZSnNTbm5ia1NCUkFwN1lXMTZ5cEdvZWRmeHJYV19tOWVTNXcxUVBLUjlDLUszUlQxNFZHT2VRbXVfbW9QWDVyS0pKREh6dzltVkp1d3NvTk9iMklTMEdGNU9qUUc0ZGw0bUEtY0Y5RXFKTFVvYTdtNDhrYjBiWTNkc1VtRE5WNEYtNTQ?oc=5\" target=\"_blank\" rel=\"nofollow noopener\">ATP &gt; Giacomo Naldi, ancien kin\u00e9 de Jannik Sinner : \u00ab\u00a0Je n&rsquo;ai absolument pas l&rsquo;intention de commenter sa d\u00e9cision, mais le cauchemar reprend, comme l&rsquo;\u00e9t\u00e9 dernier\u00a0\u00bb<\/a>&nbsp;&nbsp;We Love Tennis<\/li>\n<li><a href=\"https:\/\/news.google.com\/rss\/articles\/CBMiowJBVV95cUxOUFVDMUN6bWN0LW9QOWlEZEp1LTFXMW5OSzZIM0tLU1ZjR21qcDRGWmg2MHJZZXRxQ2R5bnpOOG1FTnE2NG1Ld3hCTW9LbkNMUWd2dmo2QkZWUnVUazhYUThOdmt3MU5YSVoyNmdjOGV0bW4xRXp1bi1WOHFoYWFFd21CX3VFWm9LMUxfOW4zYVV0V3pfZjNkdl9hTkVmZVJ0MGhXM2ZOWEFobE1iZTJlcnVtWTdwX1cwOFJJdU5xQ2hDU3Bpc2FQT01Dc3pnSkVwalpiYkc0QVhSNzhualpvdHQ2TjhYbHBRRTZJV0xSaG5xN0t3UlEtandHRVQ2eVE4RmRZV2trQ2hvaHpKd25KYnNxSlVHVFlNZU1NT2V6eDZETDg?oc=5\" target=\"_blank\" rel=\"nofollow noopener\">Mais pourquoi Sinner a r\u00e9embauch\u00e9 son ancien pr\u00e9parateur ?<\/a>&nbsp;&nbsp;Eurosport<\/li>\n<li><a href=\"https:\/\/news.google.com\/rss\/articles\/CBMiiAJBVV95cUxPd3h1SVNvMkxHdFJJYTJNVUdTUzA5V3RPODRaWEtKQTYtc0ZWdmFVT1FhY2xQaXNBZHZJZEJyTGo0QzN3Zjc3T215SElmR3NtSTZWQ2NZMVNFdXhzMVZsdlV1bGFEdXNHRl9SYjY4eWZuNUFqYk1YS0JrTzdaUEdYakNtMGVEMmdsRmxidWVGeWtOT25hc0hDOHNCM1pqUHNtMGVhMHhZUWRLeDdqdU1qYjlCUHFlUjA2T2RhcVlSOVR0M24weGtMX0RoeEZKM3F0c0xSSHZFWUdTUG10T2ZGcnRaYmVSMS1JbXV4OXM0VzRLbURWTjlteWMxdDIyZUgxanBDRTVQN1U?oc=5\" target=\"_blank\" rel=\"nofollow noopener\">\u00ab On s&rsquo;est fait avoir mesdames et messieurs \u00bb : Nick Kyrgios s&rsquo;en prend encore \u00e0 Sinner, qui a rappel\u00e9 son ancien pr\u00e9parateur physique<\/a>&nbsp;&nbsp;L&rsquo;\u00c9quipe<\/li>\n<li><a href=\"https:\/\/news.google.com\/rss\/articles\/CBMi8AFBVV95cUxQbmVQMkprV1FyR0VmVU1SZ082NUJtYmhyencwc2N2Xzc3bTZNQ3N5X0ZTeGl3aV9hT0FLaG9fZEFPdC11TXFUeGdfOFBzOEs2YzBwOWlvS01pVGZmdVU4T2IweHVqbmxVb2pzM0JBWWZmaWhUZzY2NTZHVk1jeURDNWlvWnV4ZTEway1NbWVnYmwzOGFaamV5MlV6aHRnRmxPeUN2Yk1oZDBhQURybGVPRkJQWUtuUTgteEhZaXJWX1prMF9kU2ZPOUR6UUdaaUx4T19JVnRTZmgwZVNIVzFsYm56MzZPN29TNG91M0s5TEI?oc=5\" target=\"_blank\" rel=\"nofollow noopener\">Tennis : apr\u00e8s ses contr\u00f4les positifs, Sinner r\u00e9embauche&#8230; un ancien pr\u00e9parateur physique impliqu\u00e9<\/a>&nbsp;&nbsp;Le Figaro<\/li>\n<li><a href=\"https:\/\/news.google.com\/rss\/articles\/CBMi5AFBVV95cUxNNm12THpKVGt5WlZGWFpUTkJFbVpIV2hmZ3hoc1dnRDBobTg3NTFRSE1ZN2dDdllLLWh3MWV2SndDNTg0dW5FWElEd0I4dktERG9wMkE1YXRSTnY0WG1zSTRQSFNSUm9LSy12U1U4TXM1bHV6N2dUMTdmMjREN3Z2T1NZX0xrMHlycnhoREFoWWtLWWV1UzA2X3hLSnh4SzdraENINi13MU82ZUZxOVF6MmpKMFRPTEtxLTdJeklkTTdtZF93Um5Fb1Y1UkRkeEg3cHYyUnA3ZW1ORDNHckFTZUhDRjM?oc=5\" target=\"_blank\" rel=\"nofollow noopener\">Jannik Sinner r\u00e9embauche le pr\u00e9parateur physique impliqu\u00e9 dans son affaire de dopage<\/a>&nbsp;&nbsp;Le Monde.fr<\/li>\n<\/ol>\n","protected":false},"excerpt":{"rendered":"ATP &gt; Giacomo Naldi, ancien kin\u00e9 de Jannik Sinner : \u00ab\u00a0Je n&rsquo;ai absolument pas l&rsquo;intention de commenter sa&hellip;\n","protected":false},"author":2,"featured_media":1445,"comment_status":"","ping_status":"","sticky":false,"template":"","format":"standard","meta":{"footnotes":""},"categories":[1415],"tags":[1011,27,60,1467],"class_list":{"0":"post-270876","1":"post","2":"type-post","3":"status-publish","4":"format-standard","5":"has-post-thumbnail","7":"category-tennis","8":"tag-fr","9":"tag-france","10":"tag-sports","11":"tag-tennis"},"share_on_mastodon":{"url":"https:\/\/pubeurope.com\/@fr\/114909244488389528","error":""},"_links":{"self":[{"href":"https:\/\/www.europesays.com\/fr\/wp-json\/wp\/v2\/posts\/270876","targetHints":{"allow":["GET"]}}],"collection":[{"href":"https:\/\/www.europesays.com\/fr\/wp-json\/wp\/v2\/posts"}],"about":[{"href":"https:\/\/www.europesays.com\/fr\/wp-json\/wp\/v2\/types\/post"}],"author":[{"embeddable":true,"href":"https:\/\/www.europesays.com\/fr\/wp-json\/wp\/v2\/users\/2"}],"replies":[{"embeddable":true,"href":"https:\/\/www.europesays.com\/fr\/wp-json\/wp\/v2\/comments?post=270876"}],"version-history":[{"count":0,"href":"https:\/\/www.europesays.com\/fr\/wp-json\/wp\/v2\/posts\/270876\/revisions"}],"wp:featuredmedia":[{"embeddable":true,"href":"https:\/\/www.europesays.com\/fr\/wp-json\/wp\/v2\/media\/1445"}],"wp:attachment":[{"href":"https:\/\/www.europesays.com\/fr\/wp-json\/wp\/v2\/media?parent=270876"}],"wp:term":[{"taxonomy":"category","embeddable":true,"href":"https:\/\/www.europesays.com\/fr\/wp-json\/wp\/v2\/categories?post=270876"},{"taxonomy":"post_tag","embeddable":true,"href":"https:\/\/www.europesays.com\/fr\/wp-json\/wp\/v2\/tags?post=270876"}],"curies":[{"name":"wp","href":"https:\/\/api.w.org\/{rel}","templated":true}]}}