{"id":270877,"date":"2025-07-24T16:52:12","date_gmt":"2025-07-24T16:52:12","guid":{"rendered":"https:\/\/www.europesays.com\/fr\/270877\/"},"modified":"2025-07-24T16:52:12","modified_gmt":"2025-07-24T16:52:12","slug":"dalligna-veut-apprecier-chaque-petit-signe-positif-dans-la-saison-de-bagnaia","status":"publish","type":"post","link":"https:\/\/www.europesays.com\/fr\/270877\/","title":{"rendered":"Dall&rsquo;Igna veut \u00ab\u00a0appr\u00e9cier chaque petit signe\u00a0\u00bb positif dans la saison de Bagnaia"},"content":{"rendered":"<p>Encore une fois, Brno a \u00e9t\u00e9 un week-end \u00e0 deux visages dans l&rsquo;\u00e9quipe officielle Ducati, entre un <a href=\"https:\/\/fr.motorsport.com\/driver\/marc-marquez\/92646\/\" target=\"_blank\" rel=\"noopener\">Marc M\u00e1rquez<\/a> dominateur et capable de se jouer de toutes les difficult\u00e9s, et un <a href=\"https:\/\/fr.motorsport.com\/driver\/pecco-bagnaia\/109394\/\" target=\"_blank\" rel=\"noopener\">Pecco Bagnaia<\/a> aux performances notablement inf\u00e9rieures. L&rsquo;\u00e9cart tr\u00e8s net qui s&rsquo;est cr\u00e9\u00e9 entre les deux pilotes s&rsquo;est encore creus\u00e9, et ce malgr\u00e9 une pole position de l&rsquo;Italien, sa premi\u00e8re de l&rsquo;ann\u00e9e mais en partie due \u00e0 la chute de M\u00e1rquez en qualifications et n&rsquo;ayant pas donn\u00e9 lieu aux r\u00e9sultats qu&rsquo;il esp\u00e9rait dans les courses.<\/p>\n<p>\u00ab\u00a0Pecco a fait une belle course et il a roul\u00e9 fort jusqu&rsquo;au bout\u00a0\u00bb,\u00a0a malgr\u00e9 tout estim\u00e9 Gigi Dall&rsquo;Igna \u00e0 l&rsquo;heure du bilan du Grand Prix pour la cha\u00eene italienne Sky Sport MotoGP. \u00ab\u00a0J&rsquo;esp\u00e9rais qu&rsquo;il allait r\u00e9ussi \u00e0 obtenir le podium, parce que je crois qu&rsquo;il le m\u00e9ritait. Non pas qu&rsquo;Acosta ait fait une mauvaise course, loin de l\u00e0, mais Pecco m\u00e9ritait un peu de satisfaction en plus apr\u00e8s ce qui lui est arriv\u00e9 dans le sprint.\u00a0\u00bb<\/p>\n<p>En l&rsquo;occurrence, Bagnaia a subi un coup du sort douloureux durant la course du samedi. Un mauvais r\u00e9glage \u00e9lectronique a en effet <a href=\"https:\/\/fr.motorsport.com\/motogp\/news\/bagnaia-indication-erronee-pression-pneumatique\/10743456\/\" target=\"_self\" rel=\"noopener\">g\u00e9n\u00e9r\u00e9 des alertes erron\u00e9es sur sa pression pneumatique<\/a>, ce qui l&rsquo;a pouss\u00e9 \u00e0 se laisser d\u00e9passer pour, croyait-il, faire repasser les valeurs au-dessus du seuil requis. Cette m\u00e9saventure, rarissime, a certes g\u00e2ch\u00e9 son sprint, mais il n&rsquo;en \u00e9tait plus question le lendemain.<\/p>\n<p>Lire aussi :<\/p>\n<p>\u00ab\u00a0Il n&rsquo;en demeure pas moins qu&rsquo;il a fait deux belles courses, avec un rythme digne des premi\u00e8res places\u00a0\u00bb, a voulu retenir Gigi Dall&rsquo;Igna. Sauf que, dimanche, Pecco Bagnaia a vu son rythme baisser durant quelques tours apr\u00e8s avoir men\u00e9 le tout d\u00e9but de course. Et s&rsquo;il a repris du poil de la b\u00eate par la suite, il s&rsquo;est une nouvelle fois heurt\u00e9 aux difficult\u00e9s qui apparaissent lorsqu&rsquo;il se rapproche d&rsquo;un autre pilote et n&rsquo;a donc pas pu tenter de d\u00e9passement sur <a href=\"https:\/\/fr.motorsport.com\/driver\/pedro-acosta\/840236\/\" target=\"_blank\" rel=\"noopener\">Pedro Acosta<\/a> pour s&#8217;emparer du podium.<\/p>\n<p>\u00ab\u00a0Je crois que c&rsquo;est d\u00fb \u00e0 l&rsquo;\u00e9quilibre qu&rsquo;a la moto quand le r\u00e9servoir se vide. Elle a une r\u00e9partition des masses un peu diff\u00e9rente et cela peut influencer un peu le pilotage et les sensations de Pecco\u00a0\u00bb,\u00a0a analys\u00e9 l&rsquo;ing\u00e9nieur, percevant cependant une solution\u00a0:\u00a0\u00ab\u00a0Disons que nous sommes petit \u00e0 petit en train d&rsquo;\u00e9carter ces probl\u00e8mes, m\u00eame s&rsquo;ils perdurent clairement et qu&rsquo;il reste des choses \u00e0 gommer. Mais nous travaillons fort avec lui et je crois que nous r\u00e9ussirons \u00e0 en sortir.\u00a0\u00bb<\/p>\n<p>\u00ab\u00a0Il a probablement fait son meilleur week-end ici, parce qu&rsquo;il a fait la pole position et deux belles courses. Il a \u00e9t\u00e9 malchanceux \u00e0 cause de nous, et je ressens donc vraiment cette responsabilit\u00e9,\u00a0\u00bb\u00a0a ajout\u00e9 le directeur g\u00e9n\u00e9ral de Ducati Corse. Et dans <a href=\"https:\/\/www.linkedin.com\/feed\/update\/urn:li:activity:7353370427211022337\/\" target=\"_blank\" rel=\"noopener\">sa chronique sur LinkedIn<\/a>, il a \u00e9galement voulu \u00e9carter toute n\u00e9gativit\u00e9\u00a0:\u00a0\u00ab\u00a0Il faut \u00eatre capable d&rsquo;appr\u00e9cier chaque petit signe et chaque r\u00e9action positive en provenance de la moto, et surtout du pilote ainsi que de l&rsquo;\u00e9quipe\u00a0:\u00a0le plus important, c&rsquo;est de ne jamais baisser les bras et, pour nous tous, de travailler dur ensemble.\u00a0\u00bb<\/p>\n<p>   <img decoding=\"async\" draggable=\"false\" src=\"https:\/\/www.europesays.com\/fr\/wp-content\/uploads\/2025\/07\/1753375932_908_francesco-bagnaia-ducati-team.jpg\" alt=\"Gigi Dall'Igna voit des signes positifs dans le week-end de Pecco Bagnaia \u00e0 Brno.\" width=\"1200\" height=\"800\" loading=\"lazy\"\/> <\/p>\n<p class=\"title\">Gigi Dall&rsquo;Igna voit des signes positifs dans le week-end de Pecco Bagnaia \u00e0 Brno.<\/p>\n<p class=\"photographer\">Photo de: Gold and Goose Photography \/ LAT Images \/ via Getty Images<\/p>\n<p>Interrog\u00e9 sur les raisons de son optimisme pour le double champion du monde MotoGP, Gigi Dall&rsquo;Igna a expliqu\u00e9\u00a0:\u00a0\u00ab\u00a0\u00c9tant donn\u00e9 qu&rsquo;il a d\u00e9croch\u00e9 sa premi\u00e8re pole position de l&rsquo;ann\u00e9e, c&rsquo;est certainement un pas en avant par rapport \u00e0 toutes les autres courses. Mais je dois dire aussi qu&rsquo;il a fait deux tr\u00e8s bonnes courses, au-del\u00e0 de la fa\u00e7on dont elles se sont termin\u00e9es. Il a affich\u00e9 des chronos au niveau des premiers, il n&rsquo;y a eu que trois ou quatre tours au d\u00e9but o\u00f9 ils \u00e9taient l\u00e9g\u00e8rement plus haut mais il les a ensuite rattrap\u00e9s. Il a sign\u00e9 le troisi\u00e8me meilleur tour en course, et \u00e0 mon avis ce sont des signes clairs que \u00e7a va mieux.\u00a0\u00bb<\/p>\n<p>Mais la meilleure nouvelle pourrait bien se trouver dans l&rsquo;\u00e9claircissement apport\u00e9 par le patron du programme Ducati, lorsqu&rsquo;il a \u00e9t\u00e9 interrog\u00e9 sur 2026. Alors que Pecco Bagnaia se plaint d&rsquo;avoir perdu ses points forts depuis le passage \u00e0 la GP25, qui n&rsquo;int\u00e8gre que peu de changements par rapport au mod\u00e8le pr\u00e9c\u00e9dent mais ne peut se d\u00e9barrasser actuellement de son moteur, Gigi Dall&rsquo;Igna a rassur\u00e9\u00a0:\u00a0ce sera possible pour la saison prochaine, le gel impos\u00e9 par le r\u00e8glement ne concernant que de nouveaux d\u00e9veloppements.<\/p>\n<p>\u00ab\u00a0Il y a la possibilit\u00e9 de changer. Il y a deux sp\u00e9cifications et ce qui compte, c&rsquo;est de s&rsquo;en tenir \u00e0 ces deux-l\u00e0. Ensuite, nous pouvons choisir laquelle des deux utiliser pour chaque pilote\u00a0\u00bb, a pr\u00e9cis\u00e9 l&rsquo;ing\u00e9nieur, sachant que ce choix engage ensuite pour la saison enti\u00e8re.<\/p>\n<p style=\"text-align: right;\">Avec Matteo Nugnes<\/p>\n<p>Lire aussi :<\/p>\n<p>Dans cet article<\/p>\n<p>Soyez le premier inform\u00e9 et souscrivez aux alertes mails pour recevoir les infos en temps r\u00e9el<\/p>\n<p>    S&rsquo;abonner aux alertes de news<\/p>\n","protected":false},"excerpt":{"rendered":"Encore une fois, Brno a \u00e9t\u00e9 un week-end \u00e0 deux visages dans l&rsquo;\u00e9quipe officielle Ducati, entre un Marc&hellip;\n","protected":false},"author":2,"featured_media":270878,"comment_status":"","ping_status":"","sticky":false,"template":"","format":"standard","meta":{"footnotes":""},"categories":[1413],"tags":[37813,4950,1011,27,37812,1457,1456,1458,4951,60],"class_list":{"0":"post-270877","1":"post","2":"type-post","3":"status-publish","4":"format-standard","5":"has-post-thumbnail","7":"category-moto","8":"tag-brno-circuit","9":"tag-ducati-team","10":"tag-fr","11":"tag-france","12":"tag-gp-de-ru00e9publique-tchu00e8que","13":"tag-moto","14":"tag-motocycle","15":"tag-motogp","16":"tag-pecco-bagnaia","17":"tag-sports"},"share_on_mastodon":{"url":"https:\/\/pubeurope.com\/@fr\/114909252424915433","error":""},"_links":{"self":[{"href":"https:\/\/www.europesays.com\/fr\/wp-json\/wp\/v2\/posts\/270877","targetHints":{"allow":["GET"]}}],"collection":[{"href":"https:\/\/www.europesays.com\/fr\/wp-json\/wp\/v2\/posts"}],"about":[{"href":"https:\/\/www.europesays.com\/fr\/wp-json\/wp\/v2\/types\/post"}],"author":[{"embeddable":true,"href":"https:\/\/www.europesays.com\/fr\/wp-json\/wp\/v2\/users\/2"}],"replies":[{"embeddable":true,"href":"https:\/\/www.europesays.com\/fr\/wp-json\/wp\/v2\/comments?post=270877"}],"version-history":[{"count":0,"href":"https:\/\/www.europesays.com\/fr\/wp-json\/wp\/v2\/posts\/270877\/revisions"}],"wp:featuredmedia":[{"embeddable":true,"href":"https:\/\/www.europesays.com\/fr\/wp-json\/wp\/v2\/media\/270878"}],"wp:attachment":[{"href":"https:\/\/www.europesays.com\/fr\/wp-json\/wp\/v2\/media?parent=270877"}],"wp:term":[{"taxonomy":"category","embeddable":true,"href":"https:\/\/www.europesays.com\/fr\/wp-json\/wp\/v2\/categories?post=270877"},{"taxonomy":"post_tag","embeddable":true,"href":"https:\/\/www.europesays.com\/fr\/wp-json\/wp\/v2\/tags?post=270877"}],"curies":[{"name":"wp","href":"https:\/\/api.w.org\/{rel}","templated":true}]}}