{"id":270879,"date":"2025-07-24T16:53:12","date_gmt":"2025-07-24T16:53:12","guid":{"rendered":"https:\/\/www.europesays.com\/fr\/270879\/"},"modified":"2025-07-24T16:53:12","modified_gmt":"2025-07-24T16:53:12","slug":"mercedes-a-besoin-des-meilleurs-pilotes-et-je-fais-partie-des-meilleurs","status":"publish","type":"post","link":"https:\/\/www.europesays.com\/fr\/270879\/","title":{"rendered":"Mercedes a besoin des meilleurs pilotes et je fais partie des meilleurs"},"content":{"rendered":"<p>Au sortir d&rsquo;une pause de deux semaines sans courses pour la F1, le contexte demeure toujours \u00e9trange autour de <a href=\"https:\/\/fr.motorsport.com\/team\/mercedes\/611\/\" target=\"_blank\" rel=\"noopener\">Mercedes<\/a>\u00a0\u2013 et notamment du c\u00f4t\u00e9 de ses titulaires actuels, <a href=\"https:\/\/fr.motorsport.com\/driver\/george-russell\/96626\/\" target=\"_blank\" rel=\"noopener\">George Russell<\/a> et <a href=\"https:\/\/fr.motorsport.com\/driver\/kimi-antonelli\/947765\/\" target=\"_blank\" rel=\"noopener\">Kimi Antonelli<\/a>. Alors que Toto Wolff a encore repouss\u00e9 l&rsquo;id\u00e9e que son duo actuel ne serait pas celui de l&rsquo;an prochain, il n&rsquo;en demeure pas moins que le paddock bruisse de rumeurs sur les discussions r\u00e9elles entre la structure allemande et <a href=\"https:\/\/fr.motorsport.com\/driver\/max-verstappen\/93029\/\" target=\"_blank\" rel=\"noopener\">Max Verstappen<\/a>.<\/p>\n<p>Dans ces conditions, Russell reconna\u00eet qu&rsquo;il pr\u00e9f\u00e8re se concentrer sur ses performances que sur l&rsquo;agitation qui s&#8217;empare, bien malgr\u00e9 lui, de son avenir\u00a0:\u00a0\u00ab\u00a0Je pense que c&rsquo;est ma meilleure saison, mais c&rsquo;est probablement parce que c&rsquo;est la meilleure voiture que j&rsquo;ai jamais eue, donc on d\u00e9pend toujours de \u00e7a\u00a0\u00bb, a-t-il d\u00e9clar\u00e9 ce jeudi dans le paddock de Spa.<\/p>\n<p>\u00ab\u00a0Je ne suis pas vraiment frustr\u00e9 par mon avenir. Je n&rsquo;y pense plus vraiment, car je sais que tout d\u00e9pend des performances et des r\u00e9sultats. C&rsquo;est toujours comme \u00e7a. C&rsquo;est ce qui est bien dans un sport comme la Formule 1. Donc, tout finira par s&rsquo;arranger en temps voulu.\u00a0\u00bb<\/p>\n<p>Le Britannique, vainqueur du GP du Canada cette ann\u00e9e, assure en tout cas ne pas \u00eatre en discussion avec quiconque en dehors de Mercedes, rappelant au passage qu&rsquo;il est manag\u00e9 par la structure de Wolff elle-m\u00eame. \u00ab\u00a0Les discussions se poursuivent, mais pas directement avec moi en tant que tel. Il y a beaucoup plus de battage m\u00e9diatique \u00e0 ce sujet \u00e0 l&rsquo;ext\u00e9rieur qu&rsquo;\u00e0 l&rsquo;int\u00e9rieur [de l&rsquo;\u00e9curie].\u00a0\u00bb<\/p>\n<p>   <img decoding=\"async\" draggable=\"false\" src=\"https:\/\/www.europesays.com\/fr\/wp-content\/uploads\/2025\/07\/george-russell-mercedes-andrea.jpg\" alt=\"Kimi Antonelli et George Russell (Mercedes)\" width=\"1200\" height=\"800\" loading=\"lazy\"\/> <\/p>\n<p class=\"title\">Kimi Antonelli et George Russell (Mercedes)<\/p>\n<p class=\"photographer\">Photo de: Zak Mauger \/ LAT Images via Getty Images<\/p>\n<p>\u00ab\u00a0En v\u00e9rit\u00e9, j&rsquo;y pense le jeudi parce que vous me poser des questions, mais ces derniers mois m&rsquo;ont en quelque sorte permis de r\u00e9fl\u00e9chir \u00e0 ce que je ressens face \u00e0 une telle situation. On peut choisir de stresser, on peut choisir d&rsquo;essayer de s\u00e9curiser son avenir ou on peut choisir de ne pas s&rsquo;en soucier et de se concentrer sur des choses qui garantissent notre avenir, comme la performance.\u00a0\u00bb<\/p>\n<p>\u00ab\u00a0Donc, pour l&rsquo;instant, ces deux semaines de repos m&rsquo;ont fait beaucoup de bien sur le plan psychologique et mental. Je me sens probablement plus heureux maintenant que je ne l&rsquo;\u00e9tais ces derniers mois, en paix avec tout ce qui se passe, et je me concentre simplement sur chaque course, sans me presser pour assurer mon avenir. Advienne que pourra.\u00a0\u00bb<\/p>\n<p>\u00ab\u00a0J&rsquo;ai toujours eu mon int\u00e9r\u00eat \u00e0 c\u0153ur et nous verrons bien ce que l&rsquo;avenir nous r\u00e9serve, mais je n&rsquo;ai aucune raison de m&rsquo;inqui\u00e9ter pour mon avenir chez Mercedes. Et, au pire, que peut-il m&rsquo;arriver\u00a0? Si je suis performant, je resterai en Formule 1 et je serai dans une \u00e9curie comp\u00e9titive. Donc, de mon c\u00f4t\u00e9, cela me fait r\u00e9fl\u00e9chir. Tout d\u00e9pend de moi. Je suis ma\u00eetre de mon destin.\u00a0\u00bb<\/p>\n<p>\u00ab\u00a0C&rsquo;est une situation un peu particuli\u00e8re d&rsquo;\u00eatre manag\u00e9 par l&rsquo;\u00e9quipe pour laquelle je cours, mais c&rsquo;est la m\u00eame chose pour Kimi et c&rsquo;est la situation dans laquelle nous nous trouvons.\u00a0\u00bb<\/p>\n<blockquote>\n<p>Je ne pense pas qu&rsquo;il y ait beaucoup de gens qui fassent mieux que moi. J&rsquo;ai donc besoin d&rsquo;eux et ils ont besoin de moi, c&rsquo;est comme \u00e7a dans le sport auto.<\/p>\n<\/blockquote>\n<p>Quant \u00e0 la sortie de Wolff pour l&rsquo;ORF, indiquant que <a href=\"https:\/\/fr.motorsport.com\/f1\/news\/verstappen-russell-antonelli-priorite-absolue-mercedes\/10744540\/\" target=\"_self\" rel=\"noopener\">Russell et Antonelli \u00e9taient \u00ab\u00a0la priorit\u00e9 absolue\u00a0\u00bb pour 2026<\/a>, Russell de r\u00e9pondre\u00a0:\u00a0\u00ab\u00a0C&rsquo;\u00e9tait pour vous [les m\u00e9dias], pas pour moi. Ce qui se passe entre quatre murs reste entre quatre murs. De mon c\u00f4t\u00e9, rien n&rsquo;a chang\u00e9. Je n&rsquo;\u00e9tais m\u00eame pas au courant de cette d\u00e9claration il y a encore une heure. Ce n&rsquo;est donc pas quelque chose que je recherche. Ce n&rsquo;est pas quelque chose qui m&rsquo;importe vraiment.\u00a0\u00bb<\/p>\n<p>\u00ab\u00a0Et comme je l&rsquo;ai dit, ces derniers mois, m\u00eame si j&rsquo;\u00e9tais stress\u00e9 par mon avenir et que je m&rsquo;en inqui\u00e9tais, j&rsquo;ai continu\u00e9 \u00e0 performer, et je pense simplement que tout est entre mes mains. Il n&rsquo;y a donc aucune raison de perdre le sommeil pour \u00e7a. Mercedes a besoin des meilleurs pilotes dans ses voitures, et je pense que je fais partie des meilleurs. Je ne pense pas qu&rsquo;il y ait beaucoup de gens qui fassent mieux que moi. J&rsquo;ai donc besoin d&rsquo;eux et ils ont besoin de moi, c&rsquo;est comme \u00e7a dans le sport automobile.\u00a0\u00bb<\/p>\n<p style=\"text-align: right;\">Avec\u00a0Benjamin Vinel et Lydia Mee<\/p>\n<p>Lire aussi :<\/p>\n<p>Dans cet article<\/p>\n<p>Soyez le premier inform\u00e9 et souscrivez aux alertes mails pour recevoir les infos en temps r\u00e9el<\/p>\n<p>    S&rsquo;abonner aux alertes de news<\/p>\n","protected":false},"excerpt":{"rendered":"Au sortir d&rsquo;une pause de deux semaines sans courses pour la F1, le contexte demeure toujours \u00e9trange autour&hellip;\n","protected":false},"author":2,"featured_media":270880,"comment_status":"","ping_status":"","sticky":false,"template":"","format":"standard","meta":{"footnotes":""},"categories":[1412],"tags":[1451,1452,1453,1454,1455,1011,27,9124,38196,4320,19528,60],"class_list":{"0":"post-270879","1":"post","2":"type-post","3":"status-publish","4":"format-standard","5":"has-post-thumbnail","7":"category-f1","8":"tag-f1","9":"tag-formula-1","10":"tag-formula1","11":"tag-formule-1","12":"tag-formule1","13":"tag-fr","14":"tag-france","15":"tag-george-russell","16":"tag-gp-de-belgique","17":"tag-mercedes","18":"tag-spa-francorchamps","19":"tag-sports"},"share_on_mastodon":{"url":"https:\/\/pubeurope.com\/@fr\/114909256339200330","error":""},"_links":{"self":[{"href":"https:\/\/www.europesays.com\/fr\/wp-json\/wp\/v2\/posts\/270879","targetHints":{"allow":["GET"]}}],"collection":[{"href":"https:\/\/www.europesays.com\/fr\/wp-json\/wp\/v2\/posts"}],"about":[{"href":"https:\/\/www.europesays.com\/fr\/wp-json\/wp\/v2\/types\/post"}],"author":[{"embeddable":true,"href":"https:\/\/www.europesays.com\/fr\/wp-json\/wp\/v2\/users\/2"}],"replies":[{"embeddable":true,"href":"https:\/\/www.europesays.com\/fr\/wp-json\/wp\/v2\/comments?post=270879"}],"version-history":[{"count":0,"href":"https:\/\/www.europesays.com\/fr\/wp-json\/wp\/v2\/posts\/270879\/revisions"}],"wp:featuredmedia":[{"embeddable":true,"href":"https:\/\/www.europesays.com\/fr\/wp-json\/wp\/v2\/media\/270880"}],"wp:attachment":[{"href":"https:\/\/www.europesays.com\/fr\/wp-json\/wp\/v2\/media?parent=270879"}],"wp:term":[{"taxonomy":"category","embeddable":true,"href":"https:\/\/www.europesays.com\/fr\/wp-json\/wp\/v2\/categories?post=270879"},{"taxonomy":"post_tag","embeddable":true,"href":"https:\/\/www.europesays.com\/fr\/wp-json\/wp\/v2\/tags?post=270879"}],"curies":[{"name":"wp","href":"https:\/\/api.w.org\/{rel}","templated":true}]}}