{"id":270883,"date":"2025-07-24T16:55:13","date_gmt":"2025-07-24T16:55:13","guid":{"rendered":"https:\/\/www.europesays.com\/fr\/270883\/"},"modified":"2025-07-24T16:55:13","modified_gmt":"2025-07-24T16:55:13","slug":"boubacar-traore-retrouve-le-fc-metz-football-club-de-metz-infos-fc-metz-entrainements-fc-metz","status":"publish","type":"post","link":"https:\/\/www.europesays.com\/fr\/270883\/","title":{"rendered":"Boubacar Traor\u00e9 retrouve le FC Metz ! | Football Club de Metz &#8211; Infos FC Metz &#8211; Entra\u00eenements FC Metz"},"content":{"rendered":"<p>Boubacar Traor\u00e9 effectue son grand retour sur les bords de la Moselle ! Le milieu de terrain est pr\u00eat\u00e9 par\u00a0Wolverhampton Wanderers Football Club, jusqu&rsquo;en juin 2026.\u00a0<\/p>\n<p style=\"text-align: justify;\">D\u00e9but\u00e9e \u00e0 l&rsquo;\u00e9t\u00e9 2019, l\u2019histoire reprend donc son cours sur les rives de la Moselle. \u00c0 l\u2019\u00e9poque, le milieu de terrain\u00a0avait rejoint le FC Metz en provenance de l\u2019AS Bamako (Mali). Apparu pour la premi\u00e8re fois sous le maillot messin le 9 mai 2021 face \u00e0\u00a0N\u00eemes, il a inscrit son premier but en Grenat une semaine plus tard \u00e0 Lorient, d\u2019une frappe lointaine qui reste dans les m\u00e9moires.\u00a0<\/p>\n<p style=\"text-align: justify;\">L&rsquo;exercice\u00a02021-2022 a \u00e9t\u00e9 celui de la confirmation pour l\u2019international malien, qui a pris part \u00e0 27 rencontres de Ligue 1 Uber Eats. Des bonnes performances qui lui permettent alors de d\u00e9couvrir la Premier League, sous le maillot des Wolves.\u00a0<\/p>\n<p style=\"text-align: justify;\">En trois saisons outre-Manche, Boubacar Traor\u00e9 a exp\u00e9riment\u00e9 les exigences physiques du football anglais, d\u00e9veloppant sa vision du jeu, sa science de la r\u00e9cup\u00e9ration et sa justesse technique dans l\u2019entrejeu.\u00a0Il mettra d\u00e9sormais l&rsquo;ensemble de ses qualit\u00e9s\u00a0au service du collectif messin en Ligue 1 McDonald&rsquo;s.\u00a0<\/p>\n<p style=\"text-align: justify;\">Le FC Metz se rejouit de ce retour et souhaite plein succ\u00e8s \u00e0 Boubacar Traor\u00e9 cette saison.<\/p>\n<p style=\"text-align: justify;\">Les premiers mots de Boubacar Traor\u00e9 : \u00ab Je suis heureux de retrouver Saint-Symphorien, et content d&rsquo;\u00eatre de retour \u00e0 la maison. J&rsquo;ai h\u00e2te de rejouer en Ligue 1 et j&rsquo;esp\u00e8re qu&rsquo;on fera une tr\u00e8s bonne saison ! \u00bb<\/p>\n<p style=\"text-align: justify;\"><img decoding=\"async\" alt=\"\" src=\"https:\/\/www.europesays.com\/fr\/wp-content\/uploads\/2025\/07\/twitter_presentation-joueurs_boubacar_traore.png\" style=\"width: 100%;\"\/><\/p>\n","protected":false},"excerpt":{"rendered":"Boubacar Traor\u00e9 effectue son grand retour sur les bords de la Moselle ! Le milieu de terrain est&hellip;\n","protected":false},"author":2,"featured_media":270884,"comment_status":"","ping_status":"","sticky":false,"template":"","format":"standard","meta":{"footnotes":""},"categories":[1410],"tags":[19298,63,1011,27,19297,60,19299],"class_list":{"0":"post-270883","1":"post","2":"type-post","3":"status-publish","4":"format-standard","5":"has-post-thumbnail","7":"category-football","8":"tag-entrainements-fc-metz","9":"tag-football","10":"tag-fr","11":"tag-france","12":"tag-infos-fc-metz","13":"tag-sports","14":"tag-videos-fc-metz"},"share_on_mastodon":{"url":"https:\/\/pubeurope.com\/@fr\/114909264208904253","error":""},"_links":{"self":[{"href":"https:\/\/www.europesays.com\/fr\/wp-json\/wp\/v2\/posts\/270883","targetHints":{"allow":["GET"]}}],"collection":[{"href":"https:\/\/www.europesays.com\/fr\/wp-json\/wp\/v2\/posts"}],"about":[{"href":"https:\/\/www.europesays.com\/fr\/wp-json\/wp\/v2\/types\/post"}],"author":[{"embeddable":true,"href":"https:\/\/www.europesays.com\/fr\/wp-json\/wp\/v2\/users\/2"}],"replies":[{"embeddable":true,"href":"https:\/\/www.europesays.com\/fr\/wp-json\/wp\/v2\/comments?post=270883"}],"version-history":[{"count":0,"href":"https:\/\/www.europesays.com\/fr\/wp-json\/wp\/v2\/posts\/270883\/revisions"}],"wp:featuredmedia":[{"embeddable":true,"href":"https:\/\/www.europesays.com\/fr\/wp-json\/wp\/v2\/media\/270884"}],"wp:attachment":[{"href":"https:\/\/www.europesays.com\/fr\/wp-json\/wp\/v2\/media?parent=270883"}],"wp:term":[{"taxonomy":"category","embeddable":true,"href":"https:\/\/www.europesays.com\/fr\/wp-json\/wp\/v2\/categories?post=270883"},{"taxonomy":"post_tag","embeddable":true,"href":"https:\/\/www.europesays.com\/fr\/wp-json\/wp\/v2\/tags?post=270883"}],"curies":[{"name":"wp","href":"https:\/\/api.w.org\/{rel}","templated":true}]}}