{"id":270885,"date":"2025-07-24T16:56:10","date_gmt":"2025-07-24T16:56:10","guid":{"rendered":"https:\/\/www.europesays.com\/fr\/270885\/"},"modified":"2025-07-24T16:56:10","modified_gmt":"2025-07-24T16:56:10","slug":"alexandre-astier-devoile-laffiche-du-prochain-kaamelott-post-malone-gagne-une-bataille-contre-son-ex","status":"publish","type":"post","link":"https:\/\/www.europesays.com\/fr\/270885\/","title":{"rendered":"Alexandre Astier d\u00e9voile l\u2019affiche du prochain \u00ab\u00a0Kaamelott\u00a0\u00bb\u2026 Post Malone gagne une bataille contre son ex\u2026"},"content":{"rendered":"<p>24\u00a0juillet 2025<\/p>\n<p>Les m\u00e9moires d\u2019Ozzy Osbourne sortiront cette ann\u00e9e<\/p>\n<p>Les fans du <a href=\"https:\/\/www.20minutes.fr\/arts-stars\/television\/4164926-20250723-mort-ozzy-osbourne-quand-rockeur-star-telerealite\" target=\"_blank\" class=\"color-ultramarine c-link\" rel=\"noopener\">leader des Black Sabbath<\/a> pourront bient\u00f4t en apprendre davantage sur la vie exceptionnelle de leur idole. Voil\u00e0 une annonce qui devrait leur ajouter du baume au c\u0153ur seulement quelques jours apr\u00e8s la <a href=\"https:\/\/www.20minutes.fr\/arts-stars\/culture\/4164870-20250722-ozzy-osbourne-chanteur-black-sabbath-mort\" target=\"_blank\" class=\"color-ultramarine c-link\" rel=\"noopener\">mort du chanteur<\/a> \u00e0 76 ans.<\/p>\n<p>Last Rites, ses m\u00e9moires, devrait para\u00eetre le 7\u00a0octobre prochain aux \u00e9ditions Grand Central Publishing, une division du groupe Hachette, selon <a href=\"https:\/\/consequence.net\/2025\/07\/ozzy-osbourne-memoir-last-rites\/\" rel=\"nofollow noopener\" target=\"_blank\" class=\"color-ultramarine c-link\">Consequence<\/a>. L\u2019ouvrage promet d\u00e9j\u00e0 de d\u00e9voiler l\u2019histoire \u00ab\u00a0choquante, am\u00e8rement hilarante et jamais encore racont\u00e9e\u00a0\u00bb du \u00ab\u00a0prince des t\u00e9n\u00e8bres\u00a0\u00bb.<\/p>\n<p>Alexandre Astier d\u00e9voile l\u2019affiche de \u00ab\u00a0Kaamelott 2\u00a0\u00bb<\/p>\n<p>L\u2019ex de Post Malone abandonne son combat sur la garde de leur fille<\/p>\n<p>Le chanteur am\u00e9ricain s\u2019est farouchement oppos\u00e9 \u00e0 la demande de son ex-conjointe Hee Sung \u00ab\u00a0Jamie\u00a0\u00bb Park concernant <a href=\"https:\/\/www.20minutes.fr\/arts-stars\/people\/3301375-20220602-post-malone-tres-excite-idee-devenir-papa-kim-kardashian-fait-premier-vers-pete-davidson\" target=\"_blank\" class=\"color-ultramarine c-link\" rel=\"noopener\">la garde de leur fille<\/a>, n\u00e9e en\u00a02022. La jeune m\u00e8re demandait \u00e0 obtenir la garde de l\u2019enfant en Californie, o\u00f9 elle s\u2019est install\u00e9e apr\u00e8s sa s\u00e9paration du musicien l\u2019an dernier, tandis que ce dernier demandait qu\u2019elle reste dans l\u2019Utah, comme le rapporte <a href=\"https:\/\/www.tmz.com\/2025\/07\/23\/post-malone-child-custody-case-dismissed-los-angeles\/\" rel=\"nofollow noopener\" target=\"_blank\" class=\"color-ultramarine c-link\">TMZ<\/a>.<\/p>\n<p>L\u2019\u00e9quipe juridique du chanteur de 30 ans a d\u00e9pos\u00e9 en mai une requ\u00eate contre la demande de Jamie Park, estimant que Jamie Park avait \u00ab\u00a0intentionnellement cach\u00e9 \u00e0 la cour que <a href=\"https:\/\/www.20minutes.fr\/arts-stars\/people\/4105809-20240817-post-malone-certainement-plus-monde-fille\" target=\"_blank\" class=\"color-ultramarine c-link\" rel=\"noopener\">leur enfant <\/a>r\u00e9sidait dans l\u2019Utah depuis sa naissance\u00a0\u00bb. Mais l\u2019affaire est d\u00e9sormais histoire ancienne, puisque la jeune m\u00e8re a abandonn\u00e9 sa demande en d\u00e9but de semaine avec pr\u00e9judice, signifiant qu\u2019elle ne pourra pas la relancer \u00e0 l\u2019avenir.<\/p>\n","protected":false},"excerpt":{"rendered":"24\u00a0juillet 2025 Les m\u00e9moires d\u2019Ozzy Osbourne sortiront cette ann\u00e9e Les fans du leader des Black Sabbath pourront bient\u00f4t&hellip;\n","protected":false},"author":2,"featured_media":270886,"comment_status":"","ping_status":"","sticky":false,"template":"","format":"standard","meta":{"footnotes":""},"categories":[1359],"tags":[14989,2139,3983,58,59,2702,2081,1011,27,41019,1380,973,7040,133],"class_list":{"0":"post-270885","1":"post","2":"type-post","3":"status-publish","4":"format-standard","5":"has-post-thumbnail","7":"category-people","8":"tag-alexandre-astier","9":"tag-californie","10":"tag-deces","11":"tag-divertissement","12":"tag-entertainment","13":"tag-fil-des-stars","14":"tag-film","15":"tag-fr","16":"tag-france","17":"tag-kaamelott","18":"tag-livres","19":"tag-people","20":"tag-rock","21":"tag-video"},"share_on_mastodon":{"url":"https:\/\/pubeurope.com\/@fr\/114909268095552711","error":""},"_links":{"self":[{"href":"https:\/\/www.europesays.com\/fr\/wp-json\/wp\/v2\/posts\/270885","targetHints":{"allow":["GET"]}}],"collection":[{"href":"https:\/\/www.europesays.com\/fr\/wp-json\/wp\/v2\/posts"}],"about":[{"href":"https:\/\/www.europesays.com\/fr\/wp-json\/wp\/v2\/types\/post"}],"author":[{"embeddable":true,"href":"https:\/\/www.europesays.com\/fr\/wp-json\/wp\/v2\/users\/2"}],"replies":[{"embeddable":true,"href":"https:\/\/www.europesays.com\/fr\/wp-json\/wp\/v2\/comments?post=270885"}],"version-history":[{"count":0,"href":"https:\/\/www.europesays.com\/fr\/wp-json\/wp\/v2\/posts\/270885\/revisions"}],"wp:featuredmedia":[{"embeddable":true,"href":"https:\/\/www.europesays.com\/fr\/wp-json\/wp\/v2\/media\/270886"}],"wp:attachment":[{"href":"https:\/\/www.europesays.com\/fr\/wp-json\/wp\/v2\/media?parent=270885"}],"wp:term":[{"taxonomy":"category","embeddable":true,"href":"https:\/\/www.europesays.com\/fr\/wp-json\/wp\/v2\/categories?post=270885"},{"taxonomy":"post_tag","embeddable":true,"href":"https:\/\/www.europesays.com\/fr\/wp-json\/wp\/v2\/tags?post=270885"}],"curies":[{"name":"wp","href":"https:\/\/api.w.org\/{rel}","templated":true}]}}