{"id":270887,"date":"2025-07-24T16:57:09","date_gmt":"2025-07-24T16:57:09","guid":{"rendered":"https:\/\/www.europesays.com\/fr\/270887\/"},"modified":"2025-07-24T16:57:09","modified_gmt":"2025-07-24T16:57:09","slug":"est-ce-que-le-louvre-ou-le-ministere-de-la-culture-mentendront-le-questionnaire-de-proust-de-la-comedienne-anne-cangelosi","status":"publish","type":"post","link":"https:\/\/www.europesays.com\/fr\/270887\/","title":{"rendered":"\u00ab\u00a0Est-ce que le Louvre ou le minist\u00e8re de la Culture m&rsquo;entendront ? \u00ab\u00a0, le questionnaire de Proust de la com\u00e9dienne Anne Cangelosi"},"content":{"rendered":"\n<p class=\"c-chapo \">\n  Ecrivains, musiciens, artistes, photographes, com\u00e9diens, stylistes, cin\u00e9astes\u2026 Durant tout l&rsquo;\u00e9t\u00e9, des artistes se livrent \u00e0 ce jeu pour nous sur franceinfo Culture. Aujourd&rsquo;hui, Anne Cangelosi, autrice, metteuse en sc\u00e8ne et com\u00e9dienne.\n<\/p>\n<p>            lire plus tard<\/p>\n<p id=\"dialog__title\" class=\"dialog__title\">Pour sauvegarder cet article, connectez-vous ou cr\u00e9ez un compte franceinfo<\/p>\n<p class=\"dialog__description\">Sans paiement. Sans abonnement.<\/p>\n<p>        Fermer la fen\u00eatre d\u2019activation des notifications France Info<\/p>\n<p>            cr\u00e9er votre compte<\/p>\n<p>            se connecter<\/p>\n<p>        Fermer la fen\u00eatre de pr\u00e9sentation<\/p>\n<p>    <img decoding=\"async\" class=\"signature__image\" width=\"44\" height=\"44\"  alt=\"\" src=\"https:\/\/www.franceinfo.fr\/assets\/common\/images\/galaxie-icons\/avatar-e7320e16.svg\" fetchpriority=\"high\"\/><\/p>\n<p>          France T\u00e9l\u00e9visions &#8211; R\u00e9daction Culture<\/p>\n<p>    Publi\u00e9 le 24\/07\/2025 10:57<\/p>\n<p>        Temps de lecture : 3min<\/p>\n<p>    <img decoding=\"async\"  alt=\"Anne Cangelosi sur sc\u00e8ne, en 2023. (Yann Etesse)\" width=\"432\" height=\"243\" src=\"https:\/\/www.europesays.com\/fr\/wp-content\/uploads\/2025\/07\/avignon-2023-le-radeau-1037gq-1-685bfbbfc0f92732472552.jpg\" fetchpriority=\"high\"\/><\/p>\n<p>      Anne Cangelosi sur sc\u00e8ne, en 2023. (Yann Etesse)<\/p>\n<p>Seule en sc\u00e8ne, en conf\u00e9renci\u00e8re passionn\u00e9e, Anne Cangelosi fait d\u00e9couvrir au public les secrets du fameux tableau Le radeau de la m\u00e9duse de G\u00e9ricault. La com\u00e9dienne confie son r\u00eave de pouvoir jouer sa pi\u00e8ce au mus\u00e9e du Louvre devant le v\u00e9ritable tableau.\u00a0\u00a0<\/p>\n<p><strong>Franceinfo Culture : Cet \u00e9t\u00e9 \u00eates-vous plut\u00f4t travail ou sieste ?<\/strong><\/p>\n<p><strong>Anne Cangelosi :<\/strong> Travail ET sieste !<\/p>\n<p><strong>En vacances, \u00eates-vous montagne ou plage ?<\/strong><\/p>\n<p>Cela fait tr\u00e8s longtemps que je n&rsquo;ai pas eu de vraies vacances&#8230; Comme je suis une fille du Sud, cet \u00e9t\u00e9 ce sera plut\u00f4t plage.\u00a0<\/p>\n<p><strong>Parlons cr\u00e9ation : \u00eates-vous du matin ou du soir ?<\/strong><\/p>\n<p>Du matin\u00a0\u00a0<\/p>\n<p><strong>Cin\u00e9ma ou th\u00e9\u00e2tre ?\u00a0<\/strong><\/p>\n<p>Tr\u00e8s difficile de choisir mais quand m\u00eame th\u00e9\u00e2tre pour le c\u00f4t\u00e9 \u00ab\u00a0vivant\u00a0\u00bb, \u00ab\u00a0sans filet\u00a0\u00bb et \u00ab\u00a0one shot\u00a0\u00bb ! Chaque repr\u00e9sentation est unique en fonction de la connexion avec le public qui, chaque soir, est diff\u00e9rent ! Comme le dit si bien H\u00e9raclite : \u00ab\u00a0on ne se baigne jamais dans le m\u00eame fleuve\u00a0\u00bb\u00a0<\/p>\n<p><strong>Quel est le livre (film, disque, op\u00e9ra) que vous n\u2019avez toujours pas vu, lu, \u00e9cout\u00e9 ?<\/strong><\/p>\n<p>Le Fant\u00f4me de l&rsquo;Op\u00e9ra<\/p>\n<p><strong>Votre meilleur souvenir de com\u00e9dienne ?<\/strong><\/p>\n<p>C&rsquo;est un peu tarte \u00e0 la cr\u00e8me de dire \u00e7a mais chaque souvenir est particulier. Je crois que ce que je pr\u00e9f\u00e8re c&rsquo;est \u00e0 la fin de la repr\u00e9sentation quand les personnes du public me remercient de les avoir sortis de leur quotidien&#8230;<\/p>\n<p><strong>Votre cauchemar ?<\/strong><\/p>\n<p>Oublier mon texte\u00a0<\/p>\n<p><strong>Si vous \u00e9tiez une pi\u00e8ce (un livre, un film, un spectacle, un disque) lequel serait-il ?<\/strong><\/p>\n<p>Le dernier spectacle de Zouc que j&rsquo;ai vu deux fois au Bataclan, j&rsquo;avais 14 ans&#8230; Ce spectacle m&rsquo;a marqu\u00e9 \u00e0 vie, en y r\u00e9fl\u00e9chissant il \u00e9tait d&rsquo;une immense modernit\u00e9. C&rsquo;est Zouc qui fait que je fais ce m\u00e9tier.\u00a0<\/p>\n<p><strong>Quelle phrase (chanson, r\u00e9plique, air d&rsquo;op\u00e9ra, m\u00e9lodie) a boulevers\u00e9 votre vie ?<\/strong><\/p>\n<p>\u00ab\u00a0Avance sur ta route car elle n&rsquo;existe que par ta marche\u00a0\u00bb , de Saint Augustin.\u00a0<\/p>\n<p><strong>Quels sont les personnages (de la litt\u00e9rature, cin\u00e9ma, th\u00e9\u00e2tre\u2026 ) que vous avez d\u00e9test\u00e9s ?<\/strong><\/p>\n<p>Folcoche\u00a0 [m\u00e8re cruelle dans Vip\u00e8re au sein d&rsquo;Herv\u00e9 Bazin]<\/p>\n<p><strong>Et ceux qui vous ont toujours accompagn\u00e9e ?<\/strong><\/p>\n<p>Dorine dans Tartuffe, Toinette dans Le malade imaginaire, la nourrice dans Rom\u00e9o et Juliette<\/p>\n<p><strong>Quel est le lieu o\u00f9 vous \u00eates chez vous ?<\/strong><\/p>\n<p>Sur sc\u00e8ne\u00a0<\/p>\n<p><strong>Quel est lieu qui vous inspire ?<\/strong><\/p>\n<p>Tous les lieux o\u00f9 il y a du monde que je peux observer (une terrasse de caf\u00e9, le wagon-restaurant d&rsquo;un train, les transports en commun).\u00a0<\/p>\n<p><strong>Quelle est la question qui vous horripile ?<\/strong><\/p>\n<p>A priori aucune. En r\u00e9fl\u00e9chissant si une : au festival d&rsquo;Avignon, lorsque l&rsquo;on croise un coll\u00e8gue com\u00e9dien qui avant de vous demander \u00ab\u00a0comment \u00e7a va ?\u00a0\u00bb, vous demande \u00ab\u00a0tu avais combien dans ta salle aujourd&rsquo;hui ?\u00a0\u00bb<\/p>\n<p><strong>\u00a0Et celle qu\u2019on ne vous a jamais pos\u00e9e ?<\/strong><\/p>\n<p>Si on ne me l\u2019a jamais pos\u00e9e c&rsquo;est que la r\u00e9ponse n&rsquo;est certainement pas int\u00e9ressante.\u00a0<\/p>\n<p><strong>Pourquoi avez-vous choisi cette photo pour illustrer le questionnaire ?\u00a0<\/strong><\/p>\n<p>C&rsquo;est une photo de sc\u00e8ne o\u00f9 je suis devant une b\u00e2che qui repr\u00e9sente Le radeau de la M\u00e9duse (le spectacle que je joue actuellement). J&rsquo;aimerais tellement pouvoir jouer ce spectacle au Louvre devant le vrai tableau. Je lance une bouteille \u00e0 la mer&#8230; Est-ce que le Louvre ou le minist\u00e8re de la Culture m&rsquo;entendront gr\u00e2ce \u00e0 vous&#8230; ?<\/p>\n","protected":false},"excerpt":{"rendered":"Ecrivains, musiciens, artistes, photographes, com\u00e9diens, stylistes, cin\u00e9astes\u2026 Durant tout l&rsquo;\u00e9t\u00e9, des artistes se livrent \u00e0 ce jeu pour&hellip;\n","protected":false},"author":2,"featured_media":270888,"comment_status":"","ping_status":"","sticky":false,"template":"","format":"standard","meta":{"footnotes":""},"categories":[1358],"tags":[1348,1384,1385,1386,58,59,1011,27],"class_list":{"0":"post-270887","1":"post","2":"type-post","3":"status-publish","4":"format-standard","5":"has-post-thumbnail","7":"category-arts-et-design","8":"tag-arts","9":"tag-arts-and-design","10":"tag-arts-et-design","11":"tag-design","12":"tag-divertissement","13":"tag-entertainment","14":"tag-fr","15":"tag-france"},"share_on_mastodon":{"url":"https:\/\/pubeurope.com\/@fr\/114909272045043217","error":""},"_links":{"self":[{"href":"https:\/\/www.europesays.com\/fr\/wp-json\/wp\/v2\/posts\/270887","targetHints":{"allow":["GET"]}}],"collection":[{"href":"https:\/\/www.europesays.com\/fr\/wp-json\/wp\/v2\/posts"}],"about":[{"href":"https:\/\/www.europesays.com\/fr\/wp-json\/wp\/v2\/types\/post"}],"author":[{"embeddable":true,"href":"https:\/\/www.europesays.com\/fr\/wp-json\/wp\/v2\/users\/2"}],"replies":[{"embeddable":true,"href":"https:\/\/www.europesays.com\/fr\/wp-json\/wp\/v2\/comments?post=270887"}],"version-history":[{"count":0,"href":"https:\/\/www.europesays.com\/fr\/wp-json\/wp\/v2\/posts\/270887\/revisions"}],"wp:featuredmedia":[{"embeddable":true,"href":"https:\/\/www.europesays.com\/fr\/wp-json\/wp\/v2\/media\/270888"}],"wp:attachment":[{"href":"https:\/\/www.europesays.com\/fr\/wp-json\/wp\/v2\/media?parent=270887"}],"wp:term":[{"taxonomy":"category","embeddable":true,"href":"https:\/\/www.europesays.com\/fr\/wp-json\/wp\/v2\/categories?post=270887"},{"taxonomy":"post_tag","embeddable":true,"href":"https:\/\/www.europesays.com\/fr\/wp-json\/wp\/v2\/tags?post=270887"}],"curies":[{"name":"wp","href":"https:\/\/api.w.org\/{rel}","templated":true}]}}