{"id":270889,"date":"2025-07-24T16:58:11","date_gmt":"2025-07-24T16:58:11","guid":{"rendered":"https:\/\/www.europesays.com\/fr\/270889\/"},"modified":"2025-07-24T16:58:11","modified_gmt":"2025-07-24T16:58:11","slug":"tassin-la-demi-lune-lectures-dete-faites-vous-plaisir","status":"publish","type":"post","link":"https:\/\/www.europesays.com\/fr\/270889\/","title":{"rendered":"Tassin-la-Demi-Lune. Lectures d\u2019\u00e9t\u00e9\u00a0: faites-vous plaisir\u00a0!"},"content":{"rendered":"<p>En ce jour de juillet la librairie Pleine Lune ne d\u00e9semplit pas, le rayon jeunesse est tr\u00e8s consult\u00e9 mais surtout on rencontre de futurs vacanciers en recherche de lectures estivales. \u00ab\u00a0Pour me vider la t\u00eate, aplatie sur ma serviette, j\u2019en r\u00eave\u00a0\u00bb, sourit Armelle avant son d\u00e9part pour l\u2019\u00eele de beaut\u00e9.<\/p>\n<p>Pour vous aider dans vos choix l\u2019\u00e9quipe de la librairie, Sophie, Marie et Victor ont concoct\u00e9 une petite s\u00e9lection d\u2019ouvrages. Des livres de poche d\u2019abord, dont les pages peuvent sans&#8230;<\/p>\n","protected":false},"excerpt":{"rendered":"En ce jour de juillet la librairie Pleine Lune ne d\u00e9semplit pas, le rayon jeunesse est tr\u00e8s consult\u00e9&hellip;\n","protected":false},"author":2,"featured_media":270890,"comment_status":"","ping_status":"","sticky":false,"template":"","format":"standard","meta":{"footnotes":""},"categories":[1357],"tags":[1379,1687,58,3153,59,1011,27,1380,2410,20283,20284],"class_list":{"0":"post-270889","1":"post","2":"type-post","3":"status-publish","4":"format-standard","5":"has-post-thumbnail","7":"category-livres","8":"tag-books","9":"tag-culture-loisirs","10":"tag-divertissement","11":"tag-edition-ouest-lyonnais","12":"tag-entertainment","13":"tag-fr","14":"tag-france","15":"tag-livres","16":"tag-livres-bd","17":"tag-tassin-la-demi-lune","18":"tag-tassin-la-demi-lune-bassin"},"share_on_mastodon":{"url":"https:\/\/pubeurope.com\/@fr\/114909276006121064","error":""},"_links":{"self":[{"href":"https:\/\/www.europesays.com\/fr\/wp-json\/wp\/v2\/posts\/270889","targetHints":{"allow":["GET"]}}],"collection":[{"href":"https:\/\/www.europesays.com\/fr\/wp-json\/wp\/v2\/posts"}],"about":[{"href":"https:\/\/www.europesays.com\/fr\/wp-json\/wp\/v2\/types\/post"}],"author":[{"embeddable":true,"href":"https:\/\/www.europesays.com\/fr\/wp-json\/wp\/v2\/users\/2"}],"replies":[{"embeddable":true,"href":"https:\/\/www.europesays.com\/fr\/wp-json\/wp\/v2\/comments?post=270889"}],"version-history":[{"count":0,"href":"https:\/\/www.europesays.com\/fr\/wp-json\/wp\/v2\/posts\/270889\/revisions"}],"wp:featuredmedia":[{"embeddable":true,"href":"https:\/\/www.europesays.com\/fr\/wp-json\/wp\/v2\/media\/270890"}],"wp:attachment":[{"href":"https:\/\/www.europesays.com\/fr\/wp-json\/wp\/v2\/media?parent=270889"}],"wp:term":[{"taxonomy":"category","embeddable":true,"href":"https:\/\/www.europesays.com\/fr\/wp-json\/wp\/v2\/categories?post=270889"},{"taxonomy":"post_tag","embeddable":true,"href":"https:\/\/www.europesays.com\/fr\/wp-json\/wp\/v2\/tags?post=270889"}],"curies":[{"name":"wp","href":"https:\/\/api.w.org\/{rel}","templated":true}]}}