{"id":270895,"date":"2025-07-24T17:01:18","date_gmt":"2025-07-24T17:01:18","guid":{"rendered":"https:\/\/www.europesays.com\/fr\/270895\/"},"modified":"2025-07-24T17:01:18","modified_gmt":"2025-07-24T17:01:18","slug":"sorry-baby-comedie-dramatique-sensible-sur-la-reconstruction-apres-un-viol-rts-ch","status":"publish","type":"post","link":"https:\/\/www.europesays.com\/fr\/270895\/","title":{"rendered":"\u00ab\u00a0Sorry, Baby\u00a0\u00bb, com\u00e9die dramatique sensible sur la reconstruction apr\u00e8s un viol &#8211; rts.ch"},"content":{"rendered":"<p>Dans le d\u00e9licat \u00ab\u00a0Sorry, Baby\u00a0\u00bb, Eva Victor raconte les malheurs d\u2019Agn\u00e8s, une fille qui stagne dans sa vie, mais r\u00e9siste pour ne pas sombrer. La gestion de son trauma est au c\u0153ur de cette com\u00e9die dramatique intimiste \u00e0 l\u2019humour pince-sans-rire, parfois m\u00eame un peu noir.<\/p>\n<p>Pour son premier long m\u00e9trage, dans lequel elle incarne \u00e9galement l\u2019h\u00e9ro\u00efne Agn\u00e8s, Eva Victor frappe fort. Elle, qui a v\u00e9cu une histoire similaire, signe une com\u00e9die dramatique unique sur la reconstruction d\u2019une jeune femme viol\u00e9e. En \u00e9vitant soigneusement de montrer frontalement l\u2019agression, s\u2019int\u00e9ressant principalement \u00e0 la gu\u00e9rison, le film fait mouche.<\/p>\n<p>La force de la suggestion<\/p>\n<p>Pourtant, Eva Victor ne se prive pas de filmer le jour du viol, mais elle reste en plan fixe sur la fa\u00e7ade d\u2019une maison cadr\u00e9e de loin. Agn\u00e8s sonne \u00e0 la porte, p\u00e9n\u00e8tre de plein gr\u00e9 dans la bicoque. Alors que la lumi\u00e8re s\u2019assombrit pour indiquer le temps qui passe du jour \u00e0 la nuit, aucun bruit ni aucune musique n\u2019accompagne l\u2019image de cette fa\u00e7ade. Soudain, la porte s\u2019ouvre. Agn\u00e8s, abasourdie, sans un mot, sort de la maison. Le silence est rompu plus tard par son introspection dans un bain alors qu\u2019elle d\u00e9crit ce qui s\u2019est tram\u00e9 et se demande si c\u2019est bien cela que l\u2019on appelle un viol.<\/p>\n<p>Contenu externe<\/p>\n<p> Ce contenu externe ne peut pas \u00eatre affich\u00e9 car il est susceptible de collecter des donn\u00e9es personnelles. Pour voir ce contenu vous devez autoriser la cat\u00e9gorie <strong>R\u00e9seaux sociaux<\/strong>. <\/p>\n<p> Accepter Plus d&rsquo;info <\/p>\n<p>Sugg\u00e9rer plut\u00f4t que montrer! Rien n\u2019est plus efficace pour transmettre aux spectateurs et spectatrices la violence de l\u2019acte subi par Agn\u00e8s. Mais un tel film ne pourrait fonctionner sans un second r\u00f4le aussi impeccable que Louis Cancelmi pour jouer le mal. Il est le vice incarn\u00e9, Preston Decker, mentor \u00e9rudit et professeur r\u00e9put\u00e9 qui profite de son charisme, joue sournoisement de la flatterie pour mieux pi\u00e9ger sa proie Agn\u00e8s. Cet homme rassurant lui raconte ce qu\u2019elle a envie d\u2019entendre. En confiance, comment aurait-elle pu se douter qu\u2019en se rendant chez lui pour discuter de sa th\u00e8se, le pr\u00e9dateur ne ferait d\u2019elle qu\u2019une bouch\u00e9e?<\/p>\n<p>L\u2019amiti\u00e9 comme bou\u00e9e de sauvetage<\/p>\n<p>D\u00e8s lors, le film explore avec d\u00e9licatesse ce sentiment d\u2019impasse qui hante la victime. Agn\u00e8s h\u00e9site \u00e0 s\u2019engager avec un gar\u00e7on dont elle sent pourtant qu\u2019il pourrait lui convenir. Elle en parle avec Lydie (Naomi Ackie), sa meilleure amie enceinte, complice depuis toujours, mais qui vit loin d\u2019elle depuis le drame, en couple avec son \u00e9pouse. Compatissante, \u00e0 l\u2019\u00e9coute, elle aime Agn\u00e8s plus que tout, l\u2019aide depuis ce viol et ne rate jamais une occasion de passer du temps avec elle. Cette nature bourr\u00e9e d\u2019\u00e9nergie agit comme un pr\u00e9cieux m\u00e9dicament. Voil\u00e0 sans doute pourquoi Agn\u00e8s n\u2019a pas sombr\u00e9.<\/p>\n<p>Mais tout en continuant \u00e0 enseigner dans l\u2019universit\u00e9 o\u00f9 s\u2019est d\u00e9roul\u00e9 le drame, Agn\u00e8s doit aussi se prot\u00e9ger des rumeurs et se m\u00e9fier de Natasha (Kelly McCormack), une doctorante rivale qui se laisse emporter par des crises de jalousie. Le comique de situation provient essentiellement de ce personnage. Certains \u00e9changes avec Lydie font aussi leur effet lorsqu\u2019il s\u2019agit de moquer les gar\u00e7ons obs\u00e9d\u00e9s par la taille de leur engin. Les dialogues savoureux fusent, les rires aussi, dop\u00e9s par un humour parfois noir.<\/p>\n<p>Une narration \u00e9clat\u00e9e pour une m\u00e9moire fragment\u00e9e<\/p>\n<p>D\u00e9coup\u00e9 en cinq chapitres qui ne sont pas pr\u00e9sent\u00e9s dans la chronologie de l\u2019histoire, \u00ab\u00a0Sorry, Baby\u00a0\u00bb, avec sa mise en sc\u00e8ne minimaliste, sans effets de manche et son rythme volontairement lent, est une p\u00e9pite; un premier long m\u00e9trage d\u00e9licat d&rsquo;une autodidacte dont les vid\u00e9os avaient \u00e9t\u00e9 rep\u00e9r\u00e9es sur les r\u00e9seaux sociaux.<\/p>\n<p>Voil\u00e0 une cin\u00e9aste et actrice qu\u2019il faudra suivre de pr\u00e8s dans les ann\u00e9es \u00e0 venir.<\/p>\n<p>Note: 5\/5<\/p>\n<p class=\"sources\">Philippe Congiusti\/sf<\/p>\n<p class=\"article-footnote\">\u00ab\u00a0Sorry Baby\u00a0\u00bb de et avec Eva Victor. A voir dans les salles romandes d\u00e8s le 23 juillet 2025.<\/p>\n","protected":false},"excerpt":{"rendered":"Dans le d\u00e9licat \u00ab\u00a0Sorry, Baby\u00a0\u00bb, Eva Victor raconte les malheurs d\u2019Agn\u00e8s, une fille qui stagne dans sa vie,&hellip;\n","protected":false},"author":2,"featured_media":270896,"comment_status":"","ping_status":"","sticky":false,"template":"","format":"standard","meta":{"footnotes":""},"categories":[1354],"tags":[1693,9503,650,4228,58,59,40571,2081,1346,1011,27,1360,41025,4111,40572,1265],"class_list":{"0":"post-270895","1":"post","2":"type-post","3":"status-publish","4":"format-standard","5":"has-post-thumbnail","7":"category-films","8":"tag-arts-et-divertissement","9":"tag-baby","10":"tag-cinema","11":"tag-comedie","12":"tag-divertissement","13":"tag-entertainment","14":"tag-eva-victor","15":"tag-film","16":"tag-films","17":"tag-fr","18":"tag-france","19":"tag-movies","20":"tag-naomi-ackie","21":"tag-reconstruction","22":"tag-sorry","23":"tag-viol"},"share_on_mastodon":{"url":"https:\/\/pubeurope.com\/@fr\/114909287899843145","error":""},"_links":{"self":[{"href":"https:\/\/www.europesays.com\/fr\/wp-json\/wp\/v2\/posts\/270895","targetHints":{"allow":["GET"]}}],"collection":[{"href":"https:\/\/www.europesays.com\/fr\/wp-json\/wp\/v2\/posts"}],"about":[{"href":"https:\/\/www.europesays.com\/fr\/wp-json\/wp\/v2\/types\/post"}],"author":[{"embeddable":true,"href":"https:\/\/www.europesays.com\/fr\/wp-json\/wp\/v2\/users\/2"}],"replies":[{"embeddable":true,"href":"https:\/\/www.europesays.com\/fr\/wp-json\/wp\/v2\/comments?post=270895"}],"version-history":[{"count":0,"href":"https:\/\/www.europesays.com\/fr\/wp-json\/wp\/v2\/posts\/270895\/revisions"}],"wp:featuredmedia":[{"embeddable":true,"href":"https:\/\/www.europesays.com\/fr\/wp-json\/wp\/v2\/media\/270896"}],"wp:attachment":[{"href":"https:\/\/www.europesays.com\/fr\/wp-json\/wp\/v2\/media?parent=270895"}],"wp:term":[{"taxonomy":"category","embeddable":true,"href":"https:\/\/www.europesays.com\/fr\/wp-json\/wp\/v2\/categories?post=270895"},{"taxonomy":"post_tag","embeddable":true,"href":"https:\/\/www.europesays.com\/fr\/wp-json\/wp\/v2\/tags?post=270895"}],"curies":[{"name":"wp","href":"https:\/\/api.w.org\/{rel}","templated":true}]}}