{"id":270897,"date":"2025-07-24T17:02:16","date_gmt":"2025-07-24T17:02:16","guid":{"rendered":"https:\/\/www.europesays.com\/fr\/270897\/"},"modified":"2025-07-24T17:02:16","modified_gmt":"2025-07-24T17:02:16","slug":"trop-de-femmes-enceintes-prennent-encore-des-antiepileptiques-a-risque","status":"publish","type":"post","link":"https:\/\/www.europesays.com\/fr\/270897\/","title":{"rendered":"Trop de femmes enceintes prennent encore des anti\u00e9pileptiques \u00e0 risque"},"content":{"rendered":"<p>    L\u2019encadrement strict de l\u2019usage de l\u2019acide valpro\u00efque pendant la grossesse n\u2019a pas \u00e9t\u00e9 accompagn\u00e9 de recommandations de substitution.<br \/>\n                \u041e\u043b\u044c\u0433\u0430 \u0422\u0435\u0440\u043d\u0430\u0432\u0441\u043a\u0430\u044f &#8211; stock.adobe.com<\/p>\n<p>Une \u00e9tude fran\u00e7aise pointe la baisse des prescriptions de valproate, la mol\u00e9cule active de la D\u00e9pakine, mais alerte sur une hausse de l\u2019utilisation d\u2019autres m\u00e9dicaments au profil de s\u00e9curit\u00e9 incertain.<\/p>\n<p class=\"fig-paragraph\">C\u2019est une bonne nouvelle, qui cache une tendance inqui\u00e9tante. En France, l\u2019exposition des femmes enceintes \u00e0 l\u2019acide valpro\u00efque (mol\u00e9cule active de la D\u00e9pakine) et \u00e0 son d\u00e9riv\u00e9, le valpromide, a fortement recul\u00e9 entre 2013 et 2021. Ces deux\u00a0<a href=\"https:\/\/sante.lefigaro.fr\/sante\/traitement\/antiepileptiques\/mecanisme-daction\" target=\"_blank\" data-fig-type=\"Keyword\" rel=\"sponsored noopener\" data-gtm-custom-categorie=\"navigation\" data-gtm-custom-action=\"crossclick\" data-gtm-custom-label=\"Contextuel\" data-gtm-event=\"customEventSPE\" data-fig-domain=\"SANTE\">anti\u00e9pileptiques<\/a>\u00a0sont connus pour leurs effets d\u00e9l\u00e9t\u00e8res sur le d\u00e9veloppement du f\u0153tus, avec des risques av\u00e9r\u00e9s de malformations cong\u00e9nitales et de\u00a0<a href=\"https:\/\/sante.lefigaro.fr\/article\/depakine-4-a-5-fois-plus-de-cas-de-troubles-neuro-developpementaux-chez-les-enfants\" target=\"_blank\" data-fig-type=\"Article\" rel=\"sponsored noopener\" data-gtm-custom-categorie=\"navigation\" data-gtm-custom-action=\"crossclick\" data-gtm-custom-label=\"Contextuel\" data-gtm-event=\"customEventSPE\" data-fig-domain=\"SANTE\">troubles neurod\u00e9veloppementaux<\/a>. Des ann\u00e9es de mobilisation ont permis\u00a0<a href=\"https:\/\/sante.lefigaro.fr\/article\/le-valproate-un-antiepileptique-desormais-interdit-aux-femmes-en-age-de-procreer\" target=\"_blank\" data-fig-type=\"Article\" rel=\"sponsored noopener\" data-gtm-custom-categorie=\"navigation\" data-gtm-custom-action=\"crossclick\" data-gtm-custom-label=\"Contextuel\" data-gtm-event=\"customEventSPE\" data-fig-domain=\"SANTE\">un encadrement plus strict des prescriptions<\/a>.<\/p>\n<p class=\"fig-paragraph\">Mais dans le m\u00eame temps, la prescription d\u2019autres anti\u00e9pileptiques,\u00a0<a href=\"https:\/\/sante.lefigaro.fr\/article\/epilepsie-la-depakine-n-est-pas-le-seul-medicament-a-risque-pour-le-foetus\" target=\"_blank\" data-fig-type=\"Article\" rel=\"sponsored noopener\" data-gtm-custom-categorie=\"navigation\" data-gtm-custom-action=\"crossclick\" data-gtm-custom-label=\"Contextuel\" data-gtm-event=\"customEventSPE\" data-fig-domain=\"SANTE\">au profil de s\u00e9curit\u00e9 pendant la grossesse encore mal \u00e9tabli<\/a>, a fortement augment\u00e9. Et pas uniquement chez les femmes atteintes d\u2019\u00e9pilepsie. Pr\u00e9gabaline, gabapentine, mol\u00e9cules de nouvelle g\u00e9n\u00e9ration&#8230; L\u2019exposition pr\u00e9natale \u00e0 ces traitements progresse, parfois de mani\u00e8re spectaculaire.<\/p>\n<p>Pr\u00e8s de 56\u00a0000 grossesses expos\u00e9es<\/p>\n<p class=\"fig-paragraph\">C\u2019est le constat d\u2019une \u00e9tude fran\u00e7aise d\u2019Epi-phare (groupement d\u2019int\u00e9r\u00eat scientifique constitu\u00e9 par l\u2019Agence nationale de s\u00e9curit\u00e9 du m\u00e9dicament\u2026<\/p>\n<p class=\"fig-premium-paywall__infos\">\n        Cet article est r\u00e9serv\u00e9 aux abonn\u00e9s.        Il vous reste 82% \u00e0 d\u00e9couvrir.\n    <\/p>\n<p>                <img  data- alt=\"Le Figaro\" class=\"fig-img--complete fig-img\"\/><\/p>\n<p class=\"fig-premium-paywall__title\">Vous avez envie de lire la suite ?<\/p>\n<p class=\"fig-premium-paywall__subtitle\">D\u00e9bloquez tous les articles imm\u00e9diatement.<\/p>\n<p class=\"fig-premium-paywall__connect\">\n                D\u00e9j\u00e0 abonn\u00e9\u00a0?                <a class=\"fig-premium-paywall__connect-link\" href=\"https:\/\/connect.lefigaro.fr\/login?client=sante_web&amp;type=main&amp;redirect_uri=https%3A%2F%2Fsante.lefigaro.fr%2Fmedecine%2Ftrop-de-femmes-enceintes-prennent-encore-des-antiepileptiques-a-risque-20250723\" data-js-gtm=\"{&quot;customCategorie&quot;: &quot;conversion&quot;, &quot;customAction&quot;: &quot;before_Landing_Connexion_paywall_auto&quot;, &quot;customLabel&quot;: &quot;c2FudGUubGVmaWdhcm8uZnJfXzFmMDY3ZjI5LTZhOWEtNjc5NC05MzYwLWMxYmVjMDNhMTEwN19fQXJ0aWNsZQ==_Trop de femmes enceintes prennent encore des anti\u00e9pileptiques \u00e0 risque_140&quot;, &quot;customIDSPE&quot;: &quot;c2FudGUubGVmaWdhcm8uZnJfXzFmMDY3ZjI5LTZhOWEtNjc5NC05MzYwLWMxYmVjMDNhMTEwN19fQXJ0aWNsZQ==&quot;, &quot;event&quot;: &quot;customEventSPE&quot;}\" target=\"_blank\" rel=\"noopener\"><br \/>\n                    Connectez-vous<br \/>\n                <\/a>\n            <\/p>\n","protected":false},"excerpt":{"rendered":"L\u2019encadrement strict de l\u2019usage de l\u2019acide valpro\u00efque pendant la grossesse n\u2019a pas \u00e9t\u00e9 accompagn\u00e9 de recommandations de substitution.&hellip;\n","protected":false},"author":2,"featured_media":270898,"comment_status":"","ping_status":"","sticky":false,"template":"","format":"standard","meta":{"footnotes":""},"categories":[10],"tags":[41027,41029,41026,1011,27,72,41028,71],"class_list":{"0":"post-270897","1":"post","2":"type-post","3":"status-publish","4":"format-standard","5":"has-post-thumbnail","7":"category-sante","8":"tag-antiepileptiques","9":"tag-depakine","10":"tag-epilepsie","11":"tag-fr","12":"tag-france","13":"tag-health","14":"tag-maladie-et-grossesse","15":"tag-sante"},"share_on_mastodon":{"url":"https:\/\/pubeurope.com\/@fr\/114909291751158453","error":""},"_links":{"self":[{"href":"https:\/\/www.europesays.com\/fr\/wp-json\/wp\/v2\/posts\/270897","targetHints":{"allow":["GET"]}}],"collection":[{"href":"https:\/\/www.europesays.com\/fr\/wp-json\/wp\/v2\/posts"}],"about":[{"href":"https:\/\/www.europesays.com\/fr\/wp-json\/wp\/v2\/types\/post"}],"author":[{"embeddable":true,"href":"https:\/\/www.europesays.com\/fr\/wp-json\/wp\/v2\/users\/2"}],"replies":[{"embeddable":true,"href":"https:\/\/www.europesays.com\/fr\/wp-json\/wp\/v2\/comments?post=270897"}],"version-history":[{"count":0,"href":"https:\/\/www.europesays.com\/fr\/wp-json\/wp\/v2\/posts\/270897\/revisions"}],"wp:featuredmedia":[{"embeddable":true,"href":"https:\/\/www.europesays.com\/fr\/wp-json\/wp\/v2\/media\/270898"}],"wp:attachment":[{"href":"https:\/\/www.europesays.com\/fr\/wp-json\/wp\/v2\/media?parent=270897"}],"wp:term":[{"taxonomy":"category","embeddable":true,"href":"https:\/\/www.europesays.com\/fr\/wp-json\/wp\/v2\/categories?post=270897"},{"taxonomy":"post_tag","embeddable":true,"href":"https:\/\/www.europesays.com\/fr\/wp-json\/wp\/v2\/tags?post=270897"}],"curies":[{"name":"wp","href":"https:\/\/api.w.org\/{rel}","templated":true}]}}