{"id":27090,"date":"2025-04-15T17:35:13","date_gmt":"2025-04-15T17:35:13","guid":{"rendered":"https:\/\/www.europesays.com\/fr\/27090\/"},"modified":"2025-04-15T17:35:13","modified_gmt":"2025-04-15T17:35:13","slug":"la-tension-monte-dans-la-rue-apres-la-mort-de-trois-lyceens","status":"publish","type":"post","link":"https:\/\/www.europesays.com\/fr\/27090\/","title":{"rendered":"La tension monte dans la rue apr\u00e8s la mort de trois lyc\u00e9ens"},"content":{"rendered":"<p>Pneus br\u00fbl\u00e9s, slogans de col\u00e8re\u2026 La tension monte dans les rues en <a href=\"https:\/\/www.20minutes.fr\/dossier\/tunisie\" target=\"_blank\" class=\"color-ultramarine c-link\" rel=\"noopener\">Tunisie<\/a>. La mort de trois lyc\u00e9ens dans l\u2019effondrement d\u2019un mur dans leur lyc\u00e9e \u00e0 Mazouna lundi a pouss\u00e9 des centaines d\u2019habitants \u00e0 manifester. Les trois victimes sont \u00e2g\u00e9es de 18 \u00e0 19 ans, selon Moez Triaa, porte-parole de la Protection civile. Un \u00e9l\u00e8ve a \u00e9t\u00e9 enterr\u00e9 lundi et les deux autres mardi.<\/p>\n<p>Mardi, des habitants de cette ville d\u00e9favoris\u00e9e du gouvernorat de Sidi Bouzid se sont rassembl\u00e9s devant un poste de la garde nationale (Gendarmerie) en r\u00e9clamant \u00ab\u00a0<a href=\"https:\/\/www.20minutes.fr\/justice\/\" target=\"_blank\" class=\"color-ultramarine c-link\" rel=\"noopener\">justice<\/a>\u00a0\u00bb. \u00ab\u00a0Nous n\u2019allons pas nous taire\u00a0\u00bb, ont-ils scand\u00e9 devant un dispositif de gendarmes qui essayaient de les calmer.<\/p>\n<p>D\u2019autres manifestants ont incendi\u00e9 des pneus \u00e0 quelques m\u00e8tres du poste de la garde nationale. \u00ab\u00a0Nous n\u2019avons ni travail, ni protection, ni rien du tout\u00a0! Mazouna est marginalis\u00e9e\u00a0\u00bb, criait une habitante, selon une vid\u00e9o circulant sur les <a href=\"https:\/\/www.20minutes.fr\/dossier\/reseaux_sociaux\" target=\"_blank\" class=\"color-ultramarine c-link\" rel=\"noopener\">r\u00e9seaux sociaux<\/a>.<\/p>\n<p>Jour de gr\u00e8ve<\/p>\n<p>Le syndicat UGTT avait appel\u00e9 \u00e0 une gr\u00e8ve mardi dans les \u00e9tablissements scolaires \u00ab\u00a0en signe de deuil\u00a0\u00bb et pour protester contre \u00ab\u00a0l\u2019\u00e9chec des autorit\u00e9s \u00e0 trouver des solutions r\u00e9elles et s\u00e9rieuses pour sauver l\u2019\u00e9cole publique\u00a0\u00bb.<\/p>\n<p>Le pr\u00e9sident Kais Saied \u00ab\u00a0a donn\u00e9 des instructions pour que quiconque ne remplit pas ses devoirs soit tenu responsable\u00a0\u00bb, selon un communiqu\u00e9 de la pr\u00e9sidence.<\/p>\n<p><a href=\"https:\/\/www.20minutes.fr\/dossier\/tunisie\" target=\"_blank\" class=\"c-link c-btn c-btn--primary\" rel=\"noopener\">Nos derniesr articles sur la Tunisie<\/a><\/p>\n<p>Il a \u00e9galement appel\u00e9 \u00ab\u00a0\u00e0 la prudence \u00e0 l\u2019avenir pour \u00e9viter que de tels incidents douloureux se reproduisent, et \u00e0 acc\u00e9l\u00e9rer les travaux d\u2019entretien n\u00e9cessaires dans tous les \u00e9tablissements scolaires\u00a0\u00bb.<\/p>\n","protected":false},"excerpt":{"rendered":"Pneus br\u00fbl\u00e9s, slogans de col\u00e8re\u2026 La tension monte dans les rues en Tunisie. La mort de trois lyc\u00e9ens&hellip;\n","protected":false},"author":2,"featured_media":27091,"comment_status":"","ping_status":"","sticky":false,"template":"","format":"standard","meta":{"footnotes":""},"categories":[5],"tags":[47,11,1011,27,6151,14,1272,74,12,2028,28],"class_list":{"0":"post-27090","1":"post","2":"type-post","3":"status-publish","4":"format-standard","5":"has-post-thumbnail","7":"category-international","8":"tag-actualite","9":"tag-actualites","10":"tag-fr","11":"tag-france","12":"tag-greve","13":"tag-international","14":"tag-manifestations","15":"tag-monde","16":"tag-news","17":"tag-tunisie","18":"tag-world"},"share_on_mastodon":{"url":"https:\/\/pubeurope.com\/@fr\/114343190420436127","error":""},"_links":{"self":[{"href":"https:\/\/www.europesays.com\/fr\/wp-json\/wp\/v2\/posts\/27090","targetHints":{"allow":["GET"]}}],"collection":[{"href":"https:\/\/www.europesays.com\/fr\/wp-json\/wp\/v2\/posts"}],"about":[{"href":"https:\/\/www.europesays.com\/fr\/wp-json\/wp\/v2\/types\/post"}],"author":[{"embeddable":true,"href":"https:\/\/www.europesays.com\/fr\/wp-json\/wp\/v2\/users\/2"}],"replies":[{"embeddable":true,"href":"https:\/\/www.europesays.com\/fr\/wp-json\/wp\/v2\/comments?post=27090"}],"version-history":[{"count":0,"href":"https:\/\/www.europesays.com\/fr\/wp-json\/wp\/v2\/posts\/27090\/revisions"}],"wp:featuredmedia":[{"embeddable":true,"href":"https:\/\/www.europesays.com\/fr\/wp-json\/wp\/v2\/media\/27091"}],"wp:attachment":[{"href":"https:\/\/www.europesays.com\/fr\/wp-json\/wp\/v2\/media?parent=27090"}],"wp:term":[{"taxonomy":"category","embeddable":true,"href":"https:\/\/www.europesays.com\/fr\/wp-json\/wp\/v2\/categories?post=27090"},{"taxonomy":"post_tag","embeddable":true,"href":"https:\/\/www.europesays.com\/fr\/wp-json\/wp\/v2\/tags?post=27090"}],"curies":[{"name":"wp","href":"https:\/\/api.w.org\/{rel}","templated":true}]}}