{"id":270903,"date":"2025-07-24T17:05:08","date_gmt":"2025-07-24T17:05:08","guid":{"rendered":"https:\/\/www.europesays.com\/fr\/270903\/"},"modified":"2025-07-24T17:05:08","modified_gmt":"2025-07-24T17:05:08","slug":"battlefield-6-date-de-sortie-prix-et-premieres-images-de-la-guerre-virtuelle-du-concurrent-direct-de-call-of-duty-black-ops-7-jeuxvideo-com","status":"publish","type":"post","link":"https:\/\/www.europesays.com\/fr\/270903\/","title":{"rendered":"Battlefield 6 : date de sortie, prix et premi\u00e8res images de la guerre virtuelle du concurrent direct de Call of Duty Black Ops 7 &#8211; jeuxvideo.com"},"content":{"rendered":"<ol>\n<li><a href=\"https:\/\/news.google.com\/rss\/articles\/CBMi_AFBVV95cUxOcU8wZjU5NVlOWk5VSFFWRUtPM3FMWkZjZk42ZlR2QUxORENUTDRnLW9VVm1QVTllNVhnaGRZeHF2NVAzc2lZT2Q3MlhvdXA4XzExc1NSeE1KaUtubW9acWxzY1pfYVQyOUU2U296Um5OZGc4RTV6OXdSVzliVnVGVExYdnowZ2JDeDU3eTJNcnVjaWsxandPU2Vmd1dyblkwRWRuMElCamFWM0lGWDFIMzVEU2xqOC0wbDFnZFJIX3JOYnNXcWo5RlBuZ21yN2ROR1Mwa3VTQ1doMk1iNHAxVzE2REhtV1dzQ2hlRDdja3M4WlhialNET2xlVms?oc=5\" target=\"_blank\" rel=\"nofollow noopener\">Battlefield 6 : date de sortie, prix et premi\u00e8res images de la guerre virtuelle du concurrent direct de Call of Duty Black Ops 7<\/a>&nbsp;&nbsp;jeuxvideo.com<\/li>\n<li><a href=\"https:\/\/news.google.com\/rss\/articles\/CBMixAFBVV95cUxNWldJaGVkSXpuNXcyRTlsZ0xRRWJGUEhfUVZ6Sjg3dDRYV1F4enVudVNHc3JwZlEtNEMxZkdtc0tzMFhZNnBnUzRnUjhYNlE1dHA2d1R1SU95c0ViY1gyWXBzWDFGNDNsTXJiMXpObnNTbTNleVUwU0l1UFlKYTlDc1FybnVkdFlWcG5kOHRsZkpjYmlGVE5tckQ5SFVoTVI5ekxtNUVrX0hpdnlaU2E0clE2SmVnMFJYd3o2Wi1xSkFaOUJu?oc=5\" target=\"_blank\" rel=\"nofollow noopener\">Battlefield 6 se d\u00e9voile et revient \u00e0 la guerre moderne d\u00e8s cet automne<\/a>&nbsp;&nbsp;BFMTV<\/li>\n<li><a href=\"https:\/\/news.google.com\/rss\/articles\/CBMiqAFBVV95cUxPd1lTOHhHRmhtZjYzU2c0TTE2X1ROWDNHeXJhQ3F5cGJQMTRTX0ZRYVRBRlNUMUpBdDY2SWNjWDNLQTd0MWtPbk81alh1WFkxR0haalVHanRmLUZ2NWx2bU1HemtiZ2NQVjE1TV9rV2ZjZDdCTVdGdGJDWkJqVnFJTWk4cXowUEplU2tmVnFmQWp1UHNGUi1OSzBjbzZUQXZ6Q0R0aFQ5aVU?oc=5\" target=\"_blank\" rel=\"nofollow noopener\">Battlefield 6 : la guerre totale est de retour avec un trailer explosif<\/a>&nbsp;&nbsp;Sortir \u00e0 Paris<\/li>\n<li><a href=\"https:\/\/news.google.com\/rss\/articles\/CBMisgFBVV95cUxQUWhCaGR0YWpHanhuZDJNMXExTl9xSmVaQm41aFJ4MWowcUZSdHh2X0o3WlQtSWxxay1ELUNoUTZtV3NCamtIYjlYZ1Q3SzRMelVFMFNWdUhMalNCaVBCaFhJZHh0dlpxVU1IbFcteHpERTBObzY1UUxnRHhJdHJWNFVocGVWcmotekYxRnNaNmxXZ3F4di1rWmZFdE1zcjRNSkVSMnBHSVdhYmpOOGVuQVhB?oc=5\" target=\"_blank\" rel=\"nofollow noopener\">Live Twitch des Nums : Battlefield 6, Wuchang avec Crono et GK !<\/a>&nbsp;&nbsp;Les Num\u00e9riques<\/li>\n<li><a href=\"https:\/\/news.google.com\/rss\/articles\/CBMimgFBVV95cUxOSHZoeV93bkJlaEZYMTdKOTRGYWZkZS1ZSmhwWkxBNTZVbU5DcEhaMkNXQmZJWHBubnRXbFZhZ3pmWWFqZWk2SWVuQy0zVGhVSkttTHd0ODRHUWNBUkZiRkNfREYzelhfa0JtWGd6VlZDTHBLNnJhM3RPMEJHaVdWMVlKYWxsemdYSGthOEFzSEtEMzk0NllKalZR?oc=5\" target=\"_blank\" rel=\"nofollow noopener\">Battlefield 6 : la date de sortie d\u00e9voil\u00e9e, le prix risque de piquer<\/a>&nbsp;&nbsp;Tom\u2019s Hardware<\/li>\n<\/ol>\n","protected":false},"excerpt":{"rendered":"Battlefield 6 : date de sortie, prix et premi\u00e8res images de la guerre virtuelle du concurrent direct de&hellip;\n","protected":false},"author":2,"featured_media":1445,"comment_status":"","ping_status":"","sticky":false,"template":"","format":"standard","meta":{"footnotes":""},"categories":[7],"tags":[1011,27,43,40,41,39,42,44],"class_list":{"0":"post-270903","1":"post","2":"type-post","3":"status-publish","4":"format-standard","5":"has-post-thumbnail","7":"category-sciences-et-technologies","8":"tag-fr","9":"tag-france","10":"tag-science","11":"tag-science-and-technology","12":"tag-sciences","13":"tag-sciences-et-technologies","14":"tag-technologies","15":"tag-technology"},"share_on_mastodon":{"url":"https:\/\/pubeurope.com\/@fr\/114909303585093592","error":""},"_links":{"self":[{"href":"https:\/\/www.europesays.com\/fr\/wp-json\/wp\/v2\/posts\/270903","targetHints":{"allow":["GET"]}}],"collection":[{"href":"https:\/\/www.europesays.com\/fr\/wp-json\/wp\/v2\/posts"}],"about":[{"href":"https:\/\/www.europesays.com\/fr\/wp-json\/wp\/v2\/types\/post"}],"author":[{"embeddable":true,"href":"https:\/\/www.europesays.com\/fr\/wp-json\/wp\/v2\/users\/2"}],"replies":[{"embeddable":true,"href":"https:\/\/www.europesays.com\/fr\/wp-json\/wp\/v2\/comments?post=270903"}],"version-history":[{"count":0,"href":"https:\/\/www.europesays.com\/fr\/wp-json\/wp\/v2\/posts\/270903\/revisions"}],"wp:featuredmedia":[{"embeddable":true,"href":"https:\/\/www.europesays.com\/fr\/wp-json\/wp\/v2\/media\/1445"}],"wp:attachment":[{"href":"https:\/\/www.europesays.com\/fr\/wp-json\/wp\/v2\/media?parent=270903"}],"wp:term":[{"taxonomy":"category","embeddable":true,"href":"https:\/\/www.europesays.com\/fr\/wp-json\/wp\/v2\/categories?post=270903"},{"taxonomy":"post_tag","embeddable":true,"href":"https:\/\/www.europesays.com\/fr\/wp-json\/wp\/v2\/tags?post=270903"}],"curies":[{"name":"wp","href":"https:\/\/api.w.org\/{rel}","templated":true}]}}