{"id":270911,"date":"2025-07-24T17:10:18","date_gmt":"2025-07-24T17:10:18","guid":{"rendered":"https:\/\/www.europesays.com\/fr\/270911\/"},"modified":"2025-07-24T17:10:18","modified_gmt":"2025-07-24T17:10:18","slug":"ces-fermes-ou-on-peut-acheter-en-direct-laurent-freycenon-agriculteur-vend-sa-viande-en-direct-de-la-ferme","status":"publish","type":"post","link":"https:\/\/www.europesays.com\/fr\/270911\/","title":{"rendered":"ces fermes o\u00f9 on peut acheter en direct. Laurent Freycenon, agriculteur, vend sa viande en direct de la ferme"},"content":{"rendered":"<p>Install\u00e9 depuis neuf ans, Laurent Freycenon exploite seul la ferme de la Rosa au lieu-dit les Rieux \u00e0 Roche-la-Moli\u00e8re. L\u2019agriculteur mise sur la qualit\u00e9 de sa viande et met un point d\u2019honneur \u00e0 jouer la carte du naturel pour l\u2019\u00e9levage de ses b\u00eates. Quand il a repris l\u2019exploitation \u00e0 la suite de son p\u00e8re, Laurent Freycenon a choisi de passer en vaches allaitantes de race Aubrac. Une race r\u00e9sistante, dont la viande est persill\u00e9e, ce qui signifie \u00ab\u00a0qu\u2019elle met le gras dans la viande et pas autour, ce qui am\u00e8ne du go\u00fbt et de la tendret\u00e9\u00a0\u00bb.<\/p>\n<p>Pas de pub, tout se fait par\u00a0le bouche-\u00e0-oreille<\/p>\n<p>\u00ab\u00a0J\u2019ai 60 m\u00e8res, une cinquantaine de veaux dont 25 m\u00e2les partent pour l\u2019exportation en Italie ou en Espagne pour \u00eatre engraiss\u00e9s, je garde une partie des femelles pour le&#8230;<\/p>\n","protected":false},"excerpt":{"rendered":"Install\u00e9 depuis neuf ans, Laurent Freycenon exploite seul la ferme de la Rosa au lieu-dit les Rieux \u00e0&hellip;\n","protected":false},"author":2,"featured_media":270912,"comment_status":"","ping_status":"","sticky":false,"template":"","format":"standard","meta":{"footnotes":""},"categories":[9653],"tags":[1111,11,327,2430,33,7539,1777,674,1011,27,12,25,12490,12491,4001],"class_list":{"0":"post-270911","1":"post","2":"type-post","3":"status-publish","4":"format-standard","5":"has-post-thumbnail","7":"category-saint-etienne","8":"tag-actu","9":"tag-actualites","10":"tag-agriculture","11":"tag-auvergne-rhone-alpes","12":"tag-economie","13":"tag-edition-loire-sud","14":"tag-eu","15":"tag-europe","16":"tag-fr","17":"tag-france","18":"tag-news","19":"tag-republique-francaise","20":"tag-roche-la-moliere","21":"tag-roche-la-moliere-bassin","22":"tag-saint-etienne"},"share_on_mastodon":{"url":"https:\/\/pubeurope.com\/@fr\/114909323300011934","error":""},"_links":{"self":[{"href":"https:\/\/www.europesays.com\/fr\/wp-json\/wp\/v2\/posts\/270911","targetHints":{"allow":["GET"]}}],"collection":[{"href":"https:\/\/www.europesays.com\/fr\/wp-json\/wp\/v2\/posts"}],"about":[{"href":"https:\/\/www.europesays.com\/fr\/wp-json\/wp\/v2\/types\/post"}],"author":[{"embeddable":true,"href":"https:\/\/www.europesays.com\/fr\/wp-json\/wp\/v2\/users\/2"}],"replies":[{"embeddable":true,"href":"https:\/\/www.europesays.com\/fr\/wp-json\/wp\/v2\/comments?post=270911"}],"version-history":[{"count":0,"href":"https:\/\/www.europesays.com\/fr\/wp-json\/wp\/v2\/posts\/270911\/revisions"}],"wp:featuredmedia":[{"embeddable":true,"href":"https:\/\/www.europesays.com\/fr\/wp-json\/wp\/v2\/media\/270912"}],"wp:attachment":[{"href":"https:\/\/www.europesays.com\/fr\/wp-json\/wp\/v2\/media?parent=270911"}],"wp:term":[{"taxonomy":"category","embeddable":true,"href":"https:\/\/www.europesays.com\/fr\/wp-json\/wp\/v2\/categories?post=270911"},{"taxonomy":"post_tag","embeddable":true,"href":"https:\/\/www.europesays.com\/fr\/wp-json\/wp\/v2\/tags?post=270911"}],"curies":[{"name":"wp","href":"https:\/\/api.w.org\/{rel}","templated":true}]}}