{"id":270913,"date":"2025-07-24T17:11:13","date_gmt":"2025-07-24T17:11:13","guid":{"rendered":"https:\/\/www.europesays.com\/fr\/270913\/"},"modified":"2025-07-24T17:11:13","modified_gmt":"2025-07-24T17:11:13","slug":"asse-le-responsable-du-sponsoring-quitte-les-verts-pour-le-top-14","status":"publish","type":"post","link":"https:\/\/www.europesays.com\/fr\/270913\/","title":{"rendered":"ASSE. Le responsable du sponsoring quitte les Verts pour le Top 14"},"content":{"rendered":"<p><img fetchpriority=\"high\" decoding=\"async\" width=\"620\" height=\"413\" src=\"https:\/\/www.europesays.com\/fr\/wp-content\/uploads\/2025\/07\/ASSE-620x413.jpg\" alt=\"ASSE. Le responsable du sponsoring quitte les Verts pour le Top 14\" class=\"wp-image-288472\"  \/>Un d\u00e9part confirm\u00e9 dans l\u2019administratif de l\u2019ASSE.<\/p>\n<p>Mathieu Bergaud a officialis\u00e9 son d\u00e9part de l\u2019<a href=\"https:\/\/sportune.20minutes.fr\/as-saint-etienne-asse\" target=\"_blank\" rel=\"noopener\">AS Saint-Etienne<\/a> apr\u00e8s sept ann\u00e9es pass\u00e9es au sein du club for\u00e9zien. Le responsable du sponsoring des Verts rejoint l\u2019<a href=\"https:\/\/sportune.20minutes.fr\/aviron-bayonnais\" target=\"_blank\" rel=\"noopener\">Aviron Bayonnais<\/a> en qualit\u00e9 de directeur commercial, ainsi qu\u2019il l\u2019annonce sur son profil Linkedin.<\/p>\n<p>Arriv\u00e9 \u00e0 l\u2019<a href=\"https:\/\/sportune.20minutes.fr\/as-saint-etienne-asse\" target=\"_blank\" rel=\"noopener\">ASSE<\/a> en juin 2018, Bergaud occupait le poste de responsable du sponsoring, activation et servicing. Ses missions incluaient la gestion d\u2019un portefeuille de partenaires, la prospection commerciale et l\u2019accompagnement des sponsors dans l\u2019optimisation de leurs investissements.<\/p>\n<p>Du football et la Ligue 1 au rugby et le Top 14<\/p>\n<p>Avant son passage \u00e0 Saint-\u00c9tienne, Bergaud avait d\u00e9velopp\u00e9 son expertise chez Sportfive pendant pr\u00e8s de sept ans, occupant diff\u00e9rents postes dans le d\u00e9partement hospitalit\u00e9. Dipl\u00f4m\u00e9 d\u2019un MBA Management du Sport \u00e0 l\u2019ESG Sport en 2007, Bergaud poss\u00e8de \u00e9galement un Master en Commerce International de l\u2019EM Normandie Business School, d\u2019apr\u00e8s ce qu\u2019il indique dans son cursus professionnel.<\/p>\n<p>Depuis peu, Bergaud occupe le poste de directeur commercial \u00e0 l\u2019<a href=\"https:\/\/sportune.20minutes.fr\/aviron-bayonnais\" target=\"_blank\" rel=\"noopener\">Aviron Bayonnais<\/a>, club \u00e9voluant en <a href=\"https:\/\/sportune.20minutes.fr\/top-14\" target=\"_blank\" rel=\"noopener\">Top 14<\/a>. Ce changement marque sa premi\u00e8re exp\u00e9rience dans l\u2019univers du rugby professionnel apr\u00e8s quinze ann\u00e9es d\u00e9di\u00e9es au football et aux \u00e9v\u00e9nements sportifs diversifi\u00e9s.<\/p>\n","protected":false},"excerpt":{"rendered":"Un d\u00e9part confirm\u00e9 dans l\u2019administratif de l\u2019ASSE. Mathieu Bergaud a officialis\u00e9 son d\u00e9part de l\u2019AS Saint-Etienne apr\u00e8s sept&hellip;\n","protected":false},"author":2,"featured_media":270914,"comment_status":"","ping_status":"","sticky":false,"template":"","format":"standard","meta":{"footnotes":""},"categories":[9653],"tags":[1111,11,461,2430,4736,1777,674,1011,27,66,12,25,4001,478,969],"class_list":{"0":"post-270913","1":"post","2":"type-post","3":"status-publish","4":"format-standard","5":"has-post-thumbnail","7":"category-saint-etienne","8":"tag-actu","9":"tag-actualites","10":"tag-asse","11":"tag-auvergne-rhone-alpes","12":"tag-aviron-bayonnais","13":"tag-eu","14":"tag-europe","15":"tag-fr","16":"tag-france","17":"tag-ligue-1","18":"tag-news","19":"tag-republique-francaise","20":"tag-saint-etienne","21":"tag-top-14","22":"tag-transfert"},"share_on_mastodon":{"url":"https:\/\/pubeurope.com\/@fr\/114909327119874095","error":""},"_links":{"self":[{"href":"https:\/\/www.europesays.com\/fr\/wp-json\/wp\/v2\/posts\/270913","targetHints":{"allow":["GET"]}}],"collection":[{"href":"https:\/\/www.europesays.com\/fr\/wp-json\/wp\/v2\/posts"}],"about":[{"href":"https:\/\/www.europesays.com\/fr\/wp-json\/wp\/v2\/types\/post"}],"author":[{"embeddable":true,"href":"https:\/\/www.europesays.com\/fr\/wp-json\/wp\/v2\/users\/2"}],"replies":[{"embeddable":true,"href":"https:\/\/www.europesays.com\/fr\/wp-json\/wp\/v2\/comments?post=270913"}],"version-history":[{"count":0,"href":"https:\/\/www.europesays.com\/fr\/wp-json\/wp\/v2\/posts\/270913\/revisions"}],"wp:featuredmedia":[{"embeddable":true,"href":"https:\/\/www.europesays.com\/fr\/wp-json\/wp\/v2\/media\/270914"}],"wp:attachment":[{"href":"https:\/\/www.europesays.com\/fr\/wp-json\/wp\/v2\/media?parent=270913"}],"wp:term":[{"taxonomy":"category","embeddable":true,"href":"https:\/\/www.europesays.com\/fr\/wp-json\/wp\/v2\/categories?post=270913"},{"taxonomy":"post_tag","embeddable":true,"href":"https:\/\/www.europesays.com\/fr\/wp-json\/wp\/v2\/tags?post=270913"}],"curies":[{"name":"wp","href":"https:\/\/api.w.org\/{rel}","templated":true}]}}