{"id":270930,"date":"2025-07-24T17:22:13","date_gmt":"2025-07-24T17:22:13","guid":{"rendered":"https:\/\/www.europesays.com\/fr\/270930\/"},"modified":"2025-07-24T17:22:13","modified_gmt":"2025-07-24T17:22:13","slug":"grenoble-une-voiture-appartenant-au-cortege-du-tour-de-france-devalisee-dans-la-nuit","status":"publish","type":"post","link":"https:\/\/www.europesays.com\/fr\/270930\/","title":{"rendered":"Grenoble. Une voiture appartenant au cort\u00e8ge du Tour de France d\u00e9valis\u00e9e dans la nuit"},"content":{"rendered":"<p>            Par<br \/>\n        <strong><br \/>\n            <a href=\"https:\/\/actu.fr\/auteur\/lisa-rodrigues\" title=\"Consulter tous les articles de Lisa Rodrigues\" rel=\"nofollow noopener\" target=\"_blank\">Lisa Rodrigues<\/a><br \/>\n        <\/strong><\/p>\n<p>        Publi\u00e9 le<\/p>\n<p>            24 juil. 2025 \u00e0 18h42        <\/p>\n<p>Avant de se rendre au village d\u00e9part \u00e0 <a href=\"https:\/\/actu.fr\/auvergne-rhone-alpes\/vif_38545\" rel=\"nofollow noopener\" target=\"_blank\">Vif<\/a> pour le d\u00e9but de la 18e \u00e9tape du <strong>Tour de France<\/strong>, jeudi 24 juillet, beaucoup d\u2019officiels et m\u00e9dias couvrant l\u2019\u00e9v\u00e9nement ont pass\u00e9 la nuit \u00e0 <a href=\"https:\/\/actu.fr\/auvergne-rhone-alpes\/grenoble_38185\" rel=\"nofollow noopener\" target=\"_blank\">Grenoble<\/a>. Une partie risque de ne pas garder un tr\u00e8s bon souvenir de leur passage dans la capitale des Alpes\u2026<\/p>\n<p class=\" wall-content\">Boulevard Gambetta, ce sont des journalistes belges qui avaient gar\u00e9 leur v\u00e9hicule pour la nuit.<\/p>\n<p>    <a href=\"https:\/\/www.google.com\/maps\/embed?pb=!1m18!1m12!1m3!1d1988.5051876783157!2d5.724222565604521!3d45.1836345110611!2m3!1f0!2f0!3f0!3m2!1i1024!2i768!4f13.1!3m3!1m2!1s0x478af4921d9fd913%3A0x7f919458ca4ba8bf!2s56%20Bd%20Gambetta%2C%2038000%20Grenoble!5e0!3m2!1sfr!2sfr!4v1753371821774!5m2!1sfr!2sfr\" title=\"Ouvrie le lien\" rel=\"nofollow noopener\" target=\"_blank\">Cliquez ici pour visualiser le contenu<\/a><\/p>\n<p class=\" wall-content\">Or, jeudi matin vers 8h, un passant les a alert\u00e9s : leur voiture, ouverte avec une vitre cass\u00e9e, a \u00e9t\u00e9 <strong>vid\u00e9e de son contenu<\/strong>.<\/p>\n<p>Une moto \u00e9galement vol\u00e9e<\/p>\n<p class=\" wall-content\">Le butin : du mat\u00e9riel vid\u00e9o, trois cam\u00e9ras, un ordinateur, des spots lumineux et autres \u00e9quipements de retransmission du Tour de France, repr\u00e9sentant <strong>un gros pr\u00e9judice<\/strong>, pr\u00e9cise la DIPN is\u00e9roise.<\/p>\n<p class=\" wall-content\">\u00c0 proximit\u00e9 du v\u00e9hicule roulott\u00e9, une moto, \u00e9galement engag\u00e9e pour suivre le Tour, a \u00e9t\u00e9 vol\u00e9e.\u00a0<\/p>\n<p class=\" wall-content\">Des plaintes ont \u00e9t\u00e9 d\u00e9pos\u00e9es par les m\u00e9dias concern\u00e9s.<\/p>\n<p class=\" wall-content\">Suivez toute l\u2019actualit\u00e9 de vos villes et m\u00e9dias favoris en vous inscrivant \u00e0 <a href=\"https:\/\/moncompte.actu.fr\" title=\"D\u00e9couvez Mon Actu\" rel=\"nofollow noopener\" data-trk=\"{&quot;cta&quot;:{&quot;action&quot;:&quot;https:\\\/\\\/moncompte.actu.fr&quot;,&quot;category&quot;:&quot;mon compte&quot;,&quot;from&quot;:&quot;article footer&quot;,&quot;name&quot;:&quot;Mon actu&quot;,&quot;type&quot;:&quot;cta&quot;}}\" target=\"_blank\">Mon Actu<\/a>.<\/p>\n","protected":false},"excerpt":{"rendered":"Par Lisa Rodrigues Publi\u00e9 le 24 juil. 2025 \u00e0 18h42 Avant de se rendre au village d\u00e9part \u00e0&hellip;\n","protected":false},"author":2,"featured_media":270931,"comment_status":"","ping_status":"","sticky":false,"template":"","format":"standard","meta":{"footnotes":""},"categories":[9566],"tags":[1111,11,2430,1777,674,118,1011,27,2731,12,1072,25,210],"class_list":{"0":"post-270930","1":"post","2":"type-post","3":"status-publish","4":"format-standard","5":"has-post-thumbnail","7":"category-grenoble","8":"tag-actu","9":"tag-actualites","10":"tag-auvergne-rhone-alpes","11":"tag-eu","12":"tag-europe","13":"tag-faits-divers","14":"tag-fr","15":"tag-france","16":"tag-grenoble","17":"tag-news","18":"tag-police","19":"tag-republique-francaise","20":"tag-tour-de-france"},"share_on_mastodon":{"url":"https:\/\/pubeurope.com\/@fr\/114909370293682025","error":""},"_links":{"self":[{"href":"https:\/\/www.europesays.com\/fr\/wp-json\/wp\/v2\/posts\/270930","targetHints":{"allow":["GET"]}}],"collection":[{"href":"https:\/\/www.europesays.com\/fr\/wp-json\/wp\/v2\/posts"}],"about":[{"href":"https:\/\/www.europesays.com\/fr\/wp-json\/wp\/v2\/types\/post"}],"author":[{"embeddable":true,"href":"https:\/\/www.europesays.com\/fr\/wp-json\/wp\/v2\/users\/2"}],"replies":[{"embeddable":true,"href":"https:\/\/www.europesays.com\/fr\/wp-json\/wp\/v2\/comments?post=270930"}],"version-history":[{"count":0,"href":"https:\/\/www.europesays.com\/fr\/wp-json\/wp\/v2\/posts\/270930\/revisions"}],"wp:featuredmedia":[{"embeddable":true,"href":"https:\/\/www.europesays.com\/fr\/wp-json\/wp\/v2\/media\/270931"}],"wp:attachment":[{"href":"https:\/\/www.europesays.com\/fr\/wp-json\/wp\/v2\/media?parent=270930"}],"wp:term":[{"taxonomy":"category","embeddable":true,"href":"https:\/\/www.europesays.com\/fr\/wp-json\/wp\/v2\/categories?post=270930"},{"taxonomy":"post_tag","embeddable":true,"href":"https:\/\/www.europesays.com\/fr\/wp-json\/wp\/v2\/tags?post=270930"}],"curies":[{"name":"wp","href":"https:\/\/api.w.org\/{rel}","templated":true}]}}