{"id":270936,"date":"2025-07-24T17:25:18","date_gmt":"2025-07-24T17:25:18","guid":{"rendered":"https:\/\/www.europesays.com\/fr\/270936\/"},"modified":"2025-07-24T17:25:18","modified_gmt":"2025-07-24T17:25:18","slug":"strasbourg-a-la-krutenau-linterminable-lutte-contre-les-rats","status":"publish","type":"post","link":"https:\/\/www.europesays.com\/fr\/270936\/","title":{"rendered":"Strasbourg. \u00c0 la Krutenau, l\u2019interminable lutte contre les rats"},"content":{"rendered":"<p>Quelques marches plus bas, l\u2019odeur prend au nez. C\u2019est un m\u00e9lange naus\u00e9abond d\u2019excr\u00e9ments, de poubelles et de renferm\u00e9 qui r\u00e8gne dans les tr\u00e9fonds de cet immeuble, situ\u00e9 rue de Neuch\u00e2tel. Propri\u00e9t\u00e9 du bailleur social Oph\u00e9a, qui d\u00e9tient plusieurs b\u00e2timents similaires dans le quartier suisse(*), au sud-ouest de la Krutenau, la cave t\u00e9moigne d\u2019un entretien n\u00e9glig\u00e9. Au bout, le local \u00e0 poubelles a tout d\u2019un <a href=\"https:\/\/www.dna.fr\/politique\/2021\/03\/01\/a-strasbourg-la-regulation-des-rats-devient-une-question-piege\" target=\"_blank\" rel=\"nofollow noopener\"> paradis pour les rats<\/a>. Partout, les d\u00e9g\u00e2ts sont visibles. Plafond arrach\u00e9, structures en bois rong\u00e9es, sol souill\u00e9\u2026 Seule preuve du dernier passage des d\u00e9ratiseurs\u00a0: des bo\u00eetes de produits mortels dispos\u00e9es au pied de certains murs. \u00ab\u00a0Comme vous pouvez le voir, \u00e7a ne sert \u00e0 rien\u00a0\u00bb, souffle Dominique Bogen, habitant de l\u2019immeuble&#8230;<\/p>\n","protected":false},"excerpt":{"rendered":"Quelques marches plus bas, l\u2019odeur prend au nez. C\u2019est un m\u00e9lange naus\u00e9abond d\u2019excr\u00e9ments, de poubelles et de renferm\u00e9&hellip;\n","protected":false},"author":2,"featured_media":270937,"comment_status":"","ping_status":"","sticky":false,"template":"","format":"standard","meta":{"footnotes":""},"categories":[2820],"tags":[1111,11,2880,1777,674,107,1011,27,775,1908,12,25,71,104,640,2879],"class_list":{"0":"post-270936","1":"post","2":"type-post","3":"status-publish","4":"format-standard","5":"has-post-thumbnail","7":"category-strasbourg","8":"tag-actu","9":"tag-actualites","10":"tag-edition-strasbourg","11":"tag-eu","12":"tag-europe","13":"tag-fil-info","14":"tag-fr","15":"tag-france","16":"tag-grand-est","17":"tag-logement","18":"tag-news","19":"tag-republique-francaise","20":"tag-sante","21":"tag-societe","22":"tag-strasbourg","23":"tag-strasbourg-ville"},"share_on_mastodon":{"url":"https:\/\/pubeurope.com\/@fr\/114909382157971333","error":""},"_links":{"self":[{"href":"https:\/\/www.europesays.com\/fr\/wp-json\/wp\/v2\/posts\/270936","targetHints":{"allow":["GET"]}}],"collection":[{"href":"https:\/\/www.europesays.com\/fr\/wp-json\/wp\/v2\/posts"}],"about":[{"href":"https:\/\/www.europesays.com\/fr\/wp-json\/wp\/v2\/types\/post"}],"author":[{"embeddable":true,"href":"https:\/\/www.europesays.com\/fr\/wp-json\/wp\/v2\/users\/2"}],"replies":[{"embeddable":true,"href":"https:\/\/www.europesays.com\/fr\/wp-json\/wp\/v2\/comments?post=270936"}],"version-history":[{"count":0,"href":"https:\/\/www.europesays.com\/fr\/wp-json\/wp\/v2\/posts\/270936\/revisions"}],"wp:featuredmedia":[{"embeddable":true,"href":"https:\/\/www.europesays.com\/fr\/wp-json\/wp\/v2\/media\/270937"}],"wp:attachment":[{"href":"https:\/\/www.europesays.com\/fr\/wp-json\/wp\/v2\/media?parent=270936"}],"wp:term":[{"taxonomy":"category","embeddable":true,"href":"https:\/\/www.europesays.com\/fr\/wp-json\/wp\/v2\/categories?post=270936"},{"taxonomy":"post_tag","embeddable":true,"href":"https:\/\/www.europesays.com\/fr\/wp-json\/wp\/v2\/tags?post=270936"}],"curies":[{"name":"wp","href":"https:\/\/api.w.org\/{rel}","templated":true}]}}