{"id":270942,"date":"2025-07-24T17:28:11","date_gmt":"2025-07-24T17:28:11","guid":{"rendered":"https:\/\/www.europesays.com\/fr\/270942\/"},"modified":"2025-07-24T17:28:11","modified_gmt":"2025-07-24T17:28:11","slug":"un-vol-air-france-deroute-vers-marseille-apres-quatre-tentatives-datterrissage-a-nice","status":"publish","type":"post","link":"https:\/\/www.europesays.com\/fr\/270942\/","title":{"rendered":"Un vol Air France d\u00e9rout\u00e9 vers Marseille apr\u00e8s quatre tentatives d\u2019atterrissage \u00e0 Nice"},"content":{"rendered":"<p class=\"paragraph text_align_left lp-f-body-02\">Leur trajet aurait certainement \u00e9t\u00e9 plus direct en train. Partis de l\u2019<a href=\"https:\/\/www.leparisien.fr\/val-d-oise-95\/aeroport-de-roissy\/\" target=\"_blank\" rel=\"noreferrer noopener\">a\u00e9roport Roissy-Charles de Gaulle<\/a> dans la matin\u00e9e de ce jeudi 24 juillet, les passagers du vol AF7306 devaient atterrir \u00e0 Nice (Alpes-Maritimes)\u2026 mais ils ont fini \u00e0 <a href=\"https:\/\/www.leparisien.fr\/bouches-du-rhone-13\/\" target=\"_blank\" rel=\"noreferrer noopener\">Marseille<\/a> (Bouches-du-Rh\u00f4ne).<\/p>\n<p class=\"paragraph text_align_left lp-f-body-02\">En cause ? Les conditions m\u00e9t\u00e9orologiques, et notamment le vent, qui ont compliqu\u00e9 l\u2019atterrissage de l\u2019appareil, rapporte <a href=\"https:\/\/www.varmatin.com\/info-trafic\/apres-quatre-tentatives-d-atterrissage-a-l-aeroport-de-nice-un-airbus-a318-111-deroute-vers-marseille-995560\" target=\"_blank\" rel=\"noopener\">Var-Matin<\/a>.<\/p>\n<p>Quatre tentatives d\u2019approche<\/p>\n<p class=\"paragraph text_align_left lp-f-body-02\">Le vol s\u2019est bien d\u00e9roul\u00e9 jusqu\u2019\u00e0 l\u2019arriv\u00e9e de l\u2019avion au-dessus Nice. Par la suite, sur le site <a href=\"https:\/\/www.flightradar24.com\/data\/flights\/af7306#3b669557\" target=\"_blank\" rel=\"noopener\">Flightradar24<\/a>, on voit que le pilote a fait quatre tentatives d\u2019approche autour de l\u2019a\u00e9roport, avant de remettre les gaz en direction de Marseille-Provence, o\u00f9 il a atterri et d\u00e9barqu\u00e9 ses passagers.<\/p>\n","protected":false},"excerpt":{"rendered":"Leur trajet aurait certainement \u00e9t\u00e9 plus direct en train. Partis de l\u2019a\u00e9roport Roissy-Charles de Gaulle dans la matin\u00e9e&hellip;\n","protected":false},"author":2,"featured_media":174214,"comment_status":"","ping_status":"","sticky":false,"template":"","format":"standard","meta":{"footnotes":""},"categories":[2819],"tags":[1111,11,11004,459,1777,674,1011,27,12,2401,882,25],"class_list":{"0":"post-270942","1":"post","2":"type-post","3":"status-publish","4":"format-standard","5":"has-post-thumbnail","7":"category-nice","8":"tag-actu","9":"tag-actualites","10":"tag-bouches-du-rhone-13","11":"tag-departements-horsidfo","12":"tag-eu","13":"tag-europe","14":"tag-fr","15":"tag-france","16":"tag-news","17":"tag-nice","18":"tag-provence-alpes-cote-dazur","19":"tag-republique-francaise"},"share_on_mastodon":{"url":"https:\/\/pubeurope.com\/@fr\/114909394072703883","error":""},"_links":{"self":[{"href":"https:\/\/www.europesays.com\/fr\/wp-json\/wp\/v2\/posts\/270942","targetHints":{"allow":["GET"]}}],"collection":[{"href":"https:\/\/www.europesays.com\/fr\/wp-json\/wp\/v2\/posts"}],"about":[{"href":"https:\/\/www.europesays.com\/fr\/wp-json\/wp\/v2\/types\/post"}],"author":[{"embeddable":true,"href":"https:\/\/www.europesays.com\/fr\/wp-json\/wp\/v2\/users\/2"}],"replies":[{"embeddable":true,"href":"https:\/\/www.europesays.com\/fr\/wp-json\/wp\/v2\/comments?post=270942"}],"version-history":[{"count":0,"href":"https:\/\/www.europesays.com\/fr\/wp-json\/wp\/v2\/posts\/270942\/revisions"}],"wp:featuredmedia":[{"embeddable":true,"href":"https:\/\/www.europesays.com\/fr\/wp-json\/wp\/v2\/media\/174214"}],"wp:attachment":[{"href":"https:\/\/www.europesays.com\/fr\/wp-json\/wp\/v2\/media?parent=270942"}],"wp:term":[{"taxonomy":"category","embeddable":true,"href":"https:\/\/www.europesays.com\/fr\/wp-json\/wp\/v2\/categories?post=270942"},{"taxonomy":"post_tag","embeddable":true,"href":"https:\/\/www.europesays.com\/fr\/wp-json\/wp\/v2\/tags?post=270942"}],"curies":[{"name":"wp","href":"https:\/\/api.w.org\/{rel}","templated":true}]}}