{"id":270947,"date":"2025-07-24T17:31:11","date_gmt":"2025-07-24T17:31:11","guid":{"rendered":"https:\/\/www.europesays.com\/fr\/270947\/"},"modified":"2025-07-24T17:31:11","modified_gmt":"2025-07-24T17:31:11","slug":"quatre-blesses-dont-un-enfant","status":"publish","type":"post","link":"https:\/\/www.europesays.com\/fr\/270947\/","title":{"rendered":"quatre bless\u00e9s dont un enfant"},"content":{"rendered":"<p>            Par<br \/>\n        <strong><br \/>\n            <a href=\"https:\/\/actu.fr\/auteur\/juliette-cardinale\" title=\"Consulter tous les articles de Juliette Cardinale\" rel=\"nofollow noopener\" target=\"_blank\">Juliette Cardinale<\/a><br \/>\n        <\/strong><\/p>\n<p>        Publi\u00e9 le<\/p>\n<p>            24 juil. 2025 \u00e0 19h01        <\/p>\n<p>Deux bus sont entr\u00e9s en collision sur la commune de <a href=\"https:\/\/actu.fr\/nouvelle-aquitaine\/carbon-blanc_33096\" rel=\"nofollow noopener\" target=\"_blank\">Carbon-Blanc,<\/a> pr\u00e8s de Bordeaux, ce jeudi 24 juillet 2025. Un incident qui a laiss\u00e9 <strong>quatre personnes bless\u00e9es.<\/strong>\u00a0<\/p>\n<p class=\" wall-content\">L\u2019accident s\u2019est produit peu avant 17 heures dans la rue du Pr\u00e9sident Allende, entre un <a href=\"https:\/\/actu.fr\/tag\/tbm\" rel=\"nofollow noopener\" target=\"_blank\">bus\u00a0TBM<\/a> et un car de la soci\u00e9t\u00e9 <strong>Citram Aquitaine.<\/strong><\/p>\n<p>Quatre bless\u00e9s, dont une grave<\/p>\n<p class=\" wall-content\">Une jeune femme de 30 ans a \u00e9t\u00e9 <strong>gri\u00e8vement bless\u00e9e<\/strong>\u00a0: les secours l\u2019ont transport\u00e9e en urgence absolue \u00e0 la polyclinique de Lormont.<\/p>\n<p class=\" wall-content\">Deux hommes plus l\u00e9g\u00e8rement bless\u00e9s, <strong>l\u2019un de 50 ans et l\u2019autre de 51 ans,<\/strong> ont \u00e9t\u00e9 \u00e9vacu\u00e9s vers la m\u00eame clinique.<\/p>\n<p class=\" wall-content\">La derni\u00e8re victime, un <strong>gar\u00e7on de sept ans,<\/strong> a \u00e9t\u00e9 transport\u00e9 aux urgences p\u00e9diatriques du <a href=\"https:\/\/actu.fr\/tag\/chu-de-bordeaux\" rel=\"nofollow noopener\" target=\"_blank\">CHU de Bordeaux.<\/a> Il \u00e9tait l\u00e9g\u00e8rement bless\u00e9.<\/p>\n<p class=\" wall-content\">Suivez toute l\u2019actualit\u00e9 de vos villes et m\u00e9dias favoris en vous inscrivant \u00e0 <a href=\"https:\/\/moncompte.actu.fr\" title=\"D\u00e9couvez Mon Actu\" rel=\"nofollow noopener\" data-trk=\"{&quot;cta&quot;:{&quot;action&quot;:&quot;https:\\\/\\\/moncompte.actu.fr&quot;,&quot;category&quot;:&quot;mon compte&quot;,&quot;from&quot;:&quot;article footer&quot;,&quot;name&quot;:&quot;Mon actu&quot;,&quot;type&quot;:&quot;cta&quot;}}\" target=\"_blank\">Mon Actu<\/a>.<\/p>\n","protected":false},"excerpt":{"rendered":"Par Juliette Cardinale Publi\u00e9 le 24 juil. 2025 \u00e0 19h01 Deux bus sont entr\u00e9s en collision sur la&hellip;\n","protected":false},"author":2,"featured_media":270948,"comment_status":"","ping_status":"","sticky":false,"template":"","format":"standard","meta":{"footnotes":""},"categories":[2817],"tags":[119,1111,11,1997,1777,674,118,1011,27,12,2219,1311,25,7952],"class_list":{"0":"post-270947","1":"post","2":"type-post","3":"status-publish","4":"format-standard","5":"has-post-thumbnail","7":"category-bordeaux","8":"tag-accident","9":"tag-actu","10":"tag-actualites","11":"tag-bordeaux","12":"tag-eu","13":"tag-europe","14":"tag-faits-divers","15":"tag-fr","16":"tag-france","17":"tag-news","18":"tag-nouvelle-aquitaine","19":"tag-pompiers","20":"tag-republique-francaise","21":"tag-tbm"},"share_on_mastodon":{"url":"https:\/\/pubeurope.com\/@fr\/114909405768174665","error":""},"_links":{"self":[{"href":"https:\/\/www.europesays.com\/fr\/wp-json\/wp\/v2\/posts\/270947","targetHints":{"allow":["GET"]}}],"collection":[{"href":"https:\/\/www.europesays.com\/fr\/wp-json\/wp\/v2\/posts"}],"about":[{"href":"https:\/\/www.europesays.com\/fr\/wp-json\/wp\/v2\/types\/post"}],"author":[{"embeddable":true,"href":"https:\/\/www.europesays.com\/fr\/wp-json\/wp\/v2\/users\/2"}],"replies":[{"embeddable":true,"href":"https:\/\/www.europesays.com\/fr\/wp-json\/wp\/v2\/comments?post=270947"}],"version-history":[{"count":0,"href":"https:\/\/www.europesays.com\/fr\/wp-json\/wp\/v2\/posts\/270947\/revisions"}],"wp:featuredmedia":[{"embeddable":true,"href":"https:\/\/www.europesays.com\/fr\/wp-json\/wp\/v2\/media\/270948"}],"wp:attachment":[{"href":"https:\/\/www.europesays.com\/fr\/wp-json\/wp\/v2\/media?parent=270947"}],"wp:term":[{"taxonomy":"category","embeddable":true,"href":"https:\/\/www.europesays.com\/fr\/wp-json\/wp\/v2\/categories?post=270947"},{"taxonomy":"post_tag","embeddable":true,"href":"https:\/\/www.europesays.com\/fr\/wp-json\/wp\/v2\/tags?post=270947"}],"curies":[{"name":"wp","href":"https:\/\/api.w.org\/{rel}","templated":true}]}}