{"id":270957,"date":"2025-07-24T17:36:31","date_gmt":"2025-07-24T17:36:31","guid":{"rendered":"https:\/\/www.europesays.com\/fr\/270957\/"},"modified":"2025-07-24T17:36:31","modified_gmt":"2025-07-24T17:36:31","slug":"spectacles-guinguettes-balades-15-idees-de-sorties-pour-le-samedi-26-juillet-a-lille-et-autour","status":"publish","type":"post","link":"https:\/\/www.europesays.com\/fr\/270957\/","title":{"rendered":"Spectacles, guinguettes, balades\u2026 15 id\u00e9es de sorties pour le samedi 26 juillet \u00e0 Lille et autour"},"content":{"rendered":"<p>\n                        Que faire le samedi 26\u00a0juillet 2025 \u00e0 Lille et autour\u2009? Voici des id\u00e9es de sorties, rep\u00e9r\u00e9es par la r\u00e9daction.                    <\/p>\n<p>    <img loading=\"lazy\"   decoding=\"async\" class=\"size-large\" src=\"https:\/\/www.europesays.com\/fr\/wp-content\/uploads\/2025\/07\/d186820702886f39682070288f7968v-960x640.jpg\" alt=\"Zoo de Lille et autres balades, ouverture de Pairi Daiza en nocturne avec spectacles, guinguettes... On vous liste des id\u00e9es de sorties, pour le samedi 26 juillet 2025 autour de la Capitale des Flandres.\" width=\"960\" height=\"640\"\/><br \/>\n    Zoo de Lille et autres balades, ouverture de Pairi Daiza en nocturne avec spectacles, guinguettes\u2026 On vous liste des id\u00e9es de sorties, pour le samedi 26\u00a0juillet 2025 autour de la Capitale des Flandres. \u00a9AV (en haut) et MN (photo du bas) \/ Lille actu                <\/p>\n","protected":false},"excerpt":{"rendered":"Que faire le samedi 26\u00a0juillet 2025 \u00e0 Lille et autour\u2009? Voici des id\u00e9es de sorties, rep\u00e9r\u00e9es par la&hellip;\n","protected":false},"author":2,"featured_media":270958,"comment_status":"","ping_status":"","sticky":false,"template":"","format":"standard","meta":{"footnotes":""},"categories":[2815],"tags":[1111,11,1063,1777,674,652,1011,27,811,1307,1652,12,25],"class_list":{"0":"post-270957","1":"post","2":"type-post","3":"status-publish","4":"format-standard","5":"has-post-thumbnail","7":"category-lille","8":"tag-actu","9":"tag-actualites","10":"tag-animations","11":"tag-eu","12":"tag-europe","13":"tag-famille","14":"tag-fr","15":"tag-france","16":"tag-hauts-de-france","17":"tag-lille","18":"tag-loisirs-culture","19":"tag-news","20":"tag-republique-francaise"},"share_on_mastodon":{"url":"https:\/\/pubeurope.com\/@fr\/114909425768308023","error":""},"_links":{"self":[{"href":"https:\/\/www.europesays.com\/fr\/wp-json\/wp\/v2\/posts\/270957","targetHints":{"allow":["GET"]}}],"collection":[{"href":"https:\/\/www.europesays.com\/fr\/wp-json\/wp\/v2\/posts"}],"about":[{"href":"https:\/\/www.europesays.com\/fr\/wp-json\/wp\/v2\/types\/post"}],"author":[{"embeddable":true,"href":"https:\/\/www.europesays.com\/fr\/wp-json\/wp\/v2\/users\/2"}],"replies":[{"embeddable":true,"href":"https:\/\/www.europesays.com\/fr\/wp-json\/wp\/v2\/comments?post=270957"}],"version-history":[{"count":0,"href":"https:\/\/www.europesays.com\/fr\/wp-json\/wp\/v2\/posts\/270957\/revisions"}],"wp:featuredmedia":[{"embeddable":true,"href":"https:\/\/www.europesays.com\/fr\/wp-json\/wp\/v2\/media\/270958"}],"wp:attachment":[{"href":"https:\/\/www.europesays.com\/fr\/wp-json\/wp\/v2\/media?parent=270957"}],"wp:term":[{"taxonomy":"category","embeddable":true,"href":"https:\/\/www.europesays.com\/fr\/wp-json\/wp\/v2\/categories?post=270957"},{"taxonomy":"post_tag","embeddable":true,"href":"https:\/\/www.europesays.com\/fr\/wp-json\/wp\/v2\/tags?post=270957"}],"curies":[{"name":"wp","href":"https:\/\/api.w.org\/{rel}","templated":true}]}}