{"id":270967,"date":"2025-07-24T17:41:11","date_gmt":"2025-07-24T17:41:11","guid":{"rendered":"https:\/\/www.europesays.com\/fr\/270967\/"},"modified":"2025-07-24T17:41:11","modified_gmt":"2025-07-24T17:41:11","slug":"ou-voir-passer-le-tour-de-france-en-ile-de-france-toutes-les-communes-traversees-par-les-cyclistes-dans-les-yvelines-et-les-hauts-de-seine-avant-larrivee-a-paris","status":"publish","type":"post","link":"https:\/\/www.europesays.com\/fr\/270967\/","title":{"rendered":"O\u00f9 voir passer le Tour de France en \u00cele-de-France ? Toutes les communes travers\u00e9es par les cyclistes dans les Yvelines et les Hauts-de-Seine, avant l\u2019arriv\u00e9e \u00e0 Paris"},"content":{"rendered":"<p><b>Franciliens, voici les communes travers\u00e9es par les cyclistes du Tour de France ce dimanche 27 juillet dans les Yvelines et les Hauts-de-Seine, ainsi que les points de passage clefs \u00e0 Paris.<\/b><\/p>\n<p>Les amateurs du Tour de France le savent bien, l\u2019arriv\u00e9e finale de l\u2019\u00e9dition 2025 aura lieu ce dimanche 27 juillet \u00e0 Paris. Mais avant d\u2019atteindre la tour Eiffel, le Palais du Louvre, la c\u00f4te de la Butte Montmartre et les Champs \u00c9lys\u00e9es, les 184 cyclistes traverseront une partie de <a href=\"https:\/\/www.femina.fr\/article\/meilleures-villes-ile-de-france-classement-2025#xtor=AL-34\" rel=\"nofollow noopener\" target=\"_blank\" data-ylk=\"slk:l\u2019\u00cele-de-France;elm:context_link;itc:0;sec:content-canvas\" class=\"link \">l\u2019\u00cele-de-France<\/a>. \u00c0 14 h 10, la c\u00e9l\u00e8bre caravane qui pr\u00e9c\u00e8de le peloton s\u2019\u00e9lancera dans les Yvelines (78) suivie, deux heures plus tard, par les coureurs. Elle atteindra les Hauts-de-Seine (92) aux alentours de 15 h 30, avant de p\u00e9n\u00e9trer dans la capitale (75) vers 15 h 45.<\/p>\n<p>Voici l\u2019ensemble des communes travers\u00e9es en \u00cele-de-France lors de la <a href=\"https:\/\/www.letour.fr\/fr\/etape-21\" rel=\"nofollow noopener\" target=\"_blank\" data-ylk=\"slk:21\u1d49 et ultime \u00e9tape;elm:context_link;itc:0;sec:content-canvas\" class=\"link \">21\u1d49 et ultime \u00e9tape<\/a>, pour encourager les coureurs au plus pr\u00e8s &#8211; et <strong>la carte compl\u00e8te de l\u2019\u00e9tape en bas d\u2019article<\/strong>. Attention, des restrictions de circulation sont \u00e0 pr\u00e9voir tout au long du parcours, notamment \u00e0 Paris, o\u00f9 plusieurs axes seront ferm\u00e9s entre 16 h et 20 h (se renseigner sur <a href=\"https:\/\/www.paris.fr\/pages\/les-restrictions-de-circulation-et-de-stationnement-pour-le-tour-de-france-2025-31895\" rel=\"nofollow noopener\" target=\"_blank\" data-ylk=\"slk:paris.fr;elm:context_link;itc:0;sec:content-canvas\" class=\"link \">paris.fr<\/a> au pr\u00e9alable).<\/p>\n<p><strong>\u00c0 d\u00e9couvrir \u00e9galement : <\/strong><a href=\"https:\/\/www.femina.fr\/article\/tour-de-france-feminin-24-heures-dans-la-peau-d-une-championne-cycliste#xtor=AL-34\" rel=\"nofollow noopener\" target=\"_blank\" data-ylk=\"slk:Tour de France f\u00e9minin : 24 heures dans la peau d&#039;une championne cycliste;elm:context_link;itc:0;sec:content-canvas\" class=\"link \">Tour de France f\u00e9minin : 24 heures dans la peau d&rsquo;une championne cycliste<\/a><\/p>\n<p>Tour de France 2025 : les communes et horaires de passage dans les Yvelines (78)<\/p>\n<p>Les horaires d\u2019arriv\u00e9e du peloton sont pr\u00e9visionnels<\/p>\n<ul class=\"caas-list caas-list-bullet\">\n<li>\n<p>Mantes-la-Ville, \u00e0 16 h 10<\/p>\n<\/li>\n<li>\n<p>Mantes-la-Jolie, \u00e0 16 h 15<\/p>\n<\/li>\n<li>\n<p>Limay, \u00e0 16 h 17<\/p>\n<\/li>\n<li>\n<p>Porcheville, \u00e0 16 h 21<\/p>\n<\/li>\n<li>\n<p>Issou, \u00e0 16 h 25<\/p>\n<\/li>\n<li>\n<p>Gargenville, \u00e0 16 h 27<\/p>\n<\/li>\n<li>\n<p>\u00c9p\u00f4ne, \u00e0 16 h 30<\/p>\n<\/li>\n<li>\n<p>N\u00e9zel, \u00e0 16 h 33<\/p>\n<\/li>\n<li>\n<p>Aulnay-sur-Mauldre, \u00e0 16 h&#8230;<\/p>\n<\/li>\n<\/ul>\n<p><a href=\"https:\/\/www.femina.fr\/article\/tour-de-france-2025-parcours-ile-de-france-paris-communes-horaires#xtor=AL-34\" rel=\"nofollow noopener\" target=\"_blank\" data-ylk=\"slk:Lire la suite sur Femina.fr;elm:context_link;itc:0;sec:content-canvas\" class=\"link \">Lire la suite sur Femina.fr<\/a><\/p>\n<p>A lire aussi<\/p>\n","protected":false},"excerpt":{"rendered":"Franciliens, voici les communes travers\u00e9es par les cyclistes du Tour de France ce dimanche 27 juillet dans les&hellip;\n","protected":false},"author":2,"featured_media":270968,"comment_status":"","ping_status":"","sticky":false,"template":"","format":"standard","meta":{"footnotes":""},"categories":[1592],"tags":[1111,11,1777,674,1011,27,662,15001,12,41034,626,25,210,1938],"class_list":{"0":"post-270967","1":"post","2":"type-post","3":"status-publish","4":"format-standard","5":"has-post-thumbnail","7":"category-ile-de-france","8":"tag-actu","9":"tag-actualites","10":"tag-eu","11":"tag-europe","12":"tag-fr","13":"tag-france","14":"tag-ile-de-france","15":"tag-les-champs-elysees","16":"tag-news","17":"tag-palais-du-louvre","18":"tag-paris","19":"tag-republique-francaise","20":"tag-tour-de-france","21":"tag-yvelines"},"share_on_mastodon":{"url":"https:\/\/pubeurope.com\/@fr\/114909445140441366","error":""},"_links":{"self":[{"href":"https:\/\/www.europesays.com\/fr\/wp-json\/wp\/v2\/posts\/270967","targetHints":{"allow":["GET"]}}],"collection":[{"href":"https:\/\/www.europesays.com\/fr\/wp-json\/wp\/v2\/posts"}],"about":[{"href":"https:\/\/www.europesays.com\/fr\/wp-json\/wp\/v2\/types\/post"}],"author":[{"embeddable":true,"href":"https:\/\/www.europesays.com\/fr\/wp-json\/wp\/v2\/users\/2"}],"replies":[{"embeddable":true,"href":"https:\/\/www.europesays.com\/fr\/wp-json\/wp\/v2\/comments?post=270967"}],"version-history":[{"count":0,"href":"https:\/\/www.europesays.com\/fr\/wp-json\/wp\/v2\/posts\/270967\/revisions"}],"wp:featuredmedia":[{"embeddable":true,"href":"https:\/\/www.europesays.com\/fr\/wp-json\/wp\/v2\/media\/270968"}],"wp:attachment":[{"href":"https:\/\/www.europesays.com\/fr\/wp-json\/wp\/v2\/media?parent=270967"}],"wp:term":[{"taxonomy":"category","embeddable":true,"href":"https:\/\/www.europesays.com\/fr\/wp-json\/wp\/v2\/categories?post=270967"},{"taxonomy":"post_tag","embeddable":true,"href":"https:\/\/www.europesays.com\/fr\/wp-json\/wp\/v2\/tags?post=270967"}],"curies":[{"name":"wp","href":"https:\/\/api.w.org\/{rel}","templated":true}]}}