{"id":270974,"date":"2025-07-24T17:45:15","date_gmt":"2025-07-24T17:45:15","guid":{"rendered":"https:\/\/www.europesays.com\/fr\/270974\/"},"modified":"2025-07-24T17:45:15","modified_gmt":"2025-07-24T17:45:15","slug":"24-000-personnes-attendues-un-dispositif-xxl-pour-le-concert-gratuit-de-tiakola-a-la-courneuve-samedi","status":"publish","type":"post","link":"https:\/\/www.europesays.com\/fr\/270974\/","title":{"rendered":"24 000 personnes attendues\u00a0: un dispositif XXL pour le concert gratuit de Tiakola \u00e0 La\u00a0Courneuve samedi"},"content":{"rendered":"<p class=\"paragraph text_align_left lp-f-body-02\">L\u2019enfant des 4 000 va pouvoir faire danser un maximum de monde samedi soir <a href=\"https:\/\/www.leparisien.fr\/seine-saint-denis-93\/plus-jeune-jaurais-paye-cher-pour-avoir-ca-lextension-du-parc-de-la-courneuve-seduit-deja-19-05-2025-JF33VTZ2N5G67HPVNZROR2AOKI.php\" target=\"_blank\" rel=\"noreferrer nofollow noopener\">au parc Georges-Valbon<\/a> de <a href=\"https:\/\/www.leparisien.fr\/seine-saint-denis-93\/la-courneuve-93120\/\" target=\"_blank\" rel=\"noreferrer nofollow noopener\">La Courneuve<\/a> (Seine-Saint-Denis). <a href=\"https:\/\/www.leparisien.fr\/seine-saint-denis-93\/tiakola-en-concert-gratuit-dans-le-parc-de-la-courneuve-le-26-juillet-pour-le-premier-anniversaire-de-paris-2024-08-07-2025-CZ32MCJ7ZRGRRO7E2IGZJFCEYU.php\" target=\"_blank\" rel=\"noreferrer nofollow noopener\">Le rappeur Tiakola est attendu ce 26 juillet<\/a> pour clore la journ\u00e9e de festivit\u00e9s organis\u00e9e par le D\u00e9partement pour c\u00e9l\u00e9brer la premi\u00e8re bougie de <a href=\"https:\/\/www.leparisien.fr\/jo-paris-2024\/direct-ceremonie-douverture-des-jo-de-paris-2024-suivez-le-spectacle-sur-la-seine-toute-la-soiree-26-07-2024-TPDJV7IJLRF3NKOE6WHLI35A6U.php\" target=\"_blank\" rel=\"noreferrer nofollow noopener\">la c\u00e9r\u00e9monie d\u2019ouverture de Paris 2024<\/a>.<\/p>\n<p class=\"paragraph text_align_left lp-f-body-02\">Le concert, gratuit et sans r\u00e9servation, se d\u00e9roulera dans le cadre de la derni\u00e8re journ\u00e9e du \u00ab Bel \u00e9t\u00e9 \u00bb au parc d\u00e9partemental. Et si Kassav\u2019ou DJ Abdel s\u2019y sont produits les samedi pr\u00e9c\u00e9dents, l\u2019affluence promet d\u2019\u00eatre plus grande encore pour le triple disque de platine. En 2025, Tiakola <a href=\"https:\/\/www.leparisien.fr\/culture-loisirs\/musique\/direct-les-flammes-2025-tiakola-aya-nakamura-suivez-la-troisieme-edition-de-la-ceremonie-13-05-2025-TBNIS63CF5BRNO6DRMDQVRGZZA.php\" rel=\"nofollow noopener\" target=\"_blank\">a empoch\u00e9 quatre statuettes lors de la c\u00e9r\u00e9monie des Flammes<\/a>, sorte de Victoires de la musique du rap, du hip-hop et des cultures urbaines, dont celle de l\u2019artiste de l\u2019ann\u00e9e.<\/p>\n<p class=\"paragraph text_align_left lp-f-body-02\">Alors, le D\u00e9partement voit les choses en grand. Ils ont ainsi doubl\u00e9 la jauge pour le concert, passant de 12 000 \u00e0 24 000 places, gr\u00e2ce au concours de la pr\u00e9fecture qui mobilisera des agents pour assurer la s\u00e9curisation des abords de l\u2019\u00e9v\u00e8nement. Le nombre d\u2019agents de s\u00e9curit\u00e9 priv\u00e9s qui encadrent les \u00e9v\u00e8nements du Bel \u00e9t\u00e9 a \u00e9galement \u00e9t\u00e9 renforc\u00e9. La Seine-Saint-Denis conseille au public \u00ab d\u2019arriver le plus t\u00f4t possible \u00bb pour s\u2019assurer d\u2019avoir une place et passer sereinement les contr\u00f4les de s\u00e9curit\u00e9.<\/p>\n<p>De nouveaux anneaux d\u00e9voil\u00e9s<\/p>\n<p class=\"paragraph text_align_left lp-f-body-02\">Par ailleurs, pour fluidifier l\u2019\u00e9vacuation de la foule, la RATP met elle aussi la main \u00e0 la p\u00e2te en renfor\u00e7ant et prolongeant les lignes de bus 249 et 250 qui permettent d\u2019acc\u00e9der aux RER B et E et aux m\u00e9tros 5 et 7.<\/p>\n<p class=\"paragraph text_align_left lp-f-body-02\">Il faut dire que le natif de Bondy (Seine-Saint-Denis) a pour habitude de d\u00e9placer les foules. En mars dernier, <a href=\"https:\/\/www.leparisien.fr\/culture-loisirs\/musique\/bluffant-incroyable-le-rappeur-tiakola-enflamme-laccor-arena-avec-un-concert-de-pres-de-3-heures-27-03-2025-SR3JHU2DW5GGPPJLZ5WDPE2HIE.php\" target=\"_blank\" rel=\"noreferrer nofollow noopener\">il s\u2019est produit deux fois \u00e0 guichets ferm\u00e9s \u00e0 l\u2019Accor Arena<\/a> (Paris XIIe). Les places s\u2019\u00e9taient vendues en quelques secondes.<\/p>\n<p class=\"paragraph text_align_left lp-f-body-02\">Avant son show, le D\u00e9partement de la Seine-Saint-Denis pr\u00e9voit de c\u00e9l\u00e9brer en fanfare le premier anniversaire de Paris 2024. Et contrairement au 26 juillet dernier, le soleil devrait \u00eatre de la partie. Au programme notamment, le d\u00e9voilement des anneaux olympiques sur la plage du parc Georges-Valbon en pr\u00e9sence de la ministre des Sports, Marie Barsacq, et de la pr\u00e9sidente du CIO, Kirsty Coventry. Son pr\u00e9d\u00e9cesseur Thomas Bach, qui officiait encore lors de Paris 2024, devrait aussi \u00eatre du voyage.<\/p>\n<p class=\"paragraph text_align_left lp-f-body-02\">Tout au long de l\u2019apr\u00e8s-midi, des animations sportives et culturelles devraient rythmer les heures qui pr\u00e9c\u00e9deront le show du rappeur. Qui se conclura par \u00ab un grand feu d\u2019artifice \u00bb, promet le conseil d\u00e9partemental.<\/p>\n","protected":false},"excerpt":{"rendered":"L\u2019enfant des 4 000 va pouvoir faire danser un maximum de monde samedi soir au parc Georges-Valbon de&hellip;\n","protected":false},"author":2,"featured_media":270975,"comment_status":"","ping_status":"","sticky":false,"template":"","format":"standard","meta":{"footnotes":""},"categories":[1888],"tags":[11,1777,674,1011,27,1944,12,626,25,1945],"class_list":{"0":"post-270974","1":"post","2":"type-post","3":"status-publish","4":"format-standard","5":"has-post-thumbnail","7":"category-paris","8":"tag-actualites","9":"tag-eu","10":"tag-europe","11":"tag-fr","12":"tag-france","13":"tag-ma-ville","14":"tag-news","15":"tag-paris","16":"tag-republique-francaise","17":"tag-seine-saint-denis"},"share_on_mastodon":{"url":"https:\/\/pubeurope.com\/@fr\/114909460981861196","error":""},"_links":{"self":[{"href":"https:\/\/www.europesays.com\/fr\/wp-json\/wp\/v2\/posts\/270974","targetHints":{"allow":["GET"]}}],"collection":[{"href":"https:\/\/www.europesays.com\/fr\/wp-json\/wp\/v2\/posts"}],"about":[{"href":"https:\/\/www.europesays.com\/fr\/wp-json\/wp\/v2\/types\/post"}],"author":[{"embeddable":true,"href":"https:\/\/www.europesays.com\/fr\/wp-json\/wp\/v2\/users\/2"}],"replies":[{"embeddable":true,"href":"https:\/\/www.europesays.com\/fr\/wp-json\/wp\/v2\/comments?post=270974"}],"version-history":[{"count":0,"href":"https:\/\/www.europesays.com\/fr\/wp-json\/wp\/v2\/posts\/270974\/revisions"}],"wp:featuredmedia":[{"embeddable":true,"href":"https:\/\/www.europesays.com\/fr\/wp-json\/wp\/v2\/media\/270975"}],"wp:attachment":[{"href":"https:\/\/www.europesays.com\/fr\/wp-json\/wp\/v2\/media?parent=270974"}],"wp:term":[{"taxonomy":"category","embeddable":true,"href":"https:\/\/www.europesays.com\/fr\/wp-json\/wp\/v2\/categories?post=270974"},{"taxonomy":"post_tag","embeddable":true,"href":"https:\/\/www.europesays.com\/fr\/wp-json\/wp\/v2\/tags?post=270974"}],"curies":[{"name":"wp","href":"https:\/\/api.w.org\/{rel}","templated":true}]}}